{"id":32298,"date":"2021-03-29T14:34:53","date_gmt":"2021-03-29T17:34:53","guid":{"rendered":"http:\/\/caballitotequiero.com.ar\/portal\/?p=32298"},"modified":"2021-03-29T14:35:24","modified_gmt":"2021-03-29T17:35:24","slug":"dos-detenidos-al-intentar-robar-un-quiosco-en-caballito","status":"publish","type":"post","link":"http:\/\/caballitotequiero.com.ar\/portal\/2021\/03\/29\/dos-detenidos-al-intentar-robar-un-quiosco-en-caballito\/","title":{"rendered":"DOS DETENIDOS AL INTENTAR ROBAR UN QUIOSCO EN LA CALLE GUAYAQUIL"},"content":{"rendered":"<p>El hecho sucedi\u00f3 en horas de la madrugada cuando efectivos de la Comisar\u00eda Vecinal 6B de la\u00a0<b>Polic\u00eda de la Ciudad,<\/b>\u00a0que recorr\u00edan preventivamente la zona, arribaron al comercio\u00a0a partir de datos aportados por un transe\u00fante que observ\u00f3 el momento en el que dos ladrones intentaban violentar la puerta de un kiosco sobre la calle Guayaquil con fines de robo.<\/p>\n<p>Con la descripci\u00f3n de los delincuentes se inici\u00f3 a un operativo rastrillaje en la zona que dio resultado positivo al identificar a las dos personas cuando, en su plan de fuga, caminaban por la calle Rosario al 700.<\/p>\n<p>Con la presencia de testigos se practic\u00f3 una requisa sobre la pertenencias de los dos sujetos, quienes llevaban dentro de una mochila, un corta pernos, una llave francesa, tres destornilladores y dem\u00e1s herramientas que guardaban dentro de una bolsa y que fueron utilizadas para forzar el ingreso al comercio. Adem\u00e1s, ten\u00edan en su poder los tres candados violentados que pertenec\u00edan al local.<\/p>\n<p>Las dos personas fueron trasladadas a la comisar\u00eda correspondiente y en la causa interviene la Fiscal\u00eda\u00a0Nacional en lo Criminal y Correccional N\u00b0 21, a cargo del Dr. Carlos Vasser, que aplic\u00f3 el tr\u00e1mite de flagrancia a la causa caratulada como tentativa de robo.<\/p>\n<p><a href=\"http:\/\/caballitotequiero.com.ar\/portal\/wp-content\/uploads\/2021\/03\/robo-quiosco-1.jpg\" rel=\"attachment wp-att-32299\"><img loading=\"lazy\" decoding=\"async\" class=\"aligncenter size-full wp-image-32299\" src=\"http:\/\/caballitotequiero.com.ar\/portal\/wp-content\/uploads\/2021\/03\/robo-quiosco-1.jpg\" alt=\"\" width=\"500\" height=\"591\" srcset=\"http:\/\/caballitotequiero.com.ar\/portal\/wp-content\/uploads\/2021\/03\/robo-quiosco-1.jpg 500w, http:\/\/caballitotequiero.com.ar\/portal\/wp-content\/uploads\/2021\/03\/robo-quiosco-1-254x300.jpg 254w, http:\/\/caballitotequiero.com.ar\/portal\/wp-content\/uploads\/2021\/03\/robo-quiosco-1-450x532.jpg 450w\" sizes=\"auto, (max-width: 500px) 100vw, 500px\" \/><\/a> <a href=\"http:\/\/caballitotequiero.com.ar\/portal\/wp-content\/uploads\/2021\/03\/robo-quiosco-2.jpg\" rel=\"attachment wp-att-32300\"><img loading=\"lazy\" decoding=\"async\" class=\"aligncenter size-full wp-image-32300\" src=\"http:\/\/caballitotequiero.com.ar\/portal\/wp-content\/uploads\/2021\/03\/robo-quiosco-2.jpg\" alt=\"\" width=\"500\" height=\"375\" srcset=\"http:\/\/caballitotequiero.com.ar\/portal\/wp-content\/uploads\/2021\/03\/robo-quiosco-2.jpg 500w, http:\/\/caballitotequiero.com.ar\/portal\/wp-content\/uploads\/2021\/03\/robo-quiosco-2-300x225.jpg 300w, http:\/\/caballitotequiero.com.ar\/portal\/wp-content\/uploads\/2021\/03\/robo-quiosco-2-450x338.jpg 450w\" sizes=\"auto, (max-width: 500px) 100vw, 500px\" \/><\/a><\/p>\n","protected":false},"excerpt":{"rendered":"<p>El hecho sucedi\u00f3 en horas de la madrugada cuando efectivos de la Comisar\u00eda Vecinal 6B de la\u00a0Polic\u00eda de la Ciudad,\u00a0que recorr\u00edan preventivamente la zona, arribaron al comercio\u00a0a partir de datos aportados por un transe\u00fante que observ\u00f3 el momento en el que dos ladrones intentaban violentar la puerta de un kiosco sobre la calle Guayaquil con [&hellip;]<\/p>\n","protected":false},"author":1,"featured_media":32299,"comment_status":"open","ping_status":"open","sticky":false,"template":"","format":"standard","meta":{"footnotes":""},"categories":[5],"tags":[],"class_list":["post-32298","post","type-post","status-publish","format-standard","has-post-thumbnail","hentry","category-noticias"],"_links":{"self":[{"href":"http:\/\/caballitotequiero.com.ar\/portal\/wp-json\/wp\/v2\/posts\/32298","targetHints":{"allow":["GET"]}}],"collection":[{"href":"http:\/\/caballitotequiero.com.ar\/portal\/wp-json\/wp\/v2\/posts"}],"about":[{"href":"http:\/\/caballitotequiero.com.ar\/portal\/wp-json\/wp\/v2\/types\/post"}],"author":[{"embeddable":true,"href":"http:\/\/caballitotequiero.com.ar\/portal\/wp-json\/wp\/v2\/users\/1"}],"replies":[{"embeddable":true,"href":"http:\/\/caballitotequiero.com.ar\/portal\/wp-json\/wp\/v2\/comments?post=32298"}],"version-history":[{"count":2,"href":"http:\/\/caballitotequiero.com.ar\/portal\/wp-json\/wp\/v2\/posts\/32298\/revisions"}],"predecessor-version":[{"id":32302,"href":"http:\/\/caballitotequiero.com.ar\/portal\/wp-json\/wp\/v2\/posts\/32298\/revisions\/32302"}],"wp:featuredmedia":[{"embeddable":true,"href":"http:\/\/caballitotequiero.com.ar\/portal\/wp-json\/wp\/v2\/media\/32299"}],"wp:attachment":[{"href":"http:\/\/caballitotequiero.com.ar\/portal\/wp-json\/wp\/v2\/media?parent=32298"}],"wp:term":[{"taxonomy":"category","embeddable":true,"href":"http:\/\/caballitotequiero.com.ar\/portal\/wp-json\/wp\/v2\/categories?post=32298"},{"taxonomy":"post_tag","embeddable":true,"href":"http:\/\/caballitotequiero.com.ar\/portal\/wp-json\/wp\/v2\/tags?post=32298"}],"curies":[{"name":"wp","href":"https:\/\/api.w.org\/{rel}","templated":true}]}}