{"id":32322,"date":"2021-04-07T10:14:02","date_gmt":"2021-04-07T13:14:02","guid":{"rendered":"http:\/\/caballitotequiero.com.ar\/portal\/?p=32322"},"modified":"2021-04-09T10:19:47","modified_gmt":"2021-04-09T13:19:47","slug":"nuevas-medidas-de-aislamiento","status":"publish","type":"post","link":"http:\/\/caballitotequiero.com.ar\/portal\/2021\/04\/07\/nuevas-medidas-de-aislamiento\/","title":{"rendered":"NUEVAS MEDIDAS DE AISLAMIENTO"},"content":{"rendered":"<p>El presidente anunci\u00f3 nuevas medidas de aislamiento que regir\u00e1n a partir del viernes 9 de abril:<\/p>\n<p>&#8211; Se suspenden para todo el pa\u00eds los viajes grupales de Egresados y Egresadas, de Estudio y de Grupos Tur\u00edsticos.<\/p>\n<p>&#8211; En las zonas del pa\u00eds consideradas de mediano riesgo epidemiol\u00f3gico y sanitario es facultad y responsabilidad de gobernadores y gobernadoras adoptar en forma temprana medidas que disminuyan la circulaci\u00f3n para prevenir los contagios. Ello es as\u00ed, pues es del resorte exclusivo de las provincias el monitorear y hacer cumplir cualquier medida restrictiva de la circulaci\u00f3n.<\/p>\n<p>&#8211; En las zonas del pa\u00eds donde hay mayor riesgo epidemiol\u00f3gico y sanitario, se tomar\u00e1n adem\u00e1s las siguientes medidas.<\/p>\n<p>a. Se suspenden actividades sociales en domicilios particulares.<\/p>\n<p>b. Se suspenden reuniones sociales en espacios p\u00fablicos al aire libre de m\u00e1s de 20 personas.<\/p>\n<p>c. Se suspenden actividades de Casino, Bingo, Discotecas o cualquier sal\u00f3n de fiestas.<\/p>\n<p>d. Se suspende la pr\u00e1ctica recreativa de cualquier deporte en lugares cerrados donde participen m\u00e1s de 10 personas.<\/p>\n<p>e. Se establece el cierre de los bares y restaurantes a partir de las 23hs.<\/p>\n<p>f. Se proh\u00edbe la circulaci\u00f3n entre las 00.00 y las 06.00 de la ma\u00f1ana de cada d\u00eda. Seg\u00fan las jurisdicciones, las autoridades podr\u00e1n solo ampliar estos horarios en funci\u00f3n de las especificidades de cada lugar.<br \/>\n&#8211; Espec\u00edficamente, en el AMBA s\u00f3lo podr\u00e1n usar el transporte p\u00fablico de pasajeros trabajadores considerados esenciales, toda la comunidad educativa y aquellos que ya fueron expresamente autorizados.<\/p>\n<p>&#8211; Estas medidas de cuidado estar\u00e1n vigentes desde las 0 horas de este viernes 9 de abril hasta el 30 de abril. El Gobierno Nacional evaluar\u00e1 cuidadosamente la correcta implementaci\u00f3n de las medidas.<\/p>\n<p>&nbsp;<\/p>\n<p><a href=\"http:\/\/caballitotequiero.com.ar\/portal\/wp-content\/uploads\/2021\/04\/nuevas-medidas.jpg\" rel=\"attachment wp-att-32323\"><img loading=\"lazy\" decoding=\"async\" class=\"aligncenter size-full wp-image-32323\" src=\"http:\/\/caballitotequiero.com.ar\/portal\/wp-content\/uploads\/2021\/04\/nuevas-medidas.jpg\" alt=\"\" width=\"600\" height=\"381\" srcset=\"http:\/\/caballitotequiero.com.ar\/portal\/wp-content\/uploads\/2021\/04\/nuevas-medidas.jpg 600w, http:\/\/caballitotequiero.com.ar\/portal\/wp-content\/uploads\/2021\/04\/nuevas-medidas-300x191.jpg 300w, http:\/\/caballitotequiero.com.ar\/portal\/wp-content\/uploads\/2021\/04\/nuevas-medidas-450x286.jpg 450w\" sizes=\"auto, (max-width: 600px) 100vw, 600px\" \/><\/a><br \/>\nFRASES TEXTUALES DEL PRESIDENTE:<\/p>\n<p>\u201cNo me gusta que se haga pol\u00edtica con la pandemia\u201d<\/p>\n<p>\u201cS\u00f3lo en los \u00faltimos 7 d\u00edas los casos aumentaron un 36% en todo el pa\u00eds y un 53% en el AMBA\u201d.<\/p>\n<p>\u201cLa Argentina ha entrado en la segunda ola\u201d.<\/p>\n<p>\u201cEn estos meses queremos cuidar la salud, cuidar la recuperaci\u00f3n econ\u00f3mica y cuidar todo lo que sea posible la presencialidad en las escuelas\u201d.<\/p>\n<p>\u201cHemos adoptado diversas medidas que regir\u00e1n para todo el pa\u00eds y otras m\u00e1s espec\u00edficas que alcanzaran a zonas con mediano y alto riesgo epidemiol\u00f3gico y sanitario\u201d.<\/p>\n<p>\u201cComo Presidente de la Naci\u00f3n tengo la responsabilidad pol\u00edtica de tomar las riendas y seguir conduciendo al pa\u00eds. Pero en estas circunstancias prima mi condici\u00f3n humana que me obliga a cuidar la vida y la salud antes que nada\u201d.<\/p>\n<p>\u201cComo ya saben, me ha tocado atravesar personalmente una experiencia que muestra cu\u00e1n importante es la vacuna\u201d<\/p>\n<p>\u201cUnidos y unidas, redoblaremos los cuidados y la vacunaci\u00f3n en los pr\u00f3ximos meses\u201d.<\/p>\n","protected":false},"excerpt":{"rendered":"<p>El presidente anunci\u00f3 nuevas medidas de aislamiento que regir\u00e1n a partir del viernes 9 de abril: &#8211; Se suspenden para todo el pa\u00eds los viajes grupales de Egresados y Egresadas, de Estudio y de Grupos Tur\u00edsticos. &#8211; En las zonas del pa\u00eds consideradas de mediano riesgo epidemiol\u00f3gico y sanitario es facultad y responsabilidad de gobernadores [&hellip;]<\/p>\n","protected":false},"author":1,"featured_media":32323,"comment_status":"open","ping_status":"open","sticky":false,"template":"","format":"standard","meta":{"footnotes":""},"categories":[5],"tags":[],"class_list":["post-32322","post","type-post","status-publish","format-standard","has-post-thumbnail","hentry","category-noticias"],"_links":{"self":[{"href":"http:\/\/caballitotequiero.com.ar\/portal\/wp-json\/wp\/v2\/posts\/32322","targetHints":{"allow":["GET"]}}],"collection":[{"href":"http:\/\/caballitotequiero.com.ar\/portal\/wp-json\/wp\/v2\/posts"}],"about":[{"href":"http:\/\/caballitotequiero.com.ar\/portal\/wp-json\/wp\/v2\/types\/post"}],"author":[{"embeddable":true,"href":"http:\/\/caballitotequiero.com.ar\/portal\/wp-json\/wp\/v2\/users\/1"}],"replies":[{"embeddable":true,"href":"http:\/\/caballitotequiero.com.ar\/portal\/wp-json\/wp\/v2\/comments?post=32322"}],"version-history":[{"count":1,"href":"http:\/\/caballitotequiero.com.ar\/portal\/wp-json\/wp\/v2\/posts\/32322\/revisions"}],"predecessor-version":[{"id":32324,"href":"http:\/\/caballitotequiero.com.ar\/portal\/wp-json\/wp\/v2\/posts\/32322\/revisions\/32324"}],"wp:featuredmedia":[{"embeddable":true,"href":"http:\/\/caballitotequiero.com.ar\/portal\/wp-json\/wp\/v2\/media\/32323"}],"wp:attachment":[{"href":"http:\/\/caballitotequiero.com.ar\/portal\/wp-json\/wp\/v2\/media?parent=32322"}],"wp:term":[{"taxonomy":"category","embeddable":true,"href":"http:\/\/caballitotequiero.com.ar\/portal\/wp-json\/wp\/v2\/categories?post=32322"},{"taxonomy":"post_tag","embeddable":true,"href":"http:\/\/caballitotequiero.com.ar\/portal\/wp-json\/wp\/v2\/tags?post=32322"}],"curies":[{"name":"wp","href":"https:\/\/api.w.org\/{rel}","templated":true}]}}