{"id":32325,"date":"2021-04-08T18:33:49","date_gmt":"2021-04-08T21:33:49","guid":{"rendered":"http:\/\/caballitotequiero.com.ar\/portal\/?p=32325"},"modified":"2021-04-09T18:43:15","modified_gmt":"2021-04-09T21:43:15","slug":"largas-filas-para-testeos-en-hospitales-portenos","status":"publish","type":"post","link":"http:\/\/caballitotequiero.com.ar\/portal\/2021\/04\/08\/largas-filas-para-testeos-en-hospitales-portenos\/","title":{"rendered":"LARGAS FILAS PARA TESTEOS EN HOSPITALES PORTE\u00d1OS"},"content":{"rendered":"<p>La Ciudad registr\u00f3 en los \u00faltimos d\u00edas largas colas y demoras de hasta cuatro horas para hisoparse. Ante ese panorama y tras reconocer\u00a0una \u00abuna tendencia muy acelerada de los casos\u00bb, el gobierno porte\u00f1o pidi\u00f3 que quienes no tienen s\u00edntomas\u00a0no vayan a testearse a los hospitales p\u00fablicos.<\/p>\n<p><strong>Largas filas de personas que demandan la realizaci\u00f3n del testeo de coronavirus se registraron los \u00faltimos d\u00edas en los hospitales porte\u00f1os<\/strong>\u00a0en medio de la suba de casos.<\/p>\n<p>Tras los feriados de Semana Santa, tanto en la Ciudad como en los partidos del conurbano que integran el \u00c1rea Metropolitana Buenos Aires (AMBA) se observ\u00f3 una gran concurrencia de personas en los centros asistenciales para acceder a la prueba para conocer si se contagiaron Covid-19.<\/p>\n<p>En el caso de la Ciudad, las largas filas se dieron en las Unidades Febriles de Urgencias (UFU), instaladas desde el a\u00f1o pasado para atender a pacientes con s\u00edntomas compatibles con coronavirus, de los hospitales Durand, del barrio de Caballito; el \u00c1lvarez, de Flores; el Zubizarreta, de Villa Devoto, el Pedro Elizalde, de Constituci\u00f3n; el Rivadavia, de Recoleta; el Pirovano, de Coghlan, y el Santojanni, de Liniers.<\/p>\n<p><strong>\u00abLlegamos a las 9 porque tuvimos contacto estrecho con mi mam\u00e1 y mi hermana que son coronavirus positivo. Por ahora no tenemos s\u00edntomas, pero para descartar porque ya pasaron siete d\u00edas\u00bb<\/strong>, cont\u00f3 Mar\u00eda que aguardaba su turno para ingresar al hospital Durand.<\/p>\n<p><strong>\u00abEstoy hace m\u00e1s de dos horas y me parece que hay un gran d\u00e9ficit en la atenci\u00f3n porque no hay ba\u00f1os higi\u00e9nicos, tampoco nos ofrecieron ni un vaso de agua y la fila va muy lenta\u00bb<\/strong>, dijo, por su parte, un joven que se identific\u00f3 como Amilcar.<\/p>\n<p>Rodrigo, otro joven que esperaba en la fila, indic\u00f3 que estaba \u00abcon dolor de garganta\u00bb y se sent\u00eda \u00abun poco engripado\u00bb; mientras que Federico se\u00f1al\u00f3 que estaba \u00abcon s\u00edntomas compatibles con coronavirus\u00bb y que tuvo \u00abdos d\u00edas fiebre\u00bb, por lo que concurri\u00f3 al centro asistencial a realizarse el testeo.<\/p>\n<p>\u00abEmpec\u00e9 a hacer la fila hace una hora y media, vine por un posible contacto estrecho y quiero estar tranquilo porque puedo ser asintom\u00e1tico\u00bb, manifest\u00f3 Diego, quien ya ten\u00eda en sus manos un frasco entregado por personal m\u00e9dico para la realizaci\u00f3n de la prueba de saliva.<\/p>\n<p>Ante tales situaciones, el ministro de Salud porte\u00f1o, Fern\u00e1n Quir\u00f3s, debi\u00f3 pedir a las personas que no presentan s\u00edntomas de coronavirus pero quieren realizarse un testeo no asistir a los hospitales p\u00fablicos y por eso anunci\u00f3 que quedar\u00e1n abiertos para la \u00abpoblaci\u00f3n en general\u00bb los centros de Costa Salguero y La Rural.<\/p>\n<p><strong>\u00abLas UFU no son para un alto volumen de testeo r\u00e1pido, sino para las personas que se sientan mal.<\/strong>\u00a0Estamos eligiendo mal donde ir a hacer el testeo\u00bb, dijo el funcionario y agreg\u00f3 que \u00abest\u00e1n esperando tres o cuatro horas innecesariamente\u00bb.<\/p>\n<p><a href=\"http:\/\/caballitotequiero.com.ar\/portal\/wp-content\/uploads\/2021\/04\/filas-hospitales.jpg\" rel=\"attachment wp-att-32326\"><img loading=\"lazy\" decoding=\"async\" class=\"aligncenter size-full wp-image-32326\" src=\"http:\/\/caballitotequiero.com.ar\/portal\/wp-content\/uploads\/2021\/04\/filas-hospitales.jpg\" alt=\"\" width=\"500\" height=\"281\" srcset=\"http:\/\/caballitotequiero.com.ar\/portal\/wp-content\/uploads\/2021\/04\/filas-hospitales.jpg 500w, http:\/\/caballitotequiero.com.ar\/portal\/wp-content\/uploads\/2021\/04\/filas-hospitales-300x169.jpg 300w, http:\/\/caballitotequiero.com.ar\/portal\/wp-content\/uploads\/2021\/04\/filas-hospitales-450x253.jpg 450w\" sizes=\"auto, (max-width: 500px) 100vw, 500px\" \/><\/a><\/p>\n","protected":false},"excerpt":{"rendered":"<p>La Ciudad registr\u00f3 en los \u00faltimos d\u00edas largas colas y demoras de hasta cuatro horas para hisoparse. Ante ese panorama y tras reconocer\u00a0una \u00abuna tendencia muy acelerada de los casos\u00bb, el gobierno porte\u00f1o pidi\u00f3 que quienes no tienen s\u00edntomas\u00a0no vayan a testearse a los hospitales p\u00fablicos. Largas filas de personas que demandan la realizaci\u00f3n del [&hellip;]<\/p>\n","protected":false},"author":1,"featured_media":32326,"comment_status":"open","ping_status":"open","sticky":false,"template":"","format":"standard","meta":{"footnotes":""},"categories":[5],"tags":[],"class_list":["post-32325","post","type-post","status-publish","format-standard","has-post-thumbnail","hentry","category-noticias"],"_links":{"self":[{"href":"http:\/\/caballitotequiero.com.ar\/portal\/wp-json\/wp\/v2\/posts\/32325","targetHints":{"allow":["GET"]}}],"collection":[{"href":"http:\/\/caballitotequiero.com.ar\/portal\/wp-json\/wp\/v2\/posts"}],"about":[{"href":"http:\/\/caballitotequiero.com.ar\/portal\/wp-json\/wp\/v2\/types\/post"}],"author":[{"embeddable":true,"href":"http:\/\/caballitotequiero.com.ar\/portal\/wp-json\/wp\/v2\/users\/1"}],"replies":[{"embeddable":true,"href":"http:\/\/caballitotequiero.com.ar\/portal\/wp-json\/wp\/v2\/comments?post=32325"}],"version-history":[{"count":1,"href":"http:\/\/caballitotequiero.com.ar\/portal\/wp-json\/wp\/v2\/posts\/32325\/revisions"}],"predecessor-version":[{"id":32327,"href":"http:\/\/caballitotequiero.com.ar\/portal\/wp-json\/wp\/v2\/posts\/32325\/revisions\/32327"}],"wp:featuredmedia":[{"embeddable":true,"href":"http:\/\/caballitotequiero.com.ar\/portal\/wp-json\/wp\/v2\/media\/32326"}],"wp:attachment":[{"href":"http:\/\/caballitotequiero.com.ar\/portal\/wp-json\/wp\/v2\/media?parent=32325"}],"wp:term":[{"taxonomy":"category","embeddable":true,"href":"http:\/\/caballitotequiero.com.ar\/portal\/wp-json\/wp\/v2\/categories?post=32325"},{"taxonomy":"post_tag","embeddable":true,"href":"http:\/\/caballitotequiero.com.ar\/portal\/wp-json\/wp\/v2\/tags?post=32325"}],"curies":[{"name":"wp","href":"https:\/\/api.w.org\/{rel}","templated":true}]}}