{"id":32345,"date":"2021-04-11T11:49:09","date_gmt":"2021-04-11T14:49:09","guid":{"rendered":"http:\/\/caballitotequiero.com.ar\/portal\/?p=32345"},"modified":"2021-04-14T11:53:30","modified_gmt":"2021-04-14T14:53:30","slug":"con-un-taller-de-oratoria-amep-inauguro-su-ciclo-de-talleres-de-capacitacion","status":"publish","type":"post","link":"http:\/\/caballitotequiero.com.ar\/portal\/2021\/04\/11\/con-un-taller-de-oratoria-amep-inauguro-su-ciclo-de-talleres-de-capacitacion\/","title":{"rendered":"CON UN TALLER DE ORATORIA AMEP INAUGUR\u00d3 SU CICLO DE TALLERES DE CAPACITACI\u00d3N"},"content":{"rendered":"<p>El s\u00e1bado 10 de abril la Asociaci\u00f3n Metropolitana de Editores Period\u00edsticos (AMEP) llev\u00f3 adelante su primer taller del a\u00f1o. El tema fue \u201cOratoria\u201d y estuvo a cargo de la Locutora Elizabeth Machado.<\/p>\n<p>A lo largo de dos horas y con el apoyo de proyecci\u00f3n de im\u00e1genes, Machado se refiri\u00f3 a la importancia de esta disciplina especialmente para aquellos que se dedican a la comunicaci\u00f3n. De forma sumamente did\u00e1ctica y amena se expusieron tips, consejos y recomendaciones para lograr un buen discurso de persuasi\u00f3n, expresi\u00f3n y argumentaci\u00f3n.<br \/>\nEste taller intensivo fue el primero de varios encuentros programados para el transcurso del a\u00f1o y se realizar\u00e1n en forma mensual y gratuita. Fue dictado en el microcine del Castillo de Sandro, Pav\u00f3n 3939, sitio donde tiene sus estudios Radio Amep.<\/p>\n<div class=\"penci-entry-content entry-content\">\n<p>Al finalizar el encuentro, al que asistieron las autoridades de AMEP, se entregaron Diplomas que certifican la asistencia al taller.<\/p>\n<p><a href=\"http:\/\/caballitotequiero.com.ar\/portal\/wp-content\/uploads\/2021\/04\/amep-oratoria-2.jpg\" rel=\"attachment wp-att-32346\"><img loading=\"lazy\" decoding=\"async\" class=\"aligncenter size-full wp-image-32346\" src=\"http:\/\/caballitotequiero.com.ar\/portal\/wp-content\/uploads\/2021\/04\/amep-oratoria-2.jpg\" alt=\"\" width=\"960\" height=\"720\" srcset=\"http:\/\/caballitotequiero.com.ar\/portal\/wp-content\/uploads\/2021\/04\/amep-oratoria-2.jpg 960w, http:\/\/caballitotequiero.com.ar\/portal\/wp-content\/uploads\/2021\/04\/amep-oratoria-2-300x225.jpg 300w, http:\/\/caballitotequiero.com.ar\/portal\/wp-content\/uploads\/2021\/04\/amep-oratoria-2-768x576.jpg 768w, http:\/\/caballitotequiero.com.ar\/portal\/wp-content\/uploads\/2021\/04\/amep-oratoria-2-705x529.jpg 705w, http:\/\/caballitotequiero.com.ar\/portal\/wp-content\/uploads\/2021\/04\/amep-oratoria-2-450x338.jpg 450w\" sizes=\"auto, (max-width: 960px) 100vw, 960px\" \/><\/a><\/p>\n<\/div>\n","protected":false},"excerpt":{"rendered":"<p>El s\u00e1bado 10 de abril la Asociaci\u00f3n Metropolitana de Editores Period\u00edsticos (AMEP) llev\u00f3 adelante su primer taller del a\u00f1o. El tema fue \u201cOratoria\u201d y estuvo a cargo de la Locutora Elizabeth Machado. A lo largo de dos horas y con el apoyo de proyecci\u00f3n de im\u00e1genes, Machado se refiri\u00f3 a la importancia de esta disciplina [&hellip;]<\/p>\n","protected":false},"author":1,"featured_media":32347,"comment_status":"open","ping_status":"open","sticky":false,"template":"","format":"standard","meta":{"footnotes":""},"categories":[1],"tags":[],"class_list":["post-32345","post","type-post","status-publish","format-standard","has-post-thumbnail","hentry","category-sin-categoria"],"_links":{"self":[{"href":"http:\/\/caballitotequiero.com.ar\/portal\/wp-json\/wp\/v2\/posts\/32345","targetHints":{"allow":["GET"]}}],"collection":[{"href":"http:\/\/caballitotequiero.com.ar\/portal\/wp-json\/wp\/v2\/posts"}],"about":[{"href":"http:\/\/caballitotequiero.com.ar\/portal\/wp-json\/wp\/v2\/types\/post"}],"author":[{"embeddable":true,"href":"http:\/\/caballitotequiero.com.ar\/portal\/wp-json\/wp\/v2\/users\/1"}],"replies":[{"embeddable":true,"href":"http:\/\/caballitotequiero.com.ar\/portal\/wp-json\/wp\/v2\/comments?post=32345"}],"version-history":[{"count":1,"href":"http:\/\/caballitotequiero.com.ar\/portal\/wp-json\/wp\/v2\/posts\/32345\/revisions"}],"predecessor-version":[{"id":32348,"href":"http:\/\/caballitotequiero.com.ar\/portal\/wp-json\/wp\/v2\/posts\/32345\/revisions\/32348"}],"wp:featuredmedia":[{"embeddable":true,"href":"http:\/\/caballitotequiero.com.ar\/portal\/wp-json\/wp\/v2\/media\/32347"}],"wp:attachment":[{"href":"http:\/\/caballitotequiero.com.ar\/portal\/wp-json\/wp\/v2\/media?parent=32345"}],"wp:term":[{"taxonomy":"category","embeddable":true,"href":"http:\/\/caballitotequiero.com.ar\/portal\/wp-json\/wp\/v2\/categories?post=32345"},{"taxonomy":"post_tag","embeddable":true,"href":"http:\/\/caballitotequiero.com.ar\/portal\/wp-json\/wp\/v2\/tags?post=32345"}],"curies":[{"name":"wp","href":"https:\/\/api.w.org\/{rel}","templated":true}]}}