{"id":32352,"date":"2021-04-14T21:54:24","date_gmt":"2021-04-15T00:54:24","guid":{"rendered":"http:\/\/caballitotequiero.com.ar\/portal\/?p=32352"},"modified":"2021-04-14T21:54:24","modified_gmt":"2021-04-15T00:54:24","slug":"anuncio-de-restricciones-del-presidente-fernandez-para-el-amba","status":"publish","type":"post","link":"http:\/\/caballitotequiero.com.ar\/portal\/2021\/04\/14\/anuncio-de-restricciones-del-presidente-fernandez-para-el-amba\/","title":{"rendered":"ANUNCIO DE RESTRICCIONES DEL PRESIDENTE FERN\u00c1NDEZ PARA EL AMBA"},"content":{"rendered":"<p>En el AMBA estamos viviendo la mayor velocidad de aumento de casos desde el inicio de la pandemia. Por lo tanto, es nuestra obligaci\u00f3n tomar medidas adicionales y convocar a la poblaci\u00f3n a un cambio, para lograr que avance el plan de vacunaci\u00f3n y evitar la saturaci\u00f3n del sistema de salud.<\/p>\n<p>\ud83d\udccc El mayor riesgo de transmisi\u00f3n se produce en las actividades sociales y recreativas nocturnas, donde no hay dos metros de distancia, se producen aglomeraciones, se usa escasamente el barbijo y tambi\u00e9n en espacios cerrados sin ventilaci\u00f3n adecuada.<\/p>\n<p>\ud83d\udccc El AMBA constituye un \u00fanico aglomerado urbano, uno de los m\u00e1s poblados de Am\u00e9rica. Tiene una \u00fanica realidad epidemiol\u00f3gica, con un gobernador y un jefe de gobierno, y dos docenas de municipios.<\/p>\n<p>Por todo ello, se decidi\u00f3 para el AMBA desde las 0 horas del d\u00eda viernes 16 de abril:<\/p>\n<p>\u2022 RESTRINGIR LA CIRCULACION NOCTURNA ENTRE LAS 20HS Y LAS 6 DE LA MA\u00d1ANA<\/p>\n<p>\u2022 QUEDAN SUSPENDIDAS LAS ACTIVIDADES RECREATIVAS, SOCIALES, CULTURALES, DEPORTIVAS Y RELIGIOSAS EN LUGARES CERRADOS<\/p>\n<p>\u2022 LAS ACTIVIDADES COMERCIALES CERRARAN A LAS 19HS<\/p>\n<p>\u2022 LAS ACTIVIDADES GASTRONOMICAS FUNCIONARAN EN MODALIDAD DE ENTREGA A DOMICILIO LUEGO DE LAS 19HS<\/p>\n<p>Por otra, parte:<\/p>\n<p>DESDE EL LUNES 19 HASTA EL VIERNES 30 DE ABRIL SE RETORNA A LA MODALIDAD VIRTUAL EN LOS TRES NIVELES EDUCATIVOS<\/p>\n<p>\ud83d\udccc Seguimos negociando y hablando con todos los proveedores de vacunas para cerrar acuerdos y acelerar el acceso a ellas. Este fin de semana estar\u00e1n llegando m\u00e1s vacunas para continuar con el<br \/>\nPlan de Vacunaci\u00f3n.<\/p>\n<p>\ud83d\udccc Al igual que en 2020, el Gobierno nacional trabaja en la reorganizaci\u00f3n del sistema de salud para dar prioridad a la atenci\u00f3n de la enfermedad COVID-19 ante el ascenso de casos de coronavirus en el marco de la segunda ola.<\/p>\n<p>\ud83d\udccc En 2020, las camas UTI pasaron de 8.521 a 12.501, lo que represent\u00f3 un incremento del 47% de la capacidad del sistema para absorber la demanda aumentada de cuidados intensivos ante la pandemia.<\/p>\n<p>\ud83d\udccc Adem\u00e1s, en articulaci\u00f3n con el Ministerio de Obras P\u00fablicas de la Naci\u00f3n, se instalaron 12 hospitales modulares de emergencia y 19 Centros Modulares Sanitarios, en lugares estrat\u00e9gicos del pa\u00eds para fortalecer la respuesta sanitaria.<\/p>\n<p>\ud83d\udccc M\u00e1s de 5 millones de personas ya recibieron la primera dosis en el marco del plan de vacunaci\u00f3n que lleva adelante el Gobierno nacional para combatir el COVID-19.<\/p>\n<p>\ud83d\udccc En tanto, las inoculaciones suman en total 5.874.864, contando aquellas personas que recibieron ambas dosis (767.278).<\/p>\n<p>\ud83d\udccc Las dosis distribuidas desde el comienzo del plan de inmunizaci\u00f3n a todas las jurisdicciones ascienden a 7.248.208.<\/p>\n<p>\ud83d\udccc Argentina lleva vacunados al 95 por ciento de su personal de salud con la primera dosis de vacuna y m\u00e1s del 60 por ciento con esquema completo. En el segmento de adultos mayores, el porcentaje de coberturas es del 64,1 % en personas de 80 a\u00f1os y m\u00e1s; el 58,4 % en personas de entre 70-79 a\u00f1os y el 21,5 % en la franja de 60-69 a\u00f1os.<\/p>\n<p>\ud83d\udccc Ni las provincias ni la Ciudad Aut\u00f3noma de Buenos Aires est\u00e1n legalmente impedidas de comprar vacunas contra el COVID-19.<\/p>\n<p>\ud83d\udccc La Ley de Vacunas Destinadas a Generar Inmunidad contra el COVID-19, votada el 6 de noviembre de 2020, incluso exime del pago de derechos de importaciones y de cualquier otro impuesto a las provincias y a la CABA en caso de que adquieran dosis.<\/p>\n<p>\ud83d\udccc La Ley de Vacunas fue votada tambi\u00e9n por la oposici\u00f3n, que en su gran mayor\u00eda vot\u00f3 a favor.<\/p>\n","protected":false},"excerpt":{"rendered":"<p>En el AMBA estamos viviendo la mayor velocidad de aumento de casos desde el inicio de la pandemia. Por lo tanto, es nuestra obligaci\u00f3n tomar medidas adicionales y convocar a la poblaci\u00f3n a un cambio, para lograr que avance el plan de vacunaci\u00f3n y evitar la saturaci\u00f3n del sistema de salud. \ud83d\udccc El mayor riesgo [&hellip;]<\/p>\n","protected":false},"author":1,"featured_media":32353,"comment_status":"open","ping_status":"open","sticky":false,"template":"","format":"standard","meta":{"footnotes":""},"categories":[5],"tags":[],"class_list":["post-32352","post","type-post","status-publish","format-standard","has-post-thumbnail","hentry","category-noticias"],"_links":{"self":[{"href":"http:\/\/caballitotequiero.com.ar\/portal\/wp-json\/wp\/v2\/posts\/32352","targetHints":{"allow":["GET"]}}],"collection":[{"href":"http:\/\/caballitotequiero.com.ar\/portal\/wp-json\/wp\/v2\/posts"}],"about":[{"href":"http:\/\/caballitotequiero.com.ar\/portal\/wp-json\/wp\/v2\/types\/post"}],"author":[{"embeddable":true,"href":"http:\/\/caballitotequiero.com.ar\/portal\/wp-json\/wp\/v2\/users\/1"}],"replies":[{"embeddable":true,"href":"http:\/\/caballitotequiero.com.ar\/portal\/wp-json\/wp\/v2\/comments?post=32352"}],"version-history":[{"count":1,"href":"http:\/\/caballitotequiero.com.ar\/portal\/wp-json\/wp\/v2\/posts\/32352\/revisions"}],"predecessor-version":[{"id":32354,"href":"http:\/\/caballitotequiero.com.ar\/portal\/wp-json\/wp\/v2\/posts\/32352\/revisions\/32354"}],"wp:featuredmedia":[{"embeddable":true,"href":"http:\/\/caballitotequiero.com.ar\/portal\/wp-json\/wp\/v2\/media\/32353"}],"wp:attachment":[{"href":"http:\/\/caballitotequiero.com.ar\/portal\/wp-json\/wp\/v2\/media?parent=32352"}],"wp:term":[{"taxonomy":"category","embeddable":true,"href":"http:\/\/caballitotequiero.com.ar\/portal\/wp-json\/wp\/v2\/categories?post=32352"},{"taxonomy":"post_tag","embeddable":true,"href":"http:\/\/caballitotequiero.com.ar\/portal\/wp-json\/wp\/v2\/tags?post=32352"}],"curies":[{"name":"wp","href":"https:\/\/api.w.org\/{rel}","templated":true}]}}