{"id":32364,"date":"2021-04-14T11:10:02","date_gmt":"2021-04-14T14:10:02","guid":{"rendered":"http:\/\/caballitotequiero.com.ar\/portal\/?p=32364"},"modified":"2021-05-27T22:26:31","modified_gmt":"2021-05-28T01:26:31","slug":"feria-de-productos-organicos-en-el-parque-rivadavia","status":"publish","type":"post","link":"http:\/\/caballitotequiero.com.ar\/portal\/2021\/04\/14\/feria-de-productos-organicos-en-el-parque-rivadavia\/","title":{"rendered":"FERIA DE PRODUCTOS ORG\u00c1NICOS EN EL PARQUE RIVADAVIA"},"content":{"rendered":"<p>Todos los viernes de 12 a 19 hs. en el Parque Rivadavia puede encontrarse una Feria que ofrece productos naturales, org\u00e1nicos y sustentables, directo del productor local.<\/p>\n<div class=\"gmail_default\">\n<div class=\"gmail_default\">\n<p>Frutas y verduras org\u00e1nicas y agroecol\u00f3gicas, panificados y reposter\u00eda integral, productos de higiene naturales, frutos secos agroecol\u00f3gicos, quesos ahumados y artesanales, comida macrobi\u00f3tica, vegana y saludable,\u00a0es parte de la variada oferta que puede encontrarse.<\/p>\n<p>Hoy m\u00e1s que nunca los peque\u00f1os productores necesitan tu apoyo.<a href=\"http:\/\/caballitotequiero.com.ar\/portal\/wp-content\/uploads\/2021\/04\/feria-viernes-2-web.jpg\" rel=\"attachment wp-att-32365\"><img loading=\"lazy\" decoding=\"async\" class=\"aligncenter size-full wp-image-32365\" src=\"http:\/\/caballitotequiero.com.ar\/portal\/wp-content\/uploads\/2021\/04\/feria-viernes-2-web.jpg\" alt=\"\" width=\"500\" height=\"375\" srcset=\"http:\/\/caballitotequiero.com.ar\/portal\/wp-content\/uploads\/2021\/04\/feria-viernes-2-web.jpg 500w, http:\/\/caballitotequiero.com.ar\/portal\/wp-content\/uploads\/2021\/04\/feria-viernes-2-web-300x225.jpg 300w, http:\/\/caballitotequiero.com.ar\/portal\/wp-content\/uploads\/2021\/04\/feria-viernes-2-web-450x338.jpg 450w\" sizes=\"auto, (max-width: 500px) 100vw, 500px\" \/><\/a> <a href=\"http:\/\/caballitotequiero.com.ar\/portal\/wp-content\/uploads\/2021\/04\/feria-viernes-4-web.jpg\" rel=\"attachment wp-att-32366\"><img loading=\"lazy\" decoding=\"async\" class=\"aligncenter size-full wp-image-32366\" src=\"http:\/\/caballitotequiero.com.ar\/portal\/wp-content\/uploads\/2021\/04\/feria-viernes-4-web.jpg\" alt=\"\" width=\"500\" height=\"375\" srcset=\"http:\/\/caballitotequiero.com.ar\/portal\/wp-content\/uploads\/2021\/04\/feria-viernes-4-web.jpg 500w, http:\/\/caballitotequiero.com.ar\/portal\/wp-content\/uploads\/2021\/04\/feria-viernes-4-web-300x225.jpg 300w, http:\/\/caballitotequiero.com.ar\/portal\/wp-content\/uploads\/2021\/04\/feria-viernes-4-web-450x338.jpg 450w\" sizes=\"auto, (max-width: 500px) 100vw, 500px\" \/><\/a> <a href=\"http:\/\/caballitotequiero.com.ar\/portal\/wp-content\/uploads\/2021\/04\/feria-viernes-6-web.jpg\" rel=\"attachment wp-att-32367\"><img loading=\"lazy\" decoding=\"async\" class=\"aligncenter size-full wp-image-32367\" src=\"http:\/\/caballitotequiero.com.ar\/portal\/wp-content\/uploads\/2021\/04\/feria-viernes-6-web.jpg\" alt=\"\" width=\"500\" height=\"375\" srcset=\"http:\/\/caballitotequiero.com.ar\/portal\/wp-content\/uploads\/2021\/04\/feria-viernes-6-web.jpg 500w, http:\/\/caballitotequiero.com.ar\/portal\/wp-content\/uploads\/2021\/04\/feria-viernes-6-web-300x225.jpg 300w, http:\/\/caballitotequiero.com.ar\/portal\/wp-content\/uploads\/2021\/04\/feria-viernes-6-web-450x338.jpg 450w\" sizes=\"auto, (max-width: 500px) 100vw, 500px\" \/><\/a> <a href=\"http:\/\/caballitotequiero.com.ar\/portal\/wp-content\/uploads\/2021\/04\/feria-viernes-parque-rivadavia-1-web.jpg\" rel=\"attachment wp-att-32368\"><img loading=\"lazy\" decoding=\"async\" class=\"aligncenter size-full wp-image-32368\" src=\"http:\/\/caballitotequiero.com.ar\/portal\/wp-content\/uploads\/2021\/04\/feria-viernes-parque-rivadavia-1-web.jpg\" alt=\"\" width=\"500\" height=\"375\" srcset=\"http:\/\/caballitotequiero.com.ar\/portal\/wp-content\/uploads\/2021\/04\/feria-viernes-parque-rivadavia-1-web.jpg 500w, http:\/\/caballitotequiero.com.ar\/portal\/wp-content\/uploads\/2021\/04\/feria-viernes-parque-rivadavia-1-web-300x225.jpg 300w, http:\/\/caballitotequiero.com.ar\/portal\/wp-content\/uploads\/2021\/04\/feria-viernes-parque-rivadavia-1-web-450x338.jpg 450w\" sizes=\"auto, (max-width: 500px) 100vw, 500px\" \/><\/a><\/p>\n<p>&nbsp;<\/p>\n<\/div>\n<\/div>\n","protected":false},"excerpt":{"rendered":"<p>Todos los viernes de 12 a 19 hs. en el Parque Rivadavia puede encontrarse una Feria que ofrece productos naturales, org\u00e1nicos y sustentables, directo del productor local. Frutas y verduras org\u00e1nicas y agroecol\u00f3gicas, panificados y reposter\u00eda integral, productos de higiene naturales, frutos secos agroecol\u00f3gicos, quesos ahumados y artesanales, comida macrobi\u00f3tica, vegana y saludable,\u00a0es parte de [&hellip;]<\/p>\n","protected":false},"author":1,"featured_media":32366,"comment_status":"open","ping_status":"open","sticky":false,"template":"","format":"standard","meta":{"footnotes":""},"categories":[5],"tags":[],"class_list":["post-32364","post","type-post","status-publish","format-standard","has-post-thumbnail","hentry","category-noticias"],"_links":{"self":[{"href":"http:\/\/caballitotequiero.com.ar\/portal\/wp-json\/wp\/v2\/posts\/32364","targetHints":{"allow":["GET"]}}],"collection":[{"href":"http:\/\/caballitotequiero.com.ar\/portal\/wp-json\/wp\/v2\/posts"}],"about":[{"href":"http:\/\/caballitotequiero.com.ar\/portal\/wp-json\/wp\/v2\/types\/post"}],"author":[{"embeddable":true,"href":"http:\/\/caballitotequiero.com.ar\/portal\/wp-json\/wp\/v2\/users\/1"}],"replies":[{"embeddable":true,"href":"http:\/\/caballitotequiero.com.ar\/portal\/wp-json\/wp\/v2\/comments?post=32364"}],"version-history":[{"count":1,"href":"http:\/\/caballitotequiero.com.ar\/portal\/wp-json\/wp\/v2\/posts\/32364\/revisions"}],"predecessor-version":[{"id":32369,"href":"http:\/\/caballitotequiero.com.ar\/portal\/wp-json\/wp\/v2\/posts\/32364\/revisions\/32369"}],"wp:featuredmedia":[{"embeddable":true,"href":"http:\/\/caballitotequiero.com.ar\/portal\/wp-json\/wp\/v2\/media\/32366"}],"wp:attachment":[{"href":"http:\/\/caballitotequiero.com.ar\/portal\/wp-json\/wp\/v2\/media?parent=32364"}],"wp:term":[{"taxonomy":"category","embeddable":true,"href":"http:\/\/caballitotequiero.com.ar\/portal\/wp-json\/wp\/v2\/categories?post=32364"},{"taxonomy":"post_tag","embeddable":true,"href":"http:\/\/caballitotequiero.com.ar\/portal\/wp-json\/wp\/v2\/tags?post=32364"}],"curies":[{"name":"wp","href":"https:\/\/api.w.org\/{rel}","templated":true}]}}