{"id":3261,"date":"2011-08-19T17:23:54","date_gmt":"2011-08-19T20:23:54","guid":{"rendered":"http:\/\/caballitotequiero.com.ar\/portal\/?p=3261"},"modified":"2011-08-19T18:44:34","modified_gmt":"2011-08-19T21:44:34","slug":"los-medios-barriales-entre-el-ser-y-la-nada","status":"publish","type":"post","link":"http:\/\/caballitotequiero.com.ar\/portal\/2011\/08\/19\/los-medios-barriales-entre-el-ser-y-la-nada\/","title":{"rendered":"LOS MEDIOS BARRIALES: ENTRE EL SER Y LA NADA"},"content":{"rendered":"<p><strong><em>Por An\u00edbal Gotelli. <span style=\"text-decoration: underline;\"> <\/span><\/em><\/strong><strong><em>Presidente del Instituto para Pensar Buenos Aires (IpeBA)<\/em><\/strong><\/p>\n<p><strong><em> <\/em><\/strong><\/p>\n<p>Nadie retrat\u00f3 como Sartre la trascendencia y el verdadero valor de la libertad. Nadie, como Sartre tuvo primero y m\u00e1s en claro esa angustia tan permanente de los seres humanos que nos debatimos  entre el ser y la nada, entre la necesidad de libertad y la angustia de no saber qu\u00e9 hacer con la libertad que conseguimos.<\/p>\n<p>Todos los que me conocen saben que tengo una pasi\u00f3n especial por los Medios Barriales de Comunicaci\u00f3n. Saben, quienes me han le\u00eddo y me han escuchado, que desde hace mucho tiempo se han convertido para mi en una obsesi\u00f3n, fruto \u2013sin dudas- de la profunda convicci\u00f3n que siento acerca de que los Medios Barriales de Comunicaci\u00f3n son para mi el \u00faltimo basti\u00f3n de la libertad de prensa en su estado m\u00e1s puro y verdadero, los \u00fanicos Medios que todav\u00eda informan sin intoxicaci\u00f3n, especulaci\u00f3n o compromiso pol\u00edtico.<\/p>\n<p>Los Medios Barriales son, sin dudas, la fuente de informaci\u00f3n m\u00e1s directa y m\u00e1s desinteresada para cualquier pol\u00edtico, repartici\u00f3n o instituci\u00f3n que quiere saber de primera mano cu\u00e1les son las necesidades, problemas y soluciones necesarias de cualquier ciudad o comunidad.<\/p>\n<p>Pasa el tiempo, y me siento todav\u00eda m\u00e1s convencido.<\/p>\n<p>Y pasa el tiempo, y veo que todav\u00eda no se tiene ni se ha conseguido meter el tema de los Medios Barriales de Comunicaci\u00f3n entre los bienes sociales a defender en cualquier comunidad civilizada y organizada, como as\u00ed tampoco, a pesar de lo que he tratado de hacer, decir y de escribir, no he conseguido ni lo hemos conseguido en conjunto quienes lo hemos intentado, que el tema de los Medios Barriales de Comunicaci\u00f3n se haya introducido a la agenda pol\u00edtica de la Ciudad de Buenos Aires.<\/p>\n<p>Sigo viendo las mismas causas y los mismos vicios que son fundamento de los problemas que todav\u00eda padece este importante sector de nuestra prensa nacional, que es el de los Medios Barriales de Comunicaci\u00f3n.<\/p>\n<p>Veamos qu\u00e9 es lo que sigo viendo:<\/p>\n<p>Primero, no se sigue entendiendo que los Medios Barriales de Comunicaci\u00f3n son la fuente m\u00e1s directa y desinteresada de informaci\u00f3n acerca de los problemas barriales. Al Medio Barrial no le interesan las grandes cuestiones que desvelan a los grande medios de comunicaci\u00f3n nacionales, ni les interesa tirar gobiernos, ni entrar en la guerra medi\u00e1tica contra ning\u00fan gobierno. Ni siquiera les interesa ser una especie de contra-poder  tal como puede suceder con cualquier otro medio de comunicaci\u00f3n masivo y nacional. El Medio de Comunicaci\u00f3n Barrial ve el problema, ve la calle, ve el bache, ve el colegio, ve aquello que no funciona en forma directa y lo plasma en las hojas o web de su publicaci\u00f3n.<\/p>\n<p>Los Medios Barriales de Comunicaci\u00f3n son informaci\u00f3n sin contaminaci\u00f3n.<\/p>\n<p>Segundo, no se sigue entendiendo el volumen que, en conjunto, son todos los ejemplares que publican todos  nuestros Medios Barriales de Comunicaci\u00f3n. En efecto, si sumamos todos los ejemplares, de todos los peri\u00f3dicos que se publican tan s\u00f3lo en la Ciudad de Buenos Aires, nos dar\u00edamos cuenta del alcance masivo que esos medios tienen en nuestra comunidad local. Por lo cual, si nuestros dirigentes entendieran lo importante que es hacer propaganda pol\u00edtica, institucional y hasta gubernamental y pol\u00edtica en nuestros Medios Barriales de Comunicaci\u00f3n, el alcance de sus mensajes llegar\u00eda a mucha m\u00e1s gente de la que ellos mismos pueden llegarse imaginar. Muchos de ellos no lo entienden, quiz\u00e1s por miop\u00eda pol\u00edtica o quiz\u00e1s por ese cholulismo indecente que muchos de ellos sienten al imaginarse publicados en un medio masivo y nacional.<\/p>\n<p>Tercero, no se sigue entendiendo que nuestros Medios de Comunicaci\u00f3n Barrial son de distribuci\u00f3n libre y gratuita y que muchos de los porte\u00f1os que ya no compran ninguno de los diarios nacionales por cuestiones econ\u00f3micas o por descr\u00e9dito social de esos mismos diarios, en cambio s\u00ed todav\u00eda siguen retirando de la panader\u00eda, de la carnicer\u00eda o de cualquier negocio de su barrio un ejemplar del medio barrial de su zona.<\/p>\n<p>Cuarto, los Medios Barriales de Comunicaci\u00f3n no han entrado en la guerra  brutal, descontrolada y sin nivel ni piedad que han declarado algunos medios nacionales de comunicaci\u00f3n tanto al gobierno nacional, como a otros sectores sociales y pol\u00edticos que sienten como enemigos o como obstaculizadores de sus apetencias econ\u00f3micas, pol\u00edticas o informativas.  Todav\u00eda para los Medios Barriales de Comunicaci\u00f3n la verdad no es un bien negociable ni los lectores somos rehenes involuntarios de una guerra que ni por asomo hemos querido.<\/p>\n<p>Quinto, los Medios Barriales de Comunicaci\u00f3n siguen public\u00e1ndose a base de un gran esfuerzo por parte de sus editores y redactores. Muchos son emprendimientos familiares o de peque\u00f1os grupos de amigos o de una sola persona que hace las veces de editor, redactor, comercializador y control de imprenta. Es mucho el esfuerzo en raz\u00f3n de la poca atenci\u00f3n que se les presta, tanto socialmente como pol\u00edticamente.<\/p>\n<p>Los partidos pol\u00edticos, por ejemplo, que muchas veces se han llenado la boca hablando de los Medios Barriales de Comunicaci\u00f3n son los mismos que llegado el momento o llegado al poder no han hecho mucho por ellos, y ni siquiera han publicado un solo aviso pagado o han mejorado la pauta publicitaria oficial en beneficio de nuestros Medios Barriales de Comunicaci\u00f3n.<\/p>\n<p>Sexto, los Medios Barriales de Comunicaci\u00f3n han sufrido los embates de acciones estatales que han tratado de minar su cohesi\u00f3n, su acci\u00f3n mancomunada y su posibilidad de defenderse como sector. La creaci\u00f3n de registros, la fijaci\u00f3n de pautas de evaluaci\u00f3n no siempre regulares y f\u00e1ciles de cumplimentar, han hecho que el sector de nuestros Medios Barriales de Comunicaci\u00f3n haya crecido o se haya mantenido en forma despareja, sumamente asim\u00e9trica. Un subsidio o aporte oficial, es la raz\u00f3n a veces de existencia, subsistencia o desaparici\u00f3n de un medio barrial de comunicaci\u00f3n.<\/p>\n<p>S\u00e9ptimo, los Medios Barriales de Comunicaci\u00f3n est\u00e1n redactados y est\u00e1n dirigidos por periodistas vocacionales, con fuertes convicciones ideol\u00f3gicas. Por lo tanto, no est\u00e1n editados \u2013como sucede con los medios nacionales de comunicaci\u00f3n- por personas que m\u00e1s que periodistas vocacionales, sinceros y libertarios son meros trabajadores de un medio de comunicaci\u00f3n, con los mismos miedos al despido, a la sanci\u00f3n y la p\u00e9rdida salarial de cualquier trabajador de una f\u00e1brica, de un comercio, de un shopping o de un cine.<\/p>\n<p>El periodista barrial es un ser profundamente libre, dif\u00edcil de comprar, dif\u00edcil de convencer de lo que no quiere ser convencido. El periodista barrial es art\u00edfice de su propio destino y es portador y defensor de su propia verdad. \u00bfSer\u00e1 acaso que por ser libres, por ser insobornables, por ser dif\u00edciles de convencer y de comprar parece convenirle a algunos tenerlos al margen de pautas mejores, de condiciones m\u00e1s favorables o de est\u00e1ndares de desarrollo m\u00e1s competitivos?.<\/p>\n<p>Octavo, los Medios Barriales de Comunicaci\u00f3n por su parte deben entender que la uni\u00f3n va a seguir siendo su mayor fuerza. Desunidos corren peligro, porque a los poderosos de turno nunca les convienen los medios de informaci\u00f3n independientes y valientes, los medios que tienen un contacto directo, inmediato y confiable entre la letra y el lector. Muchos de los que hemos perdido confianza en muchos de nuestros medios nacionales de comunicaci\u00f3n, todav\u00eda creemos en la imparcialidad, en la necesidad y en la solvencia intelectual e ideol\u00f3gica de nuestros Medios Barriales de Comunicaci\u00f3n.<\/p>\n<p>Noveno, los porte\u00f1os por nuestro lado, todos los porte\u00f1os sin distinci\u00f3n de partido, clase social, ideolog\u00eda o cualquier otra divisi\u00f3n circunstancial, debemos comprender que los Medios Barriales de Comunicaci\u00f3n no son solo nuestro m\u00e1s confiable e inmediato canal de informaci\u00f3n sobre lo que sucede en nuestra comunidad, sino adem\u00e1s, que son la fuente m\u00e1s directa de denuncia, de se\u00f1alamiento o de llamado de atenci\u00f3n en niveles superiores de lo que necesita nuestro sector, nuestro barrio o nuestra comunidad.<\/p>\n<p>Y d\u00e9cimo, aunque no en \u00faltimo lugar, todos, absolutamente todos, debemos entender que nos encontramos en un punto de inflexi\u00f3n, en un innegable punto de no retorno, para que nuestros Medios Barriales de Comunicaci\u00f3n sigan \u201csiendo\u201d nuestro canal m\u00e1s confiable de comunicaci\u00f3n porte\u00f1a o lleguen a ser la \u201cnada\u201d que muchos dirigentes, muchos pol\u00edticos, muchos funcionarios y muchos medios nacionales de comunicaci\u00f3n quieren que sean.<\/p>\n<p>Los Medios Barriales de Comunicaci\u00f3n son los m\u00e1s importantes fiscales informativos de los abusos, la inactividad o las medidas inadecuadas que adoptan los gobiernos, cualquier gobierno,  todos los gobiernos. La fiscalizaci\u00f3n informativa, es uno de los pilares fundamentales de la Fiscalizaci\u00f3n Ciudadana que tanto pregona y lleva adelante nuestro Instituto, el Instituto para Pensar Buenos Aires (IpeBA). Soy un convencido de que la fortaleza de nuestros Medios Barriales de Comunicaci\u00f3n nos har\u00e1 m\u00e1s fuertes como sociedad, como comunidad y como Ciudad.<\/p>\n<p>Los que estamos convencidos de que nuestro sistema pol\u00edtico debe ser, de una vez por todas, representativo, republicano y municipal, no concebimos una Ciudad desarrollada sin una Prensa Barrial fuerte y desarrollada.<\/p>\n<div id=\"attachment_3266\" style=\"width: 520px\" class=\"wp-caption alignleft\"><img loading=\"lazy\" decoding=\"async\" aria-describedby=\"caption-attachment-3266\" class=\"size-full wp-image-3266\" title=\"anibal gotelli\" src=\"http:\/\/caballitotequiero.com.ar\/portal\/wp-content\/uploads\/2011\/08\/anibal-gotelli2.jpg\" alt=\"\" width=\"510\" height=\"421\" srcset=\"http:\/\/caballitotequiero.com.ar\/portal\/wp-content\/uploads\/2011\/08\/anibal-gotelli2.jpg 510w, http:\/\/caballitotequiero.com.ar\/portal\/wp-content\/uploads\/2011\/08\/anibal-gotelli2-300x247.jpg 300w\" sizes=\"auto, (max-width: 510px) 100vw, 510px\" \/><p id=\"caption-attachment-3266\" class=\"wp-caption-text\">An\u00edbal Gotelli, presidente de IpeBA, Instituto para pensar Buenos Aires<\/p><\/div>\n","protected":false},"excerpt":{"rendered":"<p>Por An\u00edbal Gotelli. Presidente del Instituto para Pensar Buenos Aires (IpeBA) Nadie retrat\u00f3 como Sartre la trascendencia y el verdadero valor de la libertad. Nadie, como Sartre tuvo primero y m\u00e1s en claro esa angustia tan permanente de los seres humanos que nos debatimos entre el ser y la nada, entre la necesidad de libertad [&hellip;]<\/p>\n","protected":false},"author":1,"featured_media":3263,"comment_status":"open","ping_status":"open","sticky":false,"template":"","format":"standard","meta":{"footnotes":""},"categories":[5],"tags":[],"class_list":["post-3261","post","type-post","status-publish","format-standard","has-post-thumbnail","hentry","category-noticias"],"_links":{"self":[{"href":"http:\/\/caballitotequiero.com.ar\/portal\/wp-json\/wp\/v2\/posts\/3261","targetHints":{"allow":["GET"]}}],"collection":[{"href":"http:\/\/caballitotequiero.com.ar\/portal\/wp-json\/wp\/v2\/posts"}],"about":[{"href":"http:\/\/caballitotequiero.com.ar\/portal\/wp-json\/wp\/v2\/types\/post"}],"author":[{"embeddable":true,"href":"http:\/\/caballitotequiero.com.ar\/portal\/wp-json\/wp\/v2\/users\/1"}],"replies":[{"embeddable":true,"href":"http:\/\/caballitotequiero.com.ar\/portal\/wp-json\/wp\/v2\/comments?post=3261"}],"version-history":[{"count":4,"href":"http:\/\/caballitotequiero.com.ar\/portal\/wp-json\/wp\/v2\/posts\/3261\/revisions"}],"predecessor-version":[{"id":3268,"href":"http:\/\/caballitotequiero.com.ar\/portal\/wp-json\/wp\/v2\/posts\/3261\/revisions\/3268"}],"wp:featuredmedia":[{"embeddable":true,"href":"http:\/\/caballitotequiero.com.ar\/portal\/wp-json\/wp\/v2\/media\/3263"}],"wp:attachment":[{"href":"http:\/\/caballitotequiero.com.ar\/portal\/wp-json\/wp\/v2\/media?parent=3261"}],"wp:term":[{"taxonomy":"category","embeddable":true,"href":"http:\/\/caballitotequiero.com.ar\/portal\/wp-json\/wp\/v2\/categories?post=3261"},{"taxonomy":"post_tag","embeddable":true,"href":"http:\/\/caballitotequiero.com.ar\/portal\/wp-json\/wp\/v2\/tags?post=3261"}],"curies":[{"name":"wp","href":"https:\/\/api.w.org\/{rel}","templated":true}]}}