{"id":32774,"date":"2021-07-05T22:35:41","date_gmt":"2021-07-06T01:35:41","guid":{"rendered":"http:\/\/caballitotequiero.com.ar\/portal\/?p=32774"},"modified":"2021-07-05T22:35:41","modified_gmt":"2021-07-06T01:35:41","slug":"salvador-costanzo-se-fue-un-grande","status":"publish","type":"post","link":"http:\/\/caballitotequiero.com.ar\/portal\/2021\/07\/05\/salvador-costanzo-se-fue-un-grande\/","title":{"rendered":"SALVADOR COSTANZO, SE FUE UN GRANDE"},"content":{"rendered":"<p>Naci\u00f3 el 2 de febrero de 1940 en Buenos Aires, Argentina. Estudi\u00f3 arte en la Escuela Prilidiano Pueyrred\u00f3n, donde se le otorg\u00f3 el t\u00edtulo de Profesor Nacional de Pintura. Fue tambi\u00e9n Maestro Nacional de Artes Visuales, otorgado por la Escuela Nacional de Bellas Artes \u201cManuel Belgrano\u201d.<\/p>\n<p>Adem\u00e1s se destac\u00f3 como docente en la C\u00e1tedra Oficio y T\u00e9cnica de las Artes Visuales I a III en el Departamento de Artes Visuales del Instituto Universitario Nacional de Arte (IUNA). Su primera muestra individual fue en el a\u00f1o 1980 en la galer\u00eda del Retiro en Buenos Aires, Argentina. Desde 1983 hasta 1986 realiz\u00f3 muestras en la Galer\u00eda de Arte Imagen.<\/p>\n<p>Muchas de sus obras fueron inspiradas de la m\u00fasica jazz y del blues, y sus t\u00edtulos llevan una referencia a grandes m\u00fasicos de esta corriente musical. En 1996 realiz\u00f3 una muestra en el Museo de Arte Moderno de Buenos Aires y en 1999 en Sao Pablo, Brasil, en la Galer\u00eda Marisa Soibelman.<\/p>\n<p>Ha recibido una gran cantidad de premios, entre ellos en 1980 la 9na menci\u00f3n en el Sal\u00f3n de Artes Pl\u00e1sticas de Buenos Aires, en 1997 menci\u00f3n en el Museo de Artes Pl\u00e1sticas Eduardo S\u00edvori en el XLII Sal\u00f3n Municipal de Artes Pl\u00e1sticas \u201cManuel Belgrano\u201d (Pintura).<\/p>\n<p>Particip\u00f3 en m\u00e1s de 170 salones y exposiciones colectivas. Su obra se encuentra en varios museos de Argentina y en colecciones privadas locales y de Paraguay, Uruguay, Brasil, Italia y Alemania.<\/p>\n<p>Hoy parti\u00f3, se fue de gira, pero siempre estar\u00e1 presente en las calles de Caballito, o en una mesa del Bar Notable Viejo Buz\u00f3n o en su Ferro querido.\u00a0 Nos quedan sus obras\u00a0y el recuerdo de una excelente persona.<\/p>\n<p><a href=\"http:\/\/caballitotequiero.com.ar\/portal\/wp-content\/uploads\/2021\/07\/salvador-costanzo.jpg\" rel=\"attachment wp-att-32775\"><img loading=\"lazy\" decoding=\"async\" class=\"aligncenter size-full wp-image-32775\" src=\"http:\/\/caballitotequiero.com.ar\/portal\/wp-content\/uploads\/2021\/07\/salvador-costanzo.jpg\" alt=\"\" width=\"418\" height=\"441\" srcset=\"http:\/\/caballitotequiero.com.ar\/portal\/wp-content\/uploads\/2021\/07\/salvador-costanzo.jpg 418w, http:\/\/caballitotequiero.com.ar\/portal\/wp-content\/uploads\/2021\/07\/salvador-costanzo-284x300.jpg 284w\" sizes=\"auto, (max-width: 418px) 100vw, 418px\" \/><\/a><\/p>\n<div>\n<div id=\"jsc_c_2f\" class=\"l9j0dhe7\">\n<div class=\"l9j0dhe7\">\n<div>\n<div class=\"bp9cbjyn cwj9ozl2 j83agx80 cbu4d94t ni8dbmo4 stjgntxs l9j0dhe7 k4urcfbm\"><\/div>\n<div class=\"linmgsc8 opwvks06 i09qtzwb n7fi1qx3 hzruof5a pmk7jnqg j9ispegn kr520xx4\"><\/div>\n<\/div>\n<\/div>\n<\/div>\n<\/div>\n<div><\/div>\n","protected":false},"excerpt":{"rendered":"<p>Naci\u00f3 el 2 de febrero de 1940 en Buenos Aires, Argentina. Estudi\u00f3 arte en la Escuela Prilidiano Pueyrred\u00f3n, donde se le otorg\u00f3 el t\u00edtulo de Profesor Nacional de Pintura. Fue tambi\u00e9n Maestro Nacional de Artes Visuales, otorgado por la Escuela Nacional de Bellas Artes \u201cManuel Belgrano\u201d. Adem\u00e1s se destac\u00f3 como docente en la C\u00e1tedra Oficio [&hellip;]<\/p>\n","protected":false},"author":1,"featured_media":32776,"comment_status":"open","ping_status":"open","sticky":false,"template":"","format":"standard","meta":{"footnotes":""},"categories":[5],"tags":[],"class_list":["post-32774","post","type-post","status-publish","format-standard","has-post-thumbnail","hentry","category-noticias"],"_links":{"self":[{"href":"http:\/\/caballitotequiero.com.ar\/portal\/wp-json\/wp\/v2\/posts\/32774","targetHints":{"allow":["GET"]}}],"collection":[{"href":"http:\/\/caballitotequiero.com.ar\/portal\/wp-json\/wp\/v2\/posts"}],"about":[{"href":"http:\/\/caballitotequiero.com.ar\/portal\/wp-json\/wp\/v2\/types\/post"}],"author":[{"embeddable":true,"href":"http:\/\/caballitotequiero.com.ar\/portal\/wp-json\/wp\/v2\/users\/1"}],"replies":[{"embeddable":true,"href":"http:\/\/caballitotequiero.com.ar\/portal\/wp-json\/wp\/v2\/comments?post=32774"}],"version-history":[{"count":1,"href":"http:\/\/caballitotequiero.com.ar\/portal\/wp-json\/wp\/v2\/posts\/32774\/revisions"}],"predecessor-version":[{"id":32777,"href":"http:\/\/caballitotequiero.com.ar\/portal\/wp-json\/wp\/v2\/posts\/32774\/revisions\/32777"}],"wp:featuredmedia":[{"embeddable":true,"href":"http:\/\/caballitotequiero.com.ar\/portal\/wp-json\/wp\/v2\/media\/32776"}],"wp:attachment":[{"href":"http:\/\/caballitotequiero.com.ar\/portal\/wp-json\/wp\/v2\/media?parent=32774"}],"wp:term":[{"taxonomy":"category","embeddable":true,"href":"http:\/\/caballitotequiero.com.ar\/portal\/wp-json\/wp\/v2\/categories?post=32774"},{"taxonomy":"post_tag","embeddable":true,"href":"http:\/\/caballitotequiero.com.ar\/portal\/wp-json\/wp\/v2\/tags?post=32774"}],"curies":[{"name":"wp","href":"https:\/\/api.w.org\/{rel}","templated":true}]}}