{"id":32923,"date":"2021-08-10T00:31:32","date_gmt":"2021-08-10T03:31:32","guid":{"rendered":"http:\/\/caballitotequiero.com.ar\/portal\/?p=32923"},"modified":"2021-08-12T00:37:01","modified_gmt":"2021-08-12T03:37:01","slug":"celebracion-del-dia-de-ecuador-en-el-parque-rivadavia","status":"publish","type":"post","link":"http:\/\/caballitotequiero.com.ar\/portal\/2021\/08\/10\/celebracion-del-dia-de-ecuador-en-el-parque-rivadavia\/","title":{"rendered":"CELEBRACI\u00d3N DEL D\u00cdA DE ECUADOR EN EL PARQUE RIVADAVIA"},"content":{"rendered":"<p>El 10 de agosto la Rep\u00fablica de Ecuador celebr\u00f3 su d\u00eda en el Parque Rivadavia junto al monumento a Sim\u00f3n Bolivar.<\/p>\n<p>Al conmemorarse 212 a\u00f1os del Primer Grito Libertario, la Embajada de Ecuador rindi\u00f3 homenaje a los pr\u00f3ceres y patriotas que sembraron la gesta libertaria de ese pa\u00eds.<\/p>\n<p>El acto estuvo encabezado por la Dra. Ivonne Garc\u00e9s Almeida, Ministra en la Embajada de Ecuador en Argentina. Estuvo acompa\u00f1ada por una representaci\u00f3n diplom\u00e1tica del Ecuador en Argentina. Durante la ceremonia se coloc\u00f3 una ofrenda floral junto al monumento de Sim\u00f3n Bol\u00edvar. A continuaci\u00f3n la Dra. Garc\u00e9s Almeida hizo uso de la palabra para referirse a la fecha patria a la vez que salud\u00f3 a todos los ecuatorianos en Argentina.<\/p>\n<p>Particip\u00f3 en la celebraci\u00f3n la Banda de M\u00fasica de la Polic\u00eda Federal Argentina que tuvo a su cargo la interpretaci\u00f3n del Himno Nacional Argentino y del Ecuador. Tambi\u00e9n se cont\u00f3 con la presencia de integrantes de la Polic\u00eda Montada, quienes formaron en el camino central del parque Rivadavia.<\/p>\n<p>La Rep\u00fablica de Ecuador celebr\u00f3 los 212 a\u00f1os del inicio del proceso de Independencia del Ecuador. Un d\u00eda como aquel, en 1809, fue destituido el Presidente de la Real Audiencia de Quito, Manuel Urri\u00e9s, conde Ruiz de Castilla, y se instal\u00f3 una Junta Soberana o Junta Suprema de Gobierno, integrada por criollos quite\u00f1os.<\/p>\n<p><a href=\"http:\/\/caballitotequiero.com.ar\/portal\/wp-content\/uploads\/2021\/08\/dia-ecuador-2.jpg\" rel=\"attachment wp-att-32924\"><img loading=\"lazy\" decoding=\"async\" class=\"aligncenter size-medium wp-image-32924\" src=\"http:\/\/caballitotequiero.com.ar\/portal\/wp-content\/uploads\/2021\/08\/dia-ecuador-2-300x225.jpg\" alt=\"\" width=\"300\" height=\"225\" srcset=\"http:\/\/caballitotequiero.com.ar\/portal\/wp-content\/uploads\/2021\/08\/dia-ecuador-2-300x225.jpg 300w, http:\/\/caballitotequiero.com.ar\/portal\/wp-content\/uploads\/2021\/08\/dia-ecuador-2-450x338.jpg 450w, http:\/\/caballitotequiero.com.ar\/portal\/wp-content\/uploads\/2021\/08\/dia-ecuador-2.jpg 700w\" sizes=\"auto, (max-width: 300px) 100vw, 300px\" \/><\/a> <a href=\"http:\/\/caballitotequiero.com.ar\/portal\/wp-content\/uploads\/2021\/08\/dia-ecuador-3.jpg\" rel=\"attachment wp-att-32925\"><img loading=\"lazy\" decoding=\"async\" class=\"aligncenter size-medium wp-image-32925\" src=\"http:\/\/caballitotequiero.com.ar\/portal\/wp-content\/uploads\/2021\/08\/dia-ecuador-3-300x142.jpg\" alt=\"\" width=\"300\" height=\"142\" srcset=\"http:\/\/caballitotequiero.com.ar\/portal\/wp-content\/uploads\/2021\/08\/dia-ecuador-3-300x142.jpg 300w, http:\/\/caballitotequiero.com.ar\/portal\/wp-content\/uploads\/2021\/08\/dia-ecuador-3-450x213.jpg 450w, http:\/\/caballitotequiero.com.ar\/portal\/wp-content\/uploads\/2021\/08\/dia-ecuador-3.jpg 700w\" sizes=\"auto, (max-width: 300px) 100vw, 300px\" \/><\/a> <a href=\"http:\/\/caballitotequiero.com.ar\/portal\/wp-content\/uploads\/2021\/08\/dia-ecuador-4.jpg\" rel=\"attachment wp-att-32926\"><img loading=\"lazy\" decoding=\"async\" class=\"aligncenter size-medium wp-image-32926\" src=\"http:\/\/caballitotequiero.com.ar\/portal\/wp-content\/uploads\/2021\/08\/dia-ecuador-4-300x225.jpg\" alt=\"\" width=\"300\" height=\"225\" srcset=\"http:\/\/caballitotequiero.com.ar\/portal\/wp-content\/uploads\/2021\/08\/dia-ecuador-4-300x225.jpg 300w, http:\/\/caballitotequiero.com.ar\/portal\/wp-content\/uploads\/2021\/08\/dia-ecuador-4-450x338.jpg 450w, http:\/\/caballitotequiero.com.ar\/portal\/wp-content\/uploads\/2021\/08\/dia-ecuador-4.jpg 700w\" sizes=\"auto, (max-width: 300px) 100vw, 300px\" \/><\/a> <a href=\"http:\/\/caballitotequiero.com.ar\/portal\/wp-content\/uploads\/2021\/08\/dia-ecuador-5.jpg\" rel=\"attachment wp-att-32927\"><img loading=\"lazy\" decoding=\"async\" class=\"aligncenter size-medium wp-image-32927\" src=\"http:\/\/caballitotequiero.com.ar\/portal\/wp-content\/uploads\/2021\/08\/dia-ecuador-5-300x142.jpg\" alt=\"\" width=\"300\" height=\"142\" srcset=\"http:\/\/caballitotequiero.com.ar\/portal\/wp-content\/uploads\/2021\/08\/dia-ecuador-5-300x142.jpg 300w, http:\/\/caballitotequiero.com.ar\/portal\/wp-content\/uploads\/2021\/08\/dia-ecuador-5-450x213.jpg 450w, http:\/\/caballitotequiero.com.ar\/portal\/wp-content\/uploads\/2021\/08\/dia-ecuador-5.jpg 500w\" sizes=\"auto, (max-width: 300px) 100vw, 300px\" \/><\/a> <a href=\"http:\/\/caballitotequiero.com.ar\/portal\/wp-content\/uploads\/2021\/08\/dia-ecuador-6.jpg\" rel=\"attachment wp-att-32928\"><img loading=\"lazy\" decoding=\"async\" class=\"aligncenter size-medium wp-image-32928\" src=\"http:\/\/caballitotequiero.com.ar\/portal\/wp-content\/uploads\/2021\/08\/dia-ecuador-6-300x225.jpg\" alt=\"\" width=\"300\" height=\"225\" srcset=\"http:\/\/caballitotequiero.com.ar\/portal\/wp-content\/uploads\/2021\/08\/dia-ecuador-6-300x225.jpg 300w, http:\/\/caballitotequiero.com.ar\/portal\/wp-content\/uploads\/2021\/08\/dia-ecuador-6-450x338.jpg 450w, http:\/\/caballitotequiero.com.ar\/portal\/wp-content\/uploads\/2021\/08\/dia-ecuador-6.jpg 700w\" sizes=\"auto, (max-width: 300px) 100vw, 300px\" \/><\/a><\/p>\n","protected":false},"excerpt":{"rendered":"<p>El 10 de agosto la Rep\u00fablica de Ecuador celebr\u00f3 su d\u00eda en el Parque Rivadavia junto al monumento a Sim\u00f3n Bolivar. Al conmemorarse 212 a\u00f1os del Primer Grito Libertario, la Embajada de Ecuador rindi\u00f3 homenaje a los pr\u00f3ceres y patriotas que sembraron la gesta libertaria de ese pa\u00eds. El acto estuvo encabezado por la Dra. [&hellip;]<\/p>\n","protected":false},"author":1,"featured_media":32924,"comment_status":"open","ping_status":"open","sticky":false,"template":"","format":"standard","meta":{"footnotes":""},"categories":[5],"tags":[],"class_list":["post-32923","post","type-post","status-publish","format-standard","has-post-thumbnail","hentry","category-noticias"],"_links":{"self":[{"href":"http:\/\/caballitotequiero.com.ar\/portal\/wp-json\/wp\/v2\/posts\/32923","targetHints":{"allow":["GET"]}}],"collection":[{"href":"http:\/\/caballitotequiero.com.ar\/portal\/wp-json\/wp\/v2\/posts"}],"about":[{"href":"http:\/\/caballitotequiero.com.ar\/portal\/wp-json\/wp\/v2\/types\/post"}],"author":[{"embeddable":true,"href":"http:\/\/caballitotequiero.com.ar\/portal\/wp-json\/wp\/v2\/users\/1"}],"replies":[{"embeddable":true,"href":"http:\/\/caballitotequiero.com.ar\/portal\/wp-json\/wp\/v2\/comments?post=32923"}],"version-history":[{"count":1,"href":"http:\/\/caballitotequiero.com.ar\/portal\/wp-json\/wp\/v2\/posts\/32923\/revisions"}],"predecessor-version":[{"id":32929,"href":"http:\/\/caballitotequiero.com.ar\/portal\/wp-json\/wp\/v2\/posts\/32923\/revisions\/32929"}],"wp:featuredmedia":[{"embeddable":true,"href":"http:\/\/caballitotequiero.com.ar\/portal\/wp-json\/wp\/v2\/media\/32924"}],"wp:attachment":[{"href":"http:\/\/caballitotequiero.com.ar\/portal\/wp-json\/wp\/v2\/media?parent=32923"}],"wp:term":[{"taxonomy":"category","embeddable":true,"href":"http:\/\/caballitotequiero.com.ar\/portal\/wp-json\/wp\/v2\/categories?post=32923"},{"taxonomy":"post_tag","embeddable":true,"href":"http:\/\/caballitotequiero.com.ar\/portal\/wp-json\/wp\/v2\/tags?post=32923"}],"curies":[{"name":"wp","href":"https:\/\/api.w.org\/{rel}","templated":true}]}}