{"id":33696,"date":"2021-12-29T10:55:01","date_gmt":"2021-12-29T13:55:01","guid":{"rendered":"http:\/\/caballitotequiero.com.ar\/portal\/?p=33696"},"modified":"2022-01-05T10:57:27","modified_gmt":"2022-01-05T13:57:27","slug":"dos-detenidos-en-caballito-por-robo-de-celulares","status":"publish","type":"post","link":"http:\/\/caballitotequiero.com.ar\/portal\/2021\/12\/29\/dos-detenidos-en-caballito-por-robo-de-celulares\/","title":{"rendered":"DOS DETENIDOS EN CABALLITO POR ROBO DE CELULARES"},"content":{"rendered":"<div>\n<div>\n<p><strong>La Polic\u00eda de la Ciudad detuvo en las \u00faltimas horas a dos delincuentes por cometer dos robos de tel\u00e9fonos celulares en el barrio de Caballito.<\/strong><\/p>\n<\/div>\n<\/div>\n<div><strong>\u00a0<\/strong><\/div>\n<div>El primero de los hechos ocurri\u00f3 cuando personal de la Comisar\u00eda Vecinal 6 A fue desplazado al cruce de las calles Donato \u00c1lvarez y Felipe Vallese por un incidente entre dos hombres.<\/div>\n<div>\n<p>Al arribar al lugar, uno de los protagonistas manifest\u00f3 que cuando se encontraba en la Plaza Irlanda con la otra persona, a la que hab\u00eda conocido en horas de la madrugada, se dio cuenta que la misma le hab\u00eda arrebatado el celular.<\/p>\n<p>Fue all\u00ed cuando el damnificado le reclam\u00f3 el dispositivo y lo recuper\u00f3 luego de trenzarse en una gresca, aunque\u00a0el imputado lo sigui\u00f3 hasta la mencionada direcci\u00f3n con intenciones de agredirlo y volver a hacerse con el equipo.<\/p>\n<p>Al consultar con la Fiscal\u00eda Nacional Criminal y Correccional N\u00famero 41, Secretar\u00eda \u00danica de la doctora Torres, que dispuso la detenci\u00f3n del ladr\u00f3n y el secuestro del celular.<\/p>\n<p>El segundo episodio se dio en el interior de un colectivo de la l\u00ednea 132, cuando un ladr\u00f3n le arrebat\u00f3 un celular a una mujer y se dio a la fuga. Los oficiales que se encontraban en la zona observaron la situaci\u00f3n y persiguieron al delincuente, logrando reducirlo en el cruce de las calles Curapalig\u00fce y Ram\u00f3n Falc\u00f3n.<\/p>\n<p>El Juzgado de Menores N\u00famero 3, a cargo del doctor Sanch\u00eds y ante la Secretar\u00eda 9 del doctor Bassani, orden\u00f3 la detenci\u00f3n del menor de 16 a\u00f1os, adem\u00e1s del secuestro del dispositivo electr\u00f3nico sustra\u00eddo.<\/p>\n<p><a href=\"http:\/\/caballitotequiero.com.ar\/portal\/wp-content\/uploads\/2022\/01\/robo-celulares.jpg\" rel=\"attachment wp-att-33697\"><img loading=\"lazy\" decoding=\"async\" class=\"aligncenter size-full wp-image-33697\" src=\"http:\/\/caballitotequiero.com.ar\/portal\/wp-content\/uploads\/2022\/01\/robo-celulares.jpg\" alt=\"\" width=\"700\" height=\"397\" srcset=\"http:\/\/caballitotequiero.com.ar\/portal\/wp-content\/uploads\/2022\/01\/robo-celulares.jpg 700w, http:\/\/caballitotequiero.com.ar\/portal\/wp-content\/uploads\/2022\/01\/robo-celulares-300x170.jpg 300w, http:\/\/caballitotequiero.com.ar\/portal\/wp-content\/uploads\/2022\/01\/robo-celulares-450x255.jpg 450w\" sizes=\"auto, (max-width: 700px) 100vw, 700px\" \/><\/a><\/p>\n<\/div>\n","protected":false},"excerpt":{"rendered":"<p>La Polic\u00eda de la Ciudad detuvo en las \u00faltimas horas a dos delincuentes por cometer dos robos de tel\u00e9fonos celulares en el barrio de Caballito. \u00a0 El primero de los hechos ocurri\u00f3 cuando personal de la Comisar\u00eda Vecinal 6 A fue desplazado al cruce de las calles Donato \u00c1lvarez y Felipe Vallese por un incidente [&hellip;]<\/p>\n","protected":false},"author":1,"featured_media":33697,"comment_status":"open","ping_status":"open","sticky":false,"template":"","format":"standard","meta":{"footnotes":""},"categories":[5],"tags":[],"class_list":["post-33696","post","type-post","status-publish","format-standard","has-post-thumbnail","hentry","category-noticias"],"_links":{"self":[{"href":"http:\/\/caballitotequiero.com.ar\/portal\/wp-json\/wp\/v2\/posts\/33696","targetHints":{"allow":["GET"]}}],"collection":[{"href":"http:\/\/caballitotequiero.com.ar\/portal\/wp-json\/wp\/v2\/posts"}],"about":[{"href":"http:\/\/caballitotequiero.com.ar\/portal\/wp-json\/wp\/v2\/types\/post"}],"author":[{"embeddable":true,"href":"http:\/\/caballitotequiero.com.ar\/portal\/wp-json\/wp\/v2\/users\/1"}],"replies":[{"embeddable":true,"href":"http:\/\/caballitotequiero.com.ar\/portal\/wp-json\/wp\/v2\/comments?post=33696"}],"version-history":[{"count":1,"href":"http:\/\/caballitotequiero.com.ar\/portal\/wp-json\/wp\/v2\/posts\/33696\/revisions"}],"predecessor-version":[{"id":33698,"href":"http:\/\/caballitotequiero.com.ar\/portal\/wp-json\/wp\/v2\/posts\/33696\/revisions\/33698"}],"wp:featuredmedia":[{"embeddable":true,"href":"http:\/\/caballitotequiero.com.ar\/portal\/wp-json\/wp\/v2\/media\/33697"}],"wp:attachment":[{"href":"http:\/\/caballitotequiero.com.ar\/portal\/wp-json\/wp\/v2\/media?parent=33696"}],"wp:term":[{"taxonomy":"category","embeddable":true,"href":"http:\/\/caballitotequiero.com.ar\/portal\/wp-json\/wp\/v2\/categories?post=33696"},{"taxonomy":"post_tag","embeddable":true,"href":"http:\/\/caballitotequiero.com.ar\/portal\/wp-json\/wp\/v2\/tags?post=33696"}],"curies":[{"name":"wp","href":"https:\/\/api.w.org\/{rel}","templated":true}]}}