{"id":34117,"date":"2022-04-01T09:12:20","date_gmt":"2022-04-01T12:12:20","guid":{"rendered":"http:\/\/caballitotequiero.com.ar\/portal\/?p=34117"},"modified":"2022-04-04T09:15:33","modified_gmt":"2022-04-04T12:15:33","slug":"detienen-a-un-violador-en-caballito","status":"publish","type":"post","link":"http:\/\/caballitotequiero.com.ar\/portal\/2022\/04\/01\/detienen-a-un-violador-en-caballito\/","title":{"rendered":"DETIENEN A UN VIOLADOR EN CABALLITO"},"content":{"rendered":"<p><b>La Polic\u00eda de la Ciudad detuvo en el barrio de Caballito a un hombre que se manten\u00eda pr\u00f3fugo de la Justicia luego de ser acusado de cometer reiterados abusos sexuales.<\/b><\/p>\n<p><b><br \/>\n<\/b>Personal de la Divisi\u00f3n Capturas y Pr\u00f3fugos de la\u00a0<b>Polic\u00eda de la Ciudad<\/b>\u00a0llev\u00f3 a cabo una investigaci\u00f3n ordenada por la UFI Especializada en Delitos Contra la Integridad Sexual y Trata de Personas N\u00famero 14 de San Mart\u00edn, a cargo de la doctora Campos, para dar con el paradero de un hombre de nacionalidad argentina acusado de cometer un abuso sexual agravado por acceso carnal y de un abuso sexual simple reiterado, en al menos dos oportunidades.<\/p>\n<p>&nbsp;<br \/>\n<a href=\"http:\/\/caballitotequiero.com.ar\/portal\/wp-content\/uploads\/2022\/04\/dia-caballito-1.jpg\" rel=\"attachment wp-att-34119\"><img loading=\"lazy\" decoding=\"async\" class=\"aligncenter size-full wp-image-34119\" src=\"http:\/\/caballitotequiero.com.ar\/portal\/wp-content\/uploads\/2022\/04\/dia-caballito-1.jpg\" alt=\"\" width=\"600\" height=\"392\" srcset=\"http:\/\/caballitotequiero.com.ar\/portal\/wp-content\/uploads\/2022\/04\/dia-caballito-1.jpg 600w, http:\/\/caballitotequiero.com.ar\/portal\/wp-content\/uploads\/2022\/04\/dia-caballito-1-300x196.jpg 300w, http:\/\/caballitotequiero.com.ar\/portal\/wp-content\/uploads\/2022\/04\/dia-caballito-1-450x294.jpg 450w\" sizes=\"auto, (max-width: 600px) 100vw, 600px\" \/><\/a> <a href=\"http:\/\/caballitotequiero.com.ar\/portal\/wp-content\/uploads\/2022\/04\/dia-caballito-2.jpg\" rel=\"attachment wp-att-34120\"><img loading=\"lazy\" decoding=\"async\" class=\"aligncenter size-full wp-image-34120\" src=\"http:\/\/caballitotequiero.com.ar\/portal\/wp-content\/uploads\/2022\/04\/dia-caballito-2.jpg\" alt=\"\" width=\"600\" height=\"428\" srcset=\"http:\/\/caballitotequiero.com.ar\/portal\/wp-content\/uploads\/2022\/04\/dia-caballito-2.jpg 600w, http:\/\/caballitotequiero.com.ar\/portal\/wp-content\/uploads\/2022\/04\/dia-caballito-2-300x214.jpg 300w, http:\/\/caballitotequiero.com.ar\/portal\/wp-content\/uploads\/2022\/04\/dia-caballito-2-260x185.jpg 260w, http:\/\/caballitotequiero.com.ar\/portal\/wp-content\/uploads\/2022\/04\/dia-caballito-2-450x321.jpg 450w\" sizes=\"auto, (max-width: 600px) 100vw, 600px\" \/><\/a>Gracias a las tareas de campo y de la informaci\u00f3n recolectada en organismos gubernamentales como en perfiles de redes sociales, se logr\u00f3 establecer que el hombre trabajaba en un supermercado de una cadena en el barrio de Caballito, en la calle Rojas al 200, y que viv\u00eda por la zona.<\/p>\n<p>En consecuencia, efectivos de la Brigada Capturas 6 de la\u00a0<b>Polic\u00eda de la Ciudad\u00a0<\/b>mantuvo una discreta vigilancia en las proximidades del comercio y lograron ver al pr\u00f3fugo caminando por la calle Planes, en direcci\u00f3n a Hidalgo.<\/p>\n<p>Una vez confirmado que se trataba del imputado por las caracter\u00edsticas f\u00edsicas que se ten\u00edan en descripciones previas, los oficiales lo detuvieron para identificarlo.<\/p>\n<p>Al consultar con el Juzgado Nacional en lo Penal de Rogatorias, del doctor Javier S\u00e1nchez Sarmiento y ante la Secretar\u00eda del doctor Ra\u00fal Bustos, se aval\u00f3 la detenci\u00f3n y el traslado del imputado a la Alcaid\u00eda de la zona de la\u00a0<b>Polic\u00eda de la Ciudad.<\/b><\/p>\n<p>&nbsp;<\/p>\n","protected":false},"excerpt":{"rendered":"<p>La Polic\u00eda de la Ciudad detuvo en el barrio de Caballito a un hombre que se manten\u00eda pr\u00f3fugo de la Justicia luego de ser acusado de cometer reiterados abusos sexuales. Personal de la Divisi\u00f3n Capturas y Pr\u00f3fugos de la\u00a0Polic\u00eda de la Ciudad\u00a0llev\u00f3 a cabo una investigaci\u00f3n ordenada por la UFI Especializada en Delitos Contra la [&hellip;]<\/p>\n","protected":false},"author":1,"featured_media":34119,"comment_status":"open","ping_status":"open","sticky":false,"template":"","format":"standard","meta":{"footnotes":""},"categories":[5],"tags":[],"class_list":["post-34117","post","type-post","status-publish","format-standard","has-post-thumbnail","hentry","category-noticias"],"_links":{"self":[{"href":"http:\/\/caballitotequiero.com.ar\/portal\/wp-json\/wp\/v2\/posts\/34117","targetHints":{"allow":["GET"]}}],"collection":[{"href":"http:\/\/caballitotequiero.com.ar\/portal\/wp-json\/wp\/v2\/posts"}],"about":[{"href":"http:\/\/caballitotequiero.com.ar\/portal\/wp-json\/wp\/v2\/types\/post"}],"author":[{"embeddable":true,"href":"http:\/\/caballitotequiero.com.ar\/portal\/wp-json\/wp\/v2\/users\/1"}],"replies":[{"embeddable":true,"href":"http:\/\/caballitotequiero.com.ar\/portal\/wp-json\/wp\/v2\/comments?post=34117"}],"version-history":[{"count":1,"href":"http:\/\/caballitotequiero.com.ar\/portal\/wp-json\/wp\/v2\/posts\/34117\/revisions"}],"predecessor-version":[{"id":34121,"href":"http:\/\/caballitotequiero.com.ar\/portal\/wp-json\/wp\/v2\/posts\/34117\/revisions\/34121"}],"wp:featuredmedia":[{"embeddable":true,"href":"http:\/\/caballitotequiero.com.ar\/portal\/wp-json\/wp\/v2\/media\/34119"}],"wp:attachment":[{"href":"http:\/\/caballitotequiero.com.ar\/portal\/wp-json\/wp\/v2\/media?parent=34117"}],"wp:term":[{"taxonomy":"category","embeddable":true,"href":"http:\/\/caballitotequiero.com.ar\/portal\/wp-json\/wp\/v2\/categories?post=34117"},{"taxonomy":"post_tag","embeddable":true,"href":"http:\/\/caballitotequiero.com.ar\/portal\/wp-json\/wp\/v2\/tags?post=34117"}],"curies":[{"name":"wp","href":"https:\/\/api.w.org\/{rel}","templated":true}]}}