{"id":34807,"date":"2022-08-05T23:19:08","date_gmt":"2022-08-06T02:19:08","guid":{"rendered":"http:\/\/caballitotequiero.com.ar\/portal\/?p=34807"},"modified":"2022-08-09T23:24:16","modified_gmt":"2022-08-10T02:24:16","slug":"el-anfi-de-noche-en-el-parque-centenario","status":"publish","type":"post","link":"http:\/\/caballitotequiero.com.ar\/portal\/2022\/08\/05\/el-anfi-de-noche-en-el-parque-centenario\/","title":{"rendered":"\u00abEL ANFI DE NOCHE\u00bb EN EL PARQUE CENTENARIO"},"content":{"rendered":"<p>La\u00a0<strong>Direcci\u00f3n General de Ense\u00f1anza Art\u00edstica (DGEART)<\/strong>\u00a0y de la\u00a0<strong>Direcci\u00f3n General de M\u00fasica (DGMus)<\/strong>, realizan\u00a0<strong>\u00abEl Anfi de Noche\u00bb<\/strong>, un ciclo de conciertos a cielo abierto en el\u00a0<strong>Parque Centenario (Av. Lillo y Leopoldo Marechal)<\/strong>. En agosto, los espect\u00e1culos continuar\u00e1n los\u00a0<strong>jueves 11, 18 y 25 del mes<\/strong>. La entrada\u00a0<strong>es libre y gratuita hasta completar la capacidad del lugar<\/strong>.<\/p>\n<p>Las diversas interpretaciones est\u00e1n a cargo de artistas que integran los conservatorios de m\u00fasica\u00a0<strong>\u201cManuel de Falla\u201d<\/strong>\u00a0y\u00a0<strong>\u201cAstor Piazzolla\u201d<\/strong>. Tango, jazz, folclore y m\u00fasica fusi\u00f3n son algunos de los g\u00e9neros seleccionados para que los vecinos y las vecinas de la Ciudad disfruten.<\/p>\n<p>A su vez, \u00abEl Anfi de Noche\u00bb se enmarca en el\u00a0<strong>Centro de Capacitaci\u00f3n Art\u00edstica y Profesional (CeCAP)<\/strong>, un programa perteneciente a la\u00a0<strong>DGEART<\/strong>, cuyo fin es el de promover y desarrollar propuestas de formaci\u00f3n y perfeccionamiento art\u00edstico de excelencia. De esta manera, se le da visibilidad en un \u00e1mbito de pr\u00e1ctica profesional a los m\u00fasicos y m\u00fasicas que se formaron en esos institutos y programas de arte.<\/p>\n<h2>Programa<\/h2>\n<h3>Jueves 11 de agosto | 18 horas<\/h3>\n<p><strong>La Chorer\u00eda<\/strong><\/p>\n<p>El show propone un repertorio e instrumentaci\u00f3n tanto tradicionales como actuales del g\u00e9nero brasilero\u00a0<strong>\u201cchoro\u201d<\/strong>, considerado como\u00a0<strong>la primera m\u00fasica popular t\u00edpica de Brasil<\/strong>. El ritmo es agitado y alegre, caracterizado por el virtuosismo y la improvisaci\u00f3n de los int\u00e9rpretes. La Chorer\u00eda\u00a0<strong>est\u00e1 integrado principalmente por estudiantes y docentes del Conservatorio Superior de M\u00fasica Manuel de Falla<\/strong>.<\/p>\n<h3>Jueves 18 de agosto | 18 horas<\/h3>\n<p><strong>Iberoam\u00e9rica canta a Mercedes Sosa<\/strong><\/p>\n<p>El concierto propone un recorrido por el repertorio m\u00e1s representativo de la gran Mercedes Sosa. El proyecto nace en plena pandemia y de la necesidad de los m\u00fasicos de vincularse y de hacer m\u00fasica con artistas de distintas partes del mundo. Contar\u00e1 con la participaci\u00f3n especial de\u00a0<strong>la cantante mexicana Claudia Cota Gamez<\/strong>.<\/p>\n<h3>Jueves 25 de agosto | 18 horas<\/h3>\n<p><strong>Ensamble de guitarra del Piazzolla<\/strong><\/p>\n<p>El Ensamble es un espacio de pr\u00e1ctica musical integrado por estudiantes avanzados del\u00a0<strong>Conservatorio Superior de M\u00fasica Astor Piazzolla<\/strong>. Recorre un amplio espectro de obras en cuanto a est\u00e9ticas y lenguajes abarcando un repertorio de obras originales y transcripciones.<\/p>\n<p><a href=\"http:\/\/caballitotequiero.com.ar\/portal\/wp-content\/uploads\/2022\/08\/anfiteatro-de-noche.jpg\" rel=\"attachment wp-att-34808\"><img loading=\"lazy\" decoding=\"async\" class=\"aligncenter size-full wp-image-34808\" src=\"http:\/\/caballitotequiero.com.ar\/portal\/wp-content\/uploads\/2022\/08\/anfiteatro-de-noche.jpg\" alt=\"\" width=\"600\" height=\"399\" srcset=\"http:\/\/caballitotequiero.com.ar\/portal\/wp-content\/uploads\/2022\/08\/anfiteatro-de-noche.jpg 600w, http:\/\/caballitotequiero.com.ar\/portal\/wp-content\/uploads\/2022\/08\/anfiteatro-de-noche-300x200.jpg 300w, http:\/\/caballitotequiero.com.ar\/portal\/wp-content\/uploads\/2022\/08\/anfiteatro-de-noche-450x299.jpg 450w\" sizes=\"auto, (max-width: 600px) 100vw, 600px\" \/><\/a><\/p>\n","protected":false},"excerpt":{"rendered":"<p>La\u00a0Direcci\u00f3n General de Ense\u00f1anza Art\u00edstica (DGEART)\u00a0y de la\u00a0Direcci\u00f3n General de M\u00fasica (DGMus), realizan\u00a0\u00abEl Anfi de Noche\u00bb, un ciclo de conciertos a cielo abierto en el\u00a0Parque Centenario (Av. Lillo y Leopoldo Marechal). En agosto, los espect\u00e1culos continuar\u00e1n los\u00a0jueves 11, 18 y 25 del mes. La entrada\u00a0es libre y gratuita hasta completar la capacidad del lugar. Las [&hellip;]<\/p>\n","protected":false},"author":1,"featured_media":34808,"comment_status":"open","ping_status":"open","sticky":false,"template":"","format":"standard","meta":{"footnotes":""},"categories":[5],"tags":[],"class_list":["post-34807","post","type-post","status-publish","format-standard","has-post-thumbnail","hentry","category-noticias"],"_links":{"self":[{"href":"http:\/\/caballitotequiero.com.ar\/portal\/wp-json\/wp\/v2\/posts\/34807","targetHints":{"allow":["GET"]}}],"collection":[{"href":"http:\/\/caballitotequiero.com.ar\/portal\/wp-json\/wp\/v2\/posts"}],"about":[{"href":"http:\/\/caballitotequiero.com.ar\/portal\/wp-json\/wp\/v2\/types\/post"}],"author":[{"embeddable":true,"href":"http:\/\/caballitotequiero.com.ar\/portal\/wp-json\/wp\/v2\/users\/1"}],"replies":[{"embeddable":true,"href":"http:\/\/caballitotequiero.com.ar\/portal\/wp-json\/wp\/v2\/comments?post=34807"}],"version-history":[{"count":1,"href":"http:\/\/caballitotequiero.com.ar\/portal\/wp-json\/wp\/v2\/posts\/34807\/revisions"}],"predecessor-version":[{"id":34809,"href":"http:\/\/caballitotequiero.com.ar\/portal\/wp-json\/wp\/v2\/posts\/34807\/revisions\/34809"}],"wp:featuredmedia":[{"embeddable":true,"href":"http:\/\/caballitotequiero.com.ar\/portal\/wp-json\/wp\/v2\/media\/34808"}],"wp:attachment":[{"href":"http:\/\/caballitotequiero.com.ar\/portal\/wp-json\/wp\/v2\/media?parent=34807"}],"wp:term":[{"taxonomy":"category","embeddable":true,"href":"http:\/\/caballitotequiero.com.ar\/portal\/wp-json\/wp\/v2\/categories?post=34807"},{"taxonomy":"post_tag","embeddable":true,"href":"http:\/\/caballitotequiero.com.ar\/portal\/wp-json\/wp\/v2\/tags?post=34807"}],"curies":[{"name":"wp","href":"https:\/\/api.w.org\/{rel}","templated":true}]}}