{"id":35027,"date":"2022-09-29T23:04:08","date_gmt":"2022-09-30T02:04:08","guid":{"rendered":"http:\/\/caballitotequiero.com.ar\/portal\/?p=35027"},"modified":"2022-09-29T23:04:08","modified_gmt":"2022-09-30T02:04:08","slug":"fue-clausurado-el-patio-de-los-lecheros","status":"publish","type":"post","link":"http:\/\/caballitotequiero.com.ar\/portal\/2022\/09\/29\/fue-clausurado-el-patio-de-los-lecheros\/","title":{"rendered":"FUE CLAUSURADO EL PATIO DE LOS LECHEROS"},"content":{"rendered":"<p>El predio gastron\u00f3mico \u201cPatio de los Lecheros\u201d, ubicado en Donato Alvarez y Bacacay fue clausurado el mi\u00e9rcoles 28 de septiembre tras una inspecci\u00f3n por decisi\u00f3n de la Unidad Fiscal Delitos, Contravenciones y Faltas Espec\u00edficas de la Ciudad de Buenos Aires.<\/p>\n<p>El lugar fue inspeccionado en un operativo conjunto entre el Cuerpo de Investigaciones Judiciales del Ministerio P\u00fablico Fiscal, la Divisi\u00f3n Contravenciones y Faltas Contra el Orden P\u00fablico de la Polic\u00eda de la Ciudad y la Agencia Gubernamental de Control.<\/p>\n<p>Anteriormente ya se hab\u00eda dispuesto una clausura en el paseo gastron\u00f3mico por faltas relativas a la seguridad y funcionamiento del lugar. A\u00fan as\u00ed el lugar continuaba abierto en una clara violaci\u00f3n a la medida previa. Adem\u00e1s, seg\u00fan lo informado por el Ministerio P\u00fablico Fiscal hab\u00eda 16 locales funcionando sin habilitaci\u00f3n.<\/p>\n<p>Actualmente en el predio hay una consigna policial, pero no se observa faja de clausura. Mientras tanto en el interior puede verse a los empleados trabajando.<\/p>\n<p>Recordemos que el Patio de los Lecheros fue el primer lugar abierto en el marco del programa BA Capital Gastron\u00f3mica en 2016.<\/p>\n<p>Su nombre se debe a que, hist\u00f3ricamente, era el lugar donde llegaba la leche de los campos del interior. Los lugare\u00f1os recib\u00edan los tarros de leche y sal\u00edan a venderlos por toda la ciudad en carretas tiradas por caballos hasta 1961 cuando se prohibi\u00f3 la venta de leche sin proceso de pasteurizaci\u00f3n y el espacio cay\u00f3 en desuso.<\/p>\n<p>La propuesta original era crear un espacio al aire libre con comida callejera de calidad. Comenz\u00f3 abriendo el primer fin de semana de cada mes con food trucks para luego cambiar al formato de puestos en containers en los que se ofrec\u00eda desde pizzas y empanadas, pasando por parrilla y comida mexicana hasta comida peruana, asi\u00e1tica, vinos, tragos, cerveza artesanal, helados y caf\u00e9.<\/p>\n<p><a href=\"http:\/\/caballitotequiero.com.ar\/portal\/wp-content\/uploads\/2022\/09\/patio-lecheros-1.jpg\" rel=\"attachment wp-att-35028\"><img loading=\"lazy\" decoding=\"async\" class=\"aligncenter size-full wp-image-35028\" src=\"http:\/\/caballitotequiero.com.ar\/portal\/wp-content\/uploads\/2022\/09\/patio-lecheros-1.jpg\" alt=\"\" width=\"700\" height=\"525\" srcset=\"http:\/\/caballitotequiero.com.ar\/portal\/wp-content\/uploads\/2022\/09\/patio-lecheros-1.jpg 700w, http:\/\/caballitotequiero.com.ar\/portal\/wp-content\/uploads\/2022\/09\/patio-lecheros-1-300x225.jpg 300w, http:\/\/caballitotequiero.com.ar\/portal\/wp-content\/uploads\/2022\/09\/patio-lecheros-1-450x338.jpg 450w\" sizes=\"auto, (max-width: 700px) 100vw, 700px\" \/><\/a><\/p>\n","protected":false},"excerpt":{"rendered":"<p>El predio gastron\u00f3mico \u201cPatio de los Lecheros\u201d, ubicado en Donato Alvarez y Bacacay fue clausurado el mi\u00e9rcoles 28 de septiembre tras una inspecci\u00f3n por decisi\u00f3n de la Unidad Fiscal Delitos, Contravenciones y Faltas Espec\u00edficas de la Ciudad de Buenos Aires. El lugar fue inspeccionado en un operativo conjunto entre el Cuerpo de Investigaciones Judiciales del [&hellip;]<\/p>\n","protected":false},"author":1,"featured_media":35028,"comment_status":"open","ping_status":"open","sticky":false,"template":"","format":"standard","meta":{"footnotes":""},"categories":[5],"tags":[],"class_list":["post-35027","post","type-post","status-publish","format-standard","has-post-thumbnail","hentry","category-noticias"],"_links":{"self":[{"href":"http:\/\/caballitotequiero.com.ar\/portal\/wp-json\/wp\/v2\/posts\/35027","targetHints":{"allow":["GET"]}}],"collection":[{"href":"http:\/\/caballitotequiero.com.ar\/portal\/wp-json\/wp\/v2\/posts"}],"about":[{"href":"http:\/\/caballitotequiero.com.ar\/portal\/wp-json\/wp\/v2\/types\/post"}],"author":[{"embeddable":true,"href":"http:\/\/caballitotequiero.com.ar\/portal\/wp-json\/wp\/v2\/users\/1"}],"replies":[{"embeddable":true,"href":"http:\/\/caballitotequiero.com.ar\/portal\/wp-json\/wp\/v2\/comments?post=35027"}],"version-history":[{"count":1,"href":"http:\/\/caballitotequiero.com.ar\/portal\/wp-json\/wp\/v2\/posts\/35027\/revisions"}],"predecessor-version":[{"id":35029,"href":"http:\/\/caballitotequiero.com.ar\/portal\/wp-json\/wp\/v2\/posts\/35027\/revisions\/35029"}],"wp:featuredmedia":[{"embeddable":true,"href":"http:\/\/caballitotequiero.com.ar\/portal\/wp-json\/wp\/v2\/media\/35028"}],"wp:attachment":[{"href":"http:\/\/caballitotequiero.com.ar\/portal\/wp-json\/wp\/v2\/media?parent=35027"}],"wp:term":[{"taxonomy":"category","embeddable":true,"href":"http:\/\/caballitotequiero.com.ar\/portal\/wp-json\/wp\/v2\/categories?post=35027"},{"taxonomy":"post_tag","embeddable":true,"href":"http:\/\/caballitotequiero.com.ar\/portal\/wp-json\/wp\/v2\/tags?post=35027"}],"curies":[{"name":"wp","href":"https:\/\/api.w.org\/{rel}","templated":true}]}}