{"id":35042,"date":"2022-09-30T20:53:30","date_gmt":"2022-09-30T23:53:30","guid":{"rendered":"http:\/\/caballitotequiero.com.ar\/portal\/?p=35042"},"modified":"2022-10-03T20:58:50","modified_gmt":"2022-10-03T23:58:50","slug":"un-caballito-se-escapa-en-el-parque-rivadavia","status":"publish","type":"post","link":"http:\/\/caballitotequiero.com.ar\/portal\/2022\/09\/30\/un-caballito-se-escapa-en-el-parque-rivadavia\/","title":{"rendered":"\u00abUN CABALLITO SE ESCAPA\u00bb EN EL PARQUE RIVADAVIA"},"content":{"rendered":"<p>La Semana del Arte es un evento en el que el espacio p\u00fablico de la Ciudad se ve intervenido por 10 obras de arte contempor\u00e1neo. Del 27 de septiembre al 4 de octubre de 2022 podr\u00e1n observarse estos trabajos y en el barrio de Caballito encontramos una de ellas.<\/p>\n<p>En el Parque Rivadavia fue colocada la obra \u201cUn caballito se escapa\u201d, su autor es Juli\u00e1n D\u00b4Angiolillo y explica su trabajo diciendo: \u201cEl Caballito fuga hacia un espectro fuera de uso. Desde arriba grad\u00faa el horizonte cubierto por la implosi\u00f3n inmobiliaria, chillando en sigilo\u201d.<\/p>\n<p>La obra est\u00e1 compuesta por un colorido barril met\u00e1lico sujeto por cadenas, el \u201ctambor oscilante\u201d de las plazas de juegos infantiles, m\u00e1s conocido como el \u201ccaballito\u201d. Est\u00e1 colocado en altura, anulando la posibilidad de subirse a \u00e9l y se encuentra rodeado por cuatro luminarias.<\/p>\n<p>Hay obras de la Semana del Arte en espacios culturales, jardines, veredas y teatros, adem\u00e1s de una gran agenda de arte que incluye la programaci\u00f3n de m\u00e1s de cuarenta instituciones culturales con visitas guiadas, performances, homenajes, m\u00fasica en vivo, proyecciones, encuentros con artistas, actividades especiales y m\u00e1s.<\/p>\n<p><a href=\"http:\/\/caballitotequiero.com.ar\/portal\/wp-content\/uploads\/2022\/10\/caballito-se-escapa-1.jpg\" rel=\"attachment wp-att-35043\"><img loading=\"lazy\" decoding=\"async\" class=\"aligncenter size-full wp-image-35043\" src=\"http:\/\/caballitotequiero.com.ar\/portal\/wp-content\/uploads\/2022\/10\/caballito-se-escapa-1.jpg\" alt=\"\" width=\"649\" height=\"487\" srcset=\"http:\/\/caballitotequiero.com.ar\/portal\/wp-content\/uploads\/2022\/10\/caballito-se-escapa-1.jpg 649w, http:\/\/caballitotequiero.com.ar\/portal\/wp-content\/uploads\/2022\/10\/caballito-se-escapa-1-300x225.jpg 300w, http:\/\/caballitotequiero.com.ar\/portal\/wp-content\/uploads\/2022\/10\/caballito-se-escapa-1-450x338.jpg 450w\" sizes=\"auto, (max-width: 649px) 100vw, 649px\" \/><\/a> <a href=\"http:\/\/caballitotequiero.com.ar\/portal\/wp-content\/uploads\/2022\/10\/caballito-se-escapa-2.jpg\" rel=\"attachment wp-att-35044\"><img loading=\"lazy\" decoding=\"async\" class=\"aligncenter size-full wp-image-35044\" src=\"http:\/\/caballitotequiero.com.ar\/portal\/wp-content\/uploads\/2022\/10\/caballito-se-escapa-2.jpg\" alt=\"\" width=\"650\" height=\"867\" srcset=\"http:\/\/caballitotequiero.com.ar\/portal\/wp-content\/uploads\/2022\/10\/caballito-se-escapa-2.jpg 650w, http:\/\/caballitotequiero.com.ar\/portal\/wp-content\/uploads\/2022\/10\/caballito-se-escapa-2-225x300.jpg 225w, http:\/\/caballitotequiero.com.ar\/portal\/wp-content\/uploads\/2022\/10\/caballito-se-escapa-2-529x705.jpg 529w, http:\/\/caballitotequiero.com.ar\/portal\/wp-content\/uploads\/2022\/10\/caballito-se-escapa-2-450x600.jpg 450w\" sizes=\"auto, (max-width: 650px) 100vw, 650px\" \/><\/a><\/p>\n","protected":false},"excerpt":{"rendered":"<p>La Semana del Arte es un evento en el que el espacio p\u00fablico de la Ciudad se ve intervenido por 10 obras de arte contempor\u00e1neo. Del 27 de septiembre al 4 de octubre de 2022 podr\u00e1n observarse estos trabajos y en el barrio de Caballito encontramos una de ellas. En el Parque Rivadavia fue colocada [&hellip;]<\/p>\n","protected":false},"author":1,"featured_media":35044,"comment_status":"open","ping_status":"open","sticky":false,"template":"","format":"standard","meta":{"footnotes":""},"categories":[5],"tags":[],"class_list":["post-35042","post","type-post","status-publish","format-standard","has-post-thumbnail","hentry","category-noticias"],"_links":{"self":[{"href":"http:\/\/caballitotequiero.com.ar\/portal\/wp-json\/wp\/v2\/posts\/35042","targetHints":{"allow":["GET"]}}],"collection":[{"href":"http:\/\/caballitotequiero.com.ar\/portal\/wp-json\/wp\/v2\/posts"}],"about":[{"href":"http:\/\/caballitotequiero.com.ar\/portal\/wp-json\/wp\/v2\/types\/post"}],"author":[{"embeddable":true,"href":"http:\/\/caballitotequiero.com.ar\/portal\/wp-json\/wp\/v2\/users\/1"}],"replies":[{"embeddable":true,"href":"http:\/\/caballitotequiero.com.ar\/portal\/wp-json\/wp\/v2\/comments?post=35042"}],"version-history":[{"count":1,"href":"http:\/\/caballitotequiero.com.ar\/portal\/wp-json\/wp\/v2\/posts\/35042\/revisions"}],"predecessor-version":[{"id":35045,"href":"http:\/\/caballitotequiero.com.ar\/portal\/wp-json\/wp\/v2\/posts\/35042\/revisions\/35045"}],"wp:featuredmedia":[{"embeddable":true,"href":"http:\/\/caballitotequiero.com.ar\/portal\/wp-json\/wp\/v2\/media\/35044"}],"wp:attachment":[{"href":"http:\/\/caballitotequiero.com.ar\/portal\/wp-json\/wp\/v2\/media?parent=35042"}],"wp:term":[{"taxonomy":"category","embeddable":true,"href":"http:\/\/caballitotequiero.com.ar\/portal\/wp-json\/wp\/v2\/categories?post=35042"},{"taxonomy":"post_tag","embeddable":true,"href":"http:\/\/caballitotequiero.com.ar\/portal\/wp-json\/wp\/v2\/tags?post=35042"}],"curies":[{"name":"wp","href":"https:\/\/api.w.org\/{rel}","templated":true}]}}