{"id":35046,"date":"2022-10-02T21:03:47","date_gmt":"2022-10-03T00:03:47","guid":{"rendered":"http:\/\/caballitotequiero.com.ar\/portal\/?p=35046"},"modified":"2022-10-03T21:06:15","modified_gmt":"2022-10-04T00:06:15","slug":"cumple-113-anos-el-colegio-primera-junta","status":"publish","type":"post","link":"http:\/\/caballitotequiero.com.ar\/portal\/2022\/10\/02\/cumple-113-anos-el-colegio-primera-junta\/","title":{"rendered":"CUMPLE 113 A\u00d1OS EL COLEGIO PRIMERA JUNTA"},"content":{"rendered":"<p>El Colegio Primera Junta fue creado el 1\u00ba de octubre de 1909. Se imaugur\u00f3 en la calle Georgestown 75 (actual\u00a0 Jos\u00e9 Juan Biedma), bajo la direcci\u00f3n de don Angel Castagna. Se inici\u00f3 con 11 alumnos. Al a\u00f1o siguiente la inscripci\u00f3n lleg\u00f3 a ser de 350 alumnos.<\/p>\n<p><strong>1913:<\/strong> se traslada a Rivadavia 5245, casa que hab\u00eda sido propiedad de don David Spinetto. La inscripci\u00f3n fue de 477 alumnos.<\/p>\n<p><strong>1925:<\/strong> Siendo Director el Sr. Tulio Col\u00f3n, se le impone el nombre de Primera Junta, hasta ese momento se la identificaba como Escuela N\u00ba 7 Consejo Escolar XI.<\/p>\n<p><strong>1940:<\/strong> se agrega para el funcionamiento de la escuela otra casa, con entrada por Yerbal 655.<\/p>\n<p><strong>1957:<\/strong> la escuela pasa a ser la N\u00ba 3 Consejo Escolar VII, como hasta la actualidad.<\/p>\n<p><strong>1964:<\/strong> Dada\u00a0 la antig\u00fcedad del edificio, se lleva a cabo la reparaci\u00f3n y remodelaci\u00f3n de aulas y patios. La Asociaci\u00f3n Cooperadora construye dos aulas destinadas a Jard\u00edn de Infantes.<\/p>\n<p><strong>1983<\/strong>: La escuela se traslada a su tercera sede donde se encuentra actualmente.\u00a0 El 7 de abril se inaugura el nuevo edificio en Rivadavia 4817, frente al Parque Rivadavia y junto a la Parroquia de Caacup\u00e9. El acto es presidido por el Intendente Dr. Guillermo del Cioppo, tambi\u00e9n estuvo presente el Cardenal Primado de Argentina, Monse\u00f1or Juan Carlos Aramburu.<\/p>\n<p><strong>1984:<\/strong> la escuela cumple 75 a\u00f1os. Ese a\u00f1o se suscita un importante conflicto, dado que el parque circundante a la escuela es declarado, por el Concejo Deliberante, paseo p\u00fablico.<\/p>\n<p><strong>1993:<\/strong> ante la insistencia de la escuela, el espacio verde pasa a pertenecer a la Secretar\u00eda de Educaci\u00f3n, dejando de ser espacio p\u00fablico. La Ordenanza es de agosto de 1993 y lleva el Nro.46901.<\/p>\n<p><strong>2009:<\/strong> la escuela cumple su centenario. Mantiene un n\u00famero elevado de alumnos, siendo en la actualidad una de las escuelas p\u00fablicas m\u00e1s requeridas para la matriculaci\u00f3n.<\/p>\n<p>Antiguamente, cuando Caballito era zona de quintas, este solar pertenec\u00eda a la familia Wanklin. Fue tambi\u00e9n residencia del ministro franc\u00e9s conde Amelot de Chaillou y en esa quinta pasaba sus vacaciones el presidente Julio Argentino Roca.<\/p>\n<p>En el a\u00f1o 1883 esta antigua casona de arquitectura rioplatense, de una sola planta, con 16 habitaciones y corredores amplios, fue adquirida por la orden de la Santa Uni\u00f3n de los Sagrados Corazones para su nuevo convento y escuela. M\u00e1s adelante agregar\u00edan un piso a la casa, y en el a\u00f1o 1908 se construye la capilla (actualmente es la parroquia Nuestra Se\u00f1ora de Caacup\u00e9).<\/p>\n<p>El colegio mantiene hoy, como parte de su patrimonio hist\u00f3rico y arquitect\u00f3nico, un sector de esa antigua construcci\u00f3n, en perfecto estado de conservaci\u00f3n.<\/p>\n<div id=\"attachment_29374\" style=\"width: 710px\" class=\"wp-caption aligncenter\"><a href=\"http:\/\/caballitotequiero.com.ar\/portal\/wp-content\/uploads\/2019\/10\/1-Colegio-Primera-Junta.-Segunta-ubicaci\u00f3n.jpg\" rel=\"attachment wp-att-29374\"><img loading=\"lazy\" decoding=\"async\" aria-describedby=\"caption-attachment-29374\" class=\"size-full wp-image-29374\" src=\"http:\/\/caballitotequiero.com.ar\/portal\/wp-content\/uploads\/2019\/10\/1-Colegio-Primera-Junta.-Segunta-ubicaci\u00f3n.jpg\" alt=\"El Colegio Primera Junta en su segunda ubicaci\u00f3n, Rivadavia 5245. \" width=\"700\" height=\"460\" srcset=\"http:\/\/caballitotequiero.com.ar\/portal\/wp-content\/uploads\/2019\/10\/1-Colegio-Primera-Junta.-Segunta-ubicaci\u00f3n.jpg 700w, http:\/\/caballitotequiero.com.ar\/portal\/wp-content\/uploads\/2019\/10\/1-Colegio-Primera-Junta.-Segunta-ubicaci\u00f3n-300x197.jpg 300w, http:\/\/caballitotequiero.com.ar\/portal\/wp-content\/uploads\/2019\/10\/1-Colegio-Primera-Junta.-Segunta-ubicaci\u00f3n-450x296.jpg 450w\" sizes=\"auto, (max-width: 700px) 100vw, 700px\" \/><\/a><p id=\"caption-attachment-29374\" class=\"wp-caption-text\">El Colegio Primera Junta en su segunda ubicaci\u00f3n, Rivadavia 5245.<\/p><\/div>\n<div id=\"attachment_29375\" style=\"width: 710px\" class=\"wp-caption aligncenter\"><a href=\"http:\/\/caballitotequiero.com.ar\/portal\/wp-content\/uploads\/2019\/10\/2-Colegio-Primera-Junta-hoy.jpg\" rel=\"attachment wp-att-29375\"><img loading=\"lazy\" decoding=\"async\" aria-describedby=\"caption-attachment-29375\" class=\"size-full wp-image-29375\" src=\"http:\/\/caballitotequiero.com.ar\/portal\/wp-content\/uploads\/2019\/10\/2-Colegio-Primera-Junta-hoy.jpg\" alt=\"Colegio Primera Junta hoy, frente al parque Rivadavia.\" width=\"700\" height=\"541\" srcset=\"http:\/\/caballitotequiero.com.ar\/portal\/wp-content\/uploads\/2019\/10\/2-Colegio-Primera-Junta-hoy.jpg 700w, http:\/\/caballitotequiero.com.ar\/portal\/wp-content\/uploads\/2019\/10\/2-Colegio-Primera-Junta-hoy-300x232.jpg 300w, http:\/\/caballitotequiero.com.ar\/portal\/wp-content\/uploads\/2019\/10\/2-Colegio-Primera-Junta-hoy-450x348.jpg 450w\" sizes=\"auto, (max-width: 700px) 100vw, 700px\" \/><\/a><p id=\"caption-attachment-29375\" class=\"wp-caption-text\">Colegio Primera Junta hoy, frente al parque Rivadavia.<\/p><\/div>\n","protected":false},"excerpt":{"rendered":"<p>El Colegio Primera Junta fue creado el 1\u00ba de octubre de 1909. Se imaugur\u00f3 en la calle Georgestown 75 (actual\u00a0 Jos\u00e9 Juan Biedma), bajo la direcci\u00f3n de don Angel Castagna. Se inici\u00f3 con 11 alumnos. Al a\u00f1o siguiente la inscripci\u00f3n lleg\u00f3 a ser de 350 alumnos. 1913: se traslada a Rivadavia 5245, casa que hab\u00eda [&hellip;]<\/p>\n","protected":false},"author":1,"featured_media":29374,"comment_status":"open","ping_status":"open","sticky":false,"template":"","format":"standard","meta":{"footnotes":""},"categories":[5],"tags":[],"class_list":["post-35046","post","type-post","status-publish","format-standard","has-post-thumbnail","hentry","category-noticias"],"_links":{"self":[{"href":"http:\/\/caballitotequiero.com.ar\/portal\/wp-json\/wp\/v2\/posts\/35046","targetHints":{"allow":["GET"]}}],"collection":[{"href":"http:\/\/caballitotequiero.com.ar\/portal\/wp-json\/wp\/v2\/posts"}],"about":[{"href":"http:\/\/caballitotequiero.com.ar\/portal\/wp-json\/wp\/v2\/types\/post"}],"author":[{"embeddable":true,"href":"http:\/\/caballitotequiero.com.ar\/portal\/wp-json\/wp\/v2\/users\/1"}],"replies":[{"embeddable":true,"href":"http:\/\/caballitotequiero.com.ar\/portal\/wp-json\/wp\/v2\/comments?post=35046"}],"version-history":[{"count":1,"href":"http:\/\/caballitotequiero.com.ar\/portal\/wp-json\/wp\/v2\/posts\/35046\/revisions"}],"predecessor-version":[{"id":35047,"href":"http:\/\/caballitotequiero.com.ar\/portal\/wp-json\/wp\/v2\/posts\/35046\/revisions\/35047"}],"wp:featuredmedia":[{"embeddable":true,"href":"http:\/\/caballitotequiero.com.ar\/portal\/wp-json\/wp\/v2\/media\/29374"}],"wp:attachment":[{"href":"http:\/\/caballitotequiero.com.ar\/portal\/wp-json\/wp\/v2\/media?parent=35046"}],"wp:term":[{"taxonomy":"category","embeddable":true,"href":"http:\/\/caballitotequiero.com.ar\/portal\/wp-json\/wp\/v2\/categories?post=35046"},{"taxonomy":"post_tag","embeddable":true,"href":"http:\/\/caballitotequiero.com.ar\/portal\/wp-json\/wp\/v2\/tags?post=35046"}],"curies":[{"name":"wp","href":"https:\/\/api.w.org\/{rel}","templated":true}]}}