{"id":3828,"date":"2011-10-03T23:03:54","date_gmt":"2011-10-04T02:03:54","guid":{"rendered":"http:\/\/caballitotequiero.com.ar\/portal\/?p=3828"},"modified":"2011-10-03T23:05:23","modified_gmt":"2011-10-04T02:05:23","slug":"la-junta-de-historia-del-caballito-celebro-su-reunion-numero-100","status":"publish","type":"post","link":"http:\/\/caballitotequiero.com.ar\/portal\/2011\/10\/03\/la-junta-de-historia-del-caballito-celebro-su-reunion-numero-100\/","title":{"rendered":"LA JUNTA DE HISTORIA DEL CABALLITO CELEBR\u00d3 SU REUNI\u00d3N N\u00daMERO 100"},"content":{"rendered":"<p>El viernes 30 de septiembre a las 19.30, tuvo lugar en el tradicional sal\u00f3n de la Asociaci\u00f3n de Fomento y Biblioteca Popular General Alvear, una exposici\u00f3n del profesor Juan Jos\u00e9 Caruso sobre el tema: \u201cLos Dandys Porte\u00f1os\u201d.<\/p>\n<p>Encuadrado en el Ciclo de Charlas 2011 de la Junta de Estudios Hist\u00f3ricos del Caballito, el evento cont\u00f3 con la concurrencia de numeroso p\u00fablico.<\/p>\n<p>El profesor Caruso, hizo gala de su atrapante narrativa, desgranado las ex\u00f3ticas historias de emblem\u00e1ticos dandys porte\u00f1os. As\u00ed, los concurrentes, pudieron conocer las fastuosidades, excesos y amor\u00edos de personajes como: Manuel Quintana, Fabi\u00e1n de Anchorena, Bernardo de Irigoyen, Lucio Mansilla, Mart\u00edn \u201cMacoco\u201d Alzaga Unzu\u00e9, Florencio Parraviccini, Ricardo Passano y Osvaldo Miranda.<\/p>\n<p>Todos ellos marcaron una \u00e9poca de oro de la Argentina, donde, a decir de los europeos, las mujeres \u201cQuer\u00edan un perro pequin\u00e9s como mascota y\u2026 un amante argentino\u201d<\/p>\n<p>Finalizada la charla del profesor Caruso, los miembros de la Junta, se reunieron para festejar la cent\u00e9sima reuni\u00f3n de la prestigiosa instituci\u00f3n caballitense.<\/p>\n<p>Compartiendo unas, muy criollas empanadas, departieron recordando an\u00e9cdotas e historias del barrio.<\/p>\n<p>A la hora del brindis, el presidente de la Junta, Aquilino Gonz\u00e1lez Podest\u00e1, record\u00f3 la fundaci\u00f3n de la misma, en 1976, y el largo trayecto de logros que llevaron a una exitosa actualidad.<\/p>\n<div id=\"attachment_3829\" style=\"width: 520px\" class=\"wp-caption alignleft\"><img loading=\"lazy\" decoding=\"async\" aria-describedby=\"caption-attachment-3829\" class=\"size-full wp-image-3829\" src=\"http:\/\/caballitotequiero.com.ar\/portal\/wp-content\/uploads\/2011\/10\/0-JUNTA-REUNION-100-1.jpg\" alt=\"\" width=\"510\" height=\"383\" srcset=\"http:\/\/caballitotequiero.com.ar\/portal\/wp-content\/uploads\/2011\/10\/0-JUNTA-REUNION-100-1.jpg 510w, http:\/\/caballitotequiero.com.ar\/portal\/wp-content\/uploads\/2011\/10\/0-JUNTA-REUNION-100-1-300x225.jpg 300w, http:\/\/caballitotequiero.com.ar\/portal\/wp-content\/uploads\/2011\/10\/0-JUNTA-REUNION-100-1-80x60.jpg 80w\" sizes=\"auto, (max-width: 510px) 100vw, 510px\" \/><p id=\"caption-attachment-3829\" class=\"wp-caption-text\">El Profesor Caruso tuvo a su cargo una amena exposici\u00f3n sobre &quot;Los Dandys Porte\u00f1os&quot;<\/p><\/div>\n<div id=\"attachment_3830\" style=\"width: 520px\" class=\"wp-caption alignleft\"><img loading=\"lazy\" decoding=\"async\" aria-describedby=\"caption-attachment-3830\" class=\"size-full wp-image-3830\" src=\"http:\/\/caballitotequiero.com.ar\/portal\/wp-content\/uploads\/2011\/10\/0-JUNTA-REUNION-100-2.jpg\" alt=\"\" width=\"510\" height=\"383\" srcset=\"http:\/\/caballitotequiero.com.ar\/portal\/wp-content\/uploads\/2011\/10\/0-JUNTA-REUNION-100-2.jpg 510w, http:\/\/caballitotequiero.com.ar\/portal\/wp-content\/uploads\/2011\/10\/0-JUNTA-REUNION-100-2-300x225.jpg 300w, http:\/\/caballitotequiero.com.ar\/portal\/wp-content\/uploads\/2011\/10\/0-JUNTA-REUNION-100-2-80x60.jpg 80w\" sizes=\"auto, (max-width: 510px) 100vw, 510px\" \/><p id=\"caption-attachment-3830\" class=\"wp-caption-text\">Al finalizar la charla, los miembros de la Junta de Historia festejaron la reuni\u00f3n n\u00famero cien.<\/p><\/div>\n<p><img loading=\"lazy\" decoding=\"async\" class=\"alignleft size-full wp-image-3831\" src=\"http:\/\/caballitotequiero.com.ar\/portal\/wp-content\/uploads\/2011\/10\/0-JUNTA-REUNION-100-3.jpg\" alt=\"\" width=\"510\" height=\"383\" srcset=\"http:\/\/caballitotequiero.com.ar\/portal\/wp-content\/uploads\/2011\/10\/0-JUNTA-REUNION-100-3.jpg 510w, http:\/\/caballitotequiero.com.ar\/portal\/wp-content\/uploads\/2011\/10\/0-JUNTA-REUNION-100-3-300x225.jpg 300w, http:\/\/caballitotequiero.com.ar\/portal\/wp-content\/uploads\/2011\/10\/0-JUNTA-REUNION-100-3-80x60.jpg 80w\" sizes=\"auto, (max-width: 510px) 100vw, 510px\" \/><img loading=\"lazy\" decoding=\"async\" class=\"alignleft size-full wp-image-3832\" src=\"http:\/\/caballitotequiero.com.ar\/portal\/wp-content\/uploads\/2011\/10\/0-JUNTA-REUNION-100-4.jpg\" alt=\"\" width=\"510\" height=\"359\" srcset=\"http:\/\/caballitotequiero.com.ar\/portal\/wp-content\/uploads\/2011\/10\/0-JUNTA-REUNION-100-4.jpg 510w, http:\/\/caballitotequiero.com.ar\/portal\/wp-content\/uploads\/2011\/10\/0-JUNTA-REUNION-100-4-300x211.jpg 300w\" sizes=\"auto, (max-width: 510px) 100vw, 510px\" \/><\/p>\n","protected":false},"excerpt":{"rendered":"<p>El viernes 30 de septiembre a las 19.30, tuvo lugar en el tradicional sal\u00f3n de la Asociaci\u00f3n de Fomento y Biblioteca Popular General Alvear, una exposici\u00f3n del profesor Juan Jos\u00e9 Caruso sobre el tema: \u201cLos Dandys Porte\u00f1os\u201d. Encuadrado en el Ciclo de Charlas 2011 de la Junta de Estudios Hist\u00f3ricos del Caballito, el evento cont\u00f3 [&hellip;]<\/p>\n","protected":false},"author":1,"featured_media":3833,"comment_status":"open","ping_status":"open","sticky":false,"template":"","format":"standard","meta":{"footnotes":""},"categories":[5],"tags":[],"class_list":["post-3828","post","type-post","status-publish","format-standard","has-post-thumbnail","hentry","category-noticias"],"_links":{"self":[{"href":"http:\/\/caballitotequiero.com.ar\/portal\/wp-json\/wp\/v2\/posts\/3828","targetHints":{"allow":["GET"]}}],"collection":[{"href":"http:\/\/caballitotequiero.com.ar\/portal\/wp-json\/wp\/v2\/posts"}],"about":[{"href":"http:\/\/caballitotequiero.com.ar\/portal\/wp-json\/wp\/v2\/types\/post"}],"author":[{"embeddable":true,"href":"http:\/\/caballitotequiero.com.ar\/portal\/wp-json\/wp\/v2\/users\/1"}],"replies":[{"embeddable":true,"href":"http:\/\/caballitotequiero.com.ar\/portal\/wp-json\/wp\/v2\/comments?post=3828"}],"version-history":[{"count":3,"href":"http:\/\/caballitotequiero.com.ar\/portal\/wp-json\/wp\/v2\/posts\/3828\/revisions"}],"predecessor-version":[{"id":3836,"href":"http:\/\/caballitotequiero.com.ar\/portal\/wp-json\/wp\/v2\/posts\/3828\/revisions\/3836"}],"wp:featuredmedia":[{"embeddable":true,"href":"http:\/\/caballitotequiero.com.ar\/portal\/wp-json\/wp\/v2\/media\/3833"}],"wp:attachment":[{"href":"http:\/\/caballitotequiero.com.ar\/portal\/wp-json\/wp\/v2\/media?parent=3828"}],"wp:term":[{"taxonomy":"category","embeddable":true,"href":"http:\/\/caballitotequiero.com.ar\/portal\/wp-json\/wp\/v2\/categories?post=3828"},{"taxonomy":"post_tag","embeddable":true,"href":"http:\/\/caballitotequiero.com.ar\/portal\/wp-json\/wp\/v2\/tags?post=3828"}],"curies":[{"name":"wp","href":"https:\/\/api.w.org\/{rel}","templated":true}]}}