{"id":3837,"date":"2011-10-03T23:17:46","date_gmt":"2011-10-04T02:17:46","guid":{"rendered":"http:\/\/caballitotequiero.com.ar\/portal\/?p=3837"},"modified":"2011-10-03T23:17:46","modified_gmt":"2011-10-04T02:17:46","slug":"invitacion-a-los-vecinos-de-parque-centenario","status":"publish","type":"post","link":"http:\/\/caballitotequiero.com.ar\/portal\/2011\/10\/03\/invitacion-a-los-vecinos-de-parque-centenario\/","title":{"rendered":"INVITACI\u00d3N A LOS VECINOS DE PARQUE CENTENARIO"},"content":{"rendered":"<p><strong><em>El mi\u00e9rcoles 5 de octubre, a las 19 hs. tendr\u00e1 lugar una reuni\u00f3n con vecinos de Parque Centenario en la Parroquia Nuestra Se\u00f1ora de los Dolores ( Av. D\u00edaz V\u00e9lez  4860).<\/em><\/strong><\/p>\n<p><strong><em>El objetivo es tratar temas relacionados con inseguridad, ocupaci\u00f3n del espacio p\u00fablico, ruidos molestos, venta ilegal, etc. Participar\u00e1n en la reuni\u00f3n representantes del Ministerio P\u00fablico Fiscal.<\/em><\/strong><\/p>\n<p><strong><em>Es importante la participaci\u00f3n y el aporte de propuestas y denuncias por parte de los vecinos para colaborar con la mejora del Parque .<\/em><\/strong><\/p>\n<p><strong><em>Est\u00e1n invitados a participar todos los vecinos de Caballito y en especial los de la zona del Parque Centenario.<\/em><\/strong><\/p>\n","protected":false},"excerpt":{"rendered":"<p>El mi\u00e9rcoles 5 de octubre, a las 19 hs. tendr\u00e1 lugar una reuni\u00f3n con vecinos de Parque Centenario en la Parroquia Nuestra Se\u00f1ora de los Dolores ( Av. D\u00edaz V\u00e9lez 4860). El objetivo es tratar temas relacionados con inseguridad, ocupaci\u00f3n del espacio p\u00fablico, ruidos molestos, venta ilegal, etc. Participar\u00e1n en la reuni\u00f3n representantes del Ministerio [&hellip;]<\/p>\n","protected":false},"author":1,"featured_media":3838,"comment_status":"open","ping_status":"open","sticky":false,"template":"","format":"standard","meta":{"footnotes":""},"categories":[5],"tags":[],"class_list":["post-3837","post","type-post","status-publish","format-standard","has-post-thumbnail","hentry","category-noticias"],"_links":{"self":[{"href":"http:\/\/caballitotequiero.com.ar\/portal\/wp-json\/wp\/v2\/posts\/3837","targetHints":{"allow":["GET"]}}],"collection":[{"href":"http:\/\/caballitotequiero.com.ar\/portal\/wp-json\/wp\/v2\/posts"}],"about":[{"href":"http:\/\/caballitotequiero.com.ar\/portal\/wp-json\/wp\/v2\/types\/post"}],"author":[{"embeddable":true,"href":"http:\/\/caballitotequiero.com.ar\/portal\/wp-json\/wp\/v2\/users\/1"}],"replies":[{"embeddable":true,"href":"http:\/\/caballitotequiero.com.ar\/portal\/wp-json\/wp\/v2\/comments?post=3837"}],"version-history":[{"count":1,"href":"http:\/\/caballitotequiero.com.ar\/portal\/wp-json\/wp\/v2\/posts\/3837\/revisions"}],"predecessor-version":[{"id":3839,"href":"http:\/\/caballitotequiero.com.ar\/portal\/wp-json\/wp\/v2\/posts\/3837\/revisions\/3839"}],"wp:featuredmedia":[{"embeddable":true,"href":"http:\/\/caballitotequiero.com.ar\/portal\/wp-json\/wp\/v2\/media\/3838"}],"wp:attachment":[{"href":"http:\/\/caballitotequiero.com.ar\/portal\/wp-json\/wp\/v2\/media?parent=3837"}],"wp:term":[{"taxonomy":"category","embeddable":true,"href":"http:\/\/caballitotequiero.com.ar\/portal\/wp-json\/wp\/v2\/categories?post=3837"},{"taxonomy":"post_tag","embeddable":true,"href":"http:\/\/caballitotequiero.com.ar\/portal\/wp-json\/wp\/v2\/tags?post=3837"}],"curies":[{"name":"wp","href":"https:\/\/api.w.org\/{rel}","templated":true}]}}