{"id":3841,"date":"2011-10-05T07:46:50","date_gmt":"2011-10-05T10:46:50","guid":{"rendered":"http:\/\/caballitotequiero.com.ar\/portal\/?p=3841"},"modified":"2011-10-05T07:46:50","modified_gmt":"2011-10-05T10:46:50","slug":"compromiso-con-plaza-irlanda","status":"publish","type":"post","link":"http:\/\/caballitotequiero.com.ar\/portal\/2011\/10\/05\/compromiso-con-plaza-irlanda\/","title":{"rendered":"COMPROMISO CON PLAZA IRLANDA"},"content":{"rendered":"<p><span style=\"font-size: x-small;\"><span style=\"font-size: x-small;\">Hoy,  5 de Octubre , a partir de  las 14 hs. se realizar\u00e1n diferentes actividades en Plaza Irlanda. Las mismas comenzar\u00e1n con la colocaci\u00f3n de plantines por parte de alumnos de los colegios de la zona. Luego tendr\u00e1 lugar la<\/span><\/span><span style=\"font-size: x-small;\"><span style=\"font-size: x-small;\"> ratificaci\u00f3n del Compromiso Comunitario, a partir del cual, vecinos y gobierno se comprometen a generar una mayor participaci\u00f3n c\u00edvica disfrutando de los bienes p\u00fablicos.<\/span><\/span><\/p>\n<p><span style=\"font-size: x-small;\"><span style=\"font-size: x-small;\"><img loading=\"lazy\" decoding=\"async\" class=\"alignleft size-full wp-image-3842\" src=\"http:\/\/caballitotequiero.com.ar\/portal\/wp-content\/uploads\/2011\/10\/PzaIrlanda_nvafecha-1.jpg\" alt=\"\" width=\"539\" height=\"759\" srcset=\"http:\/\/caballitotequiero.com.ar\/portal\/wp-content\/uploads\/2011\/10\/PzaIrlanda_nvafecha-1.jpg 539w, http:\/\/caballitotequiero.com.ar\/portal\/wp-content\/uploads\/2011\/10\/PzaIrlanda_nvafecha-1-213x300.jpg 213w\" sizes=\"auto, (max-width: 539px) 100vw, 539px\" \/><br \/>\n<\/span><\/span><\/p>\n<p><span style=\"font-size: x-small;\"><span style=\"font-size: x-small;\"><br \/>\n<\/span><\/span><\/p>\n","protected":false},"excerpt":{"rendered":"<p>Hoy, 5 de Octubre , a partir de las 14 hs. se realizar\u00e1n diferentes actividades en Plaza Irlanda. Las mismas comenzar\u00e1n con la colocaci\u00f3n de plantines por parte de alumnos de los colegios de la zona. Luego tendr\u00e1 lugar la ratificaci\u00f3n del Compromiso Comunitario, a partir del cual, vecinos y gobierno se comprometen a generar [&hellip;]<\/p>\n","protected":false},"author":1,"featured_media":3843,"comment_status":"open","ping_status":"open","sticky":false,"template":"","format":"standard","meta":{"footnotes":""},"categories":[5],"tags":[],"class_list":["post-3841","post","type-post","status-publish","format-standard","has-post-thumbnail","hentry","category-noticias"],"_links":{"self":[{"href":"http:\/\/caballitotequiero.com.ar\/portal\/wp-json\/wp\/v2\/posts\/3841","targetHints":{"allow":["GET"]}}],"collection":[{"href":"http:\/\/caballitotequiero.com.ar\/portal\/wp-json\/wp\/v2\/posts"}],"about":[{"href":"http:\/\/caballitotequiero.com.ar\/portal\/wp-json\/wp\/v2\/types\/post"}],"author":[{"embeddable":true,"href":"http:\/\/caballitotequiero.com.ar\/portal\/wp-json\/wp\/v2\/users\/1"}],"replies":[{"embeddable":true,"href":"http:\/\/caballitotequiero.com.ar\/portal\/wp-json\/wp\/v2\/comments?post=3841"}],"version-history":[{"count":1,"href":"http:\/\/caballitotequiero.com.ar\/portal\/wp-json\/wp\/v2\/posts\/3841\/revisions"}],"predecessor-version":[{"id":3844,"href":"http:\/\/caballitotequiero.com.ar\/portal\/wp-json\/wp\/v2\/posts\/3841\/revisions\/3844"}],"wp:featuredmedia":[{"embeddable":true,"href":"http:\/\/caballitotequiero.com.ar\/portal\/wp-json\/wp\/v2\/media\/3843"}],"wp:attachment":[{"href":"http:\/\/caballitotequiero.com.ar\/portal\/wp-json\/wp\/v2\/media?parent=3841"}],"wp:term":[{"taxonomy":"category","embeddable":true,"href":"http:\/\/caballitotequiero.com.ar\/portal\/wp-json\/wp\/v2\/categories?post=3841"},{"taxonomy":"post_tag","embeddable":true,"href":"http:\/\/caballitotequiero.com.ar\/portal\/wp-json\/wp\/v2\/tags?post=3841"}],"curies":[{"name":"wp","href":"https:\/\/api.w.org\/{rel}","templated":true}]}}