{"id":3845,"date":"2011-10-05T09:17:53","date_gmt":"2011-10-05T12:17:53","guid":{"rendered":"http:\/\/caballitotequiero.com.ar\/portal\/?p=3845"},"modified":"2011-10-05T09:18:03","modified_gmt":"2011-10-05T12:18:03","slug":"ya-esta-abierta-la-inscripcion-para-la-colonia-de-verano-2012","status":"publish","type":"post","link":"http:\/\/caballitotequiero.com.ar\/portal\/2011\/10\/05\/ya-esta-abierta-la-inscripcion-para-la-colonia-de-verano-2012\/","title":{"rendered":"YA ESTA ABIERTA LA INSCRIPCI\u00d3N PARA LA COLONIA DE VERANO 2012"},"content":{"rendered":"<p>El Gobierno de la Ciudad de <a href=\"http:\/\/www.buenosaires.gov.ar\/noticias\/?modulo=ver&amp;idioma=es&amp;item_id=24230&amp;contenido_id=59030\">Buenos Aires<\/a> informa que la <strong><a href=\"http:\/\/www.buenosaires.gov.ar\/guiaba\/guia\/?menu=1&amp;info=indice&amp;idm=9\" target=\"_blank\">inscripci\u00f3n<\/a><\/strong> al <a href=\"http:\/\/www.buenosaires.gov.ar\/noticias\/?modulo=ver&amp;idioma=es&amp;item_id=24230&amp;contenido_id=59030\">programa<\/a> \u201c<strong>En vacaciones, segu\u00ed al deporte<\/strong>\u201d se llevar\u00e1 a cabo desde el 3 de octubre y hasta el 2 de diciembre en todos los CGPC de 12 a 18 hs.<\/p>\n<p>Apuntando al desarrollo de una cultura del bienestar y sustent\u00e1ndose en la idea de un \u201cDeporte para todos\u201d, desde la Subsecretar\u00eda de Deportes del Gobierno de la Ciudad de Buenos aires, se pretende generar el sencillo placer de la pr\u00e1ctica deportiva inicial y al mismo <a href=\"http:\/\/www.buenosaires.gov.ar\/noticias\/?modulo=ver&amp;idioma=es&amp;item_id=24230&amp;contenido_id=59030\">tiempo<\/a> implantar virtudes sociales, educativas e higi\u00e9nicas.<\/p>\n<p>Su objetivo es generar capacidades f\u00edsicas, emocionales e intelectuales para enfrentar diferentes situaciones cotidianas; promover el car\u00e1cter l\u00fadico de las pr\u00e1cticas deportivas, fomentar valores de solidaridad, participaci\u00f3n comunitaria, progreso y compa\u00f1erismo e integrar el deporte a la vida cotidiana de los ni\u00f1os.<\/p>\n<p><strong>\u00bfQui\u00e9n puede efectuar el tr\u00e1mite de inscripci\u00f3n?<\/strong><\/p>\n<ul>\n<li>Los padres y\/o      tutores legales. No pueden inscribirse m\u00e1s de seis ni\u00f1os por cada adulto      que concurra a realizar el tr\u00e1mite.<\/li>\n<li>El tr\u00e1mite de      inscripci\u00f3n es gratuito.<\/li>\n<\/ul>\n<p><strong>\u00bfQu\u00e9 se necesita para realizar el tr\u00e1mite?<\/strong><\/p>\n<ul>\n<li>Original y      fotocopia de DNI del padre\/ madre y\/o tutor del colono.<\/li>\n<li>En caso de no      contar con DNI, deber\u00e1 presentar el certificado de inicio del tr\u00e1mite de      solicitud de DNI o partida de nacimiento.<\/li>\n<li>Poseer      residencia en la Ciudad Aut\u00f3noma de Buenos Aires.<\/li>\n<li>Tener entre 4      (cumplidos al 02\/01) y 12 a\u00f1os.<\/li>\n<\/ul>\n<p><strong>Sedes de implementaci\u00f3n del programa<\/strong><\/p>\n<ul>\n<li>Polideportivos      dependientes de la Subsecretar\u00eda de Deportes del Gobierno de la Ciudad,      Gimnasia y Esgrima de Buenos Aires (Bartolom\u00e9 Mitre 1149).<\/li>\n<li>S\u00f3lo ser\u00e1n sede      de implementaci\u00f3n del programa de colonia los siguientes polideportivos:      Dorrego, Pereyra, Santojanni, Colegiales, Parque Roca, Avellaneda,      Chacabuco, Pomar, Costa Rica, Sarmiento, Ex \u2013 KDT, Mart\u00edn Fierro y      Patricios.<\/li>\n<\/ul>\n","protected":false},"excerpt":{"rendered":"<p>El Gobierno de la Ciudad de Buenos Aires informa que la inscripci\u00f3n al programa \u201cEn vacaciones, segu\u00ed al deporte\u201d se llevar\u00e1 a cabo desde el 3 de octubre y hasta el 2 de diciembre en todos los CGPC de 12 a 18 hs. Apuntando al desarrollo de una cultura del bienestar y sustent\u00e1ndose en la [&hellip;]<\/p>\n","protected":false},"author":1,"featured_media":3846,"comment_status":"open","ping_status":"open","sticky":false,"template":"","format":"standard","meta":{"footnotes":""},"categories":[5],"tags":[],"class_list":["post-3845","post","type-post","status-publish","format-standard","has-post-thumbnail","hentry","category-noticias"],"_links":{"self":[{"href":"http:\/\/caballitotequiero.com.ar\/portal\/wp-json\/wp\/v2\/posts\/3845","targetHints":{"allow":["GET"]}}],"collection":[{"href":"http:\/\/caballitotequiero.com.ar\/portal\/wp-json\/wp\/v2\/posts"}],"about":[{"href":"http:\/\/caballitotequiero.com.ar\/portal\/wp-json\/wp\/v2\/types\/post"}],"author":[{"embeddable":true,"href":"http:\/\/caballitotequiero.com.ar\/portal\/wp-json\/wp\/v2\/users\/1"}],"replies":[{"embeddable":true,"href":"http:\/\/caballitotequiero.com.ar\/portal\/wp-json\/wp\/v2\/comments?post=3845"}],"version-history":[{"count":2,"href":"http:\/\/caballitotequiero.com.ar\/portal\/wp-json\/wp\/v2\/posts\/3845\/revisions"}],"predecessor-version":[{"id":3848,"href":"http:\/\/caballitotequiero.com.ar\/portal\/wp-json\/wp\/v2\/posts\/3845\/revisions\/3848"}],"wp:featuredmedia":[{"embeddable":true,"href":"http:\/\/caballitotequiero.com.ar\/portal\/wp-json\/wp\/v2\/media\/3846"}],"wp:attachment":[{"href":"http:\/\/caballitotequiero.com.ar\/portal\/wp-json\/wp\/v2\/media?parent=3845"}],"wp:term":[{"taxonomy":"category","embeddable":true,"href":"http:\/\/caballitotequiero.com.ar\/portal\/wp-json\/wp\/v2\/categories?post=3845"},{"taxonomy":"post_tag","embeddable":true,"href":"http:\/\/caballitotequiero.com.ar\/portal\/wp-json\/wp\/v2\/tags?post=3845"}],"curies":[{"name":"wp","href":"https:\/\/api.w.org\/{rel}","templated":true}]}}