{"id":3849,"date":"2011-10-05T12:01:55","date_gmt":"2011-10-05T15:01:55","guid":{"rendered":"http:\/\/caballitotequiero.com.ar\/portal\/?p=3849"},"modified":"2011-10-05T12:01:55","modified_gmt":"2011-10-05T15:01:55","slug":"canasta-caballito-octubre-2011","status":"publish","type":"post","link":"http:\/\/caballitotequiero.com.ar\/portal\/2011\/10\/05\/canasta-caballito-octubre-2011\/","title":{"rendered":"CANASTA CABALLITO. OCTUBRE 2011"},"content":{"rendered":"<p>Desde el mes de marzo de 2011 \u201cCaballito Te quiero\u201d , est\u00e1 realizando un relevamiento de precios de veinte productos, tomados en tres supermercados del barrio. Los precios se toman el d\u00eda 1 de cada mes.<br \/>\nPublicamos a continuaci\u00f3n los precios tomados en d\u00eda 1\u00ba de OCTUBRE de 2011, y su comparaci\u00f3n con los meses de marzo,  julio, agosto y septiembre del corriente a\u00f1o.<br \/>\nSe advierte<span style=\"text-decoration: underline;\"> <a id=\"_GPLITA_0\" href=\"http:\/\/caballitotequiero.com.ar\/portal\/2011\/09\/02\/canasta-en-caballito-septiembre-2011\/#\">que<\/a> <\/span>para realizar la misma compra de los mismos 20 productos, se utilizar\u00e1n $ 0,62  m\u00e1s que en el mes anterior y $ 15,86  m\u00e1s que en el mes de marzo.<\/p>\n<p>PRECIOS TOMADOS EL 1\u00ba DE OCTUBRE DE 2011<\/p>\n<p><img loading=\"lazy\" decoding=\"async\" class=\"alignleft size-full wp-image-3850\" src=\"http:\/\/caballitotequiero.com.ar\/portal\/wp-content\/uploads\/2011\/10\/octubre-2011.jpg\" alt=\"\" width=\"524\" height=\"407\" srcset=\"http:\/\/caballitotequiero.com.ar\/portal\/wp-content\/uploads\/2011\/10\/octubre-2011.jpg 524w, http:\/\/caballitotequiero.com.ar\/portal\/wp-content\/uploads\/2011\/10\/octubre-2011-300x233.jpg 300w\" sizes=\"auto, (max-width: 524px) 100vw, 524px\" \/><img loading=\"lazy\" decoding=\"async\" class=\"alignleft size-full wp-image-3851\" src=\"http:\/\/caballitotequiero.com.ar\/portal\/wp-content\/uploads\/2011\/10\/marzo-julio-agosto-sept-oct.jpg\" alt=\"\" width=\"539\" height=\"364\" srcset=\"http:\/\/caballitotequiero.com.ar\/portal\/wp-content\/uploads\/2011\/10\/marzo-julio-agosto-sept-oct.jpg 539w, http:\/\/caballitotequiero.com.ar\/portal\/wp-content\/uploads\/2011\/10\/marzo-julio-agosto-sept-oct-300x202.jpg 300w\" sizes=\"auto, (max-width: 539px) 100vw, 539px\" \/><\/p>\n","protected":false},"excerpt":{"rendered":"<p>Desde el mes de marzo de 2011 \u201cCaballito Te quiero\u201d , est\u00e1 realizando un relevamiento de precios de veinte productos, tomados en tres supermercados del barrio. Los precios se toman el d\u00eda 1 de cada mes. Publicamos a continuaci\u00f3n los precios tomados en d\u00eda 1\u00ba de OCTUBRE de 2011, y su comparaci\u00f3n con los meses [&hellip;]<\/p>\n","protected":false},"author":1,"featured_media":3852,"comment_status":"open","ping_status":"open","sticky":false,"template":"","format":"standard","meta":{"footnotes":""},"categories":[5],"tags":[],"class_list":["post-3849","post","type-post","status-publish","format-standard","has-post-thumbnail","hentry","category-noticias"],"_links":{"self":[{"href":"http:\/\/caballitotequiero.com.ar\/portal\/wp-json\/wp\/v2\/posts\/3849","targetHints":{"allow":["GET"]}}],"collection":[{"href":"http:\/\/caballitotequiero.com.ar\/portal\/wp-json\/wp\/v2\/posts"}],"about":[{"href":"http:\/\/caballitotequiero.com.ar\/portal\/wp-json\/wp\/v2\/types\/post"}],"author":[{"embeddable":true,"href":"http:\/\/caballitotequiero.com.ar\/portal\/wp-json\/wp\/v2\/users\/1"}],"replies":[{"embeddable":true,"href":"http:\/\/caballitotequiero.com.ar\/portal\/wp-json\/wp\/v2\/comments?post=3849"}],"version-history":[{"count":1,"href":"http:\/\/caballitotequiero.com.ar\/portal\/wp-json\/wp\/v2\/posts\/3849\/revisions"}],"predecessor-version":[{"id":3853,"href":"http:\/\/caballitotequiero.com.ar\/portal\/wp-json\/wp\/v2\/posts\/3849\/revisions\/3853"}],"wp:featuredmedia":[{"embeddable":true,"href":"http:\/\/caballitotequiero.com.ar\/portal\/wp-json\/wp\/v2\/media\/3852"}],"wp:attachment":[{"href":"http:\/\/caballitotequiero.com.ar\/portal\/wp-json\/wp\/v2\/media?parent=3849"}],"wp:term":[{"taxonomy":"category","embeddable":true,"href":"http:\/\/caballitotequiero.com.ar\/portal\/wp-json\/wp\/v2\/categories?post=3849"},{"taxonomy":"post_tag","embeddable":true,"href":"http:\/\/caballitotequiero.com.ar\/portal\/wp-json\/wp\/v2\/tags?post=3849"}],"curies":[{"name":"wp","href":"https:\/\/api.w.org\/{rel}","templated":true}]}}