{"id":3887,"date":"2011-10-06T20:41:09","date_gmt":"2011-10-06T23:41:09","guid":{"rendered":"http:\/\/caballitotequiero.com.ar\/portal\/?p=3887"},"modified":"2011-10-06T20:41:09","modified_gmt":"2011-10-06T23:41:09","slug":"la-asociacion-amigos-del-tranvia-invitan-a-su-ciclo-de-charlas","status":"publish","type":"post","link":"http:\/\/caballitotequiero.com.ar\/portal\/2011\/10\/06\/la-asociacion-amigos-del-tranvia-invitan-a-su-ciclo-de-charlas\/","title":{"rendered":"LA ASOCIACI\u00d3N AMIGOS DEL TRANV\u00cdA INVITAN A SU CICLO DE CHARLAS"},"content":{"rendered":"<p><span style=\"font-family: Tahoma;\">El pr\u00f3ximo Viernes 7 de Octubre, a las 19.30 hs, en el marco del Ciclo de Charlas que ofrece la Asociaci\u00f3n Amigos del Tranv\u00eda, el presidente de esa instituci\u00f3n,  Arq. Aquilino Gonz\u00e1lez Podest\u00e1,  ofrecer\u00e1 un audiovisual titulado: \u00abMENDOZA: PASADO, PRESENTE Y FUTURO TRANVIARIO\u00bb.<\/span><\/p>\n<p><span style=\"font-family: Tahoma;\">La entrada es libre y gratuita y tendr\u00e1 lugar en el sal\u00f3n de Asociaci\u00f3n Vecinal General Alvear, Avellaneda 542.<\/span><\/p>\n<p><span style=\"font-family: Tahoma;\"><img loading=\"lazy\" decoding=\"async\" class=\"alignleft size-full wp-image-3888\" src=\"http:\/\/caballitotequiero.com.ar\/portal\/wp-content\/uploads\/2011\/10\/aat-grande.jpg\" alt=\"\" width=\"482\" height=\"649\" srcset=\"http:\/\/caballitotequiero.com.ar\/portal\/wp-content\/uploads\/2011\/10\/aat-grande.jpg 482w, http:\/\/caballitotequiero.com.ar\/portal\/wp-content\/uploads\/2011\/10\/aat-grande-222x300.jpg 222w\" sizes=\"auto, (max-width: 482px) 100vw, 482px\" \/><br \/>\n<\/span><\/p>\n","protected":false},"excerpt":{"rendered":"<p>El pr\u00f3ximo Viernes 7 de Octubre, a las 19.30 hs, en el marco del Ciclo de Charlas que ofrece la Asociaci\u00f3n Amigos del Tranv\u00eda, el presidente de esa instituci\u00f3n, Arq. Aquilino Gonz\u00e1lez Podest\u00e1, ofrecer\u00e1 un audiovisual titulado: \u00abMENDOZA: PASADO, PRESENTE Y FUTURO TRANVIARIO\u00bb. La entrada es libre y gratuita y tendr\u00e1 lugar en el sal\u00f3n [&hellip;]<\/p>\n","protected":false},"author":1,"featured_media":3889,"comment_status":"open","ping_status":"open","sticky":false,"template":"","format":"standard","meta":{"footnotes":""},"categories":[5],"tags":[],"class_list":["post-3887","post","type-post","status-publish","format-standard","has-post-thumbnail","hentry","category-noticias"],"_links":{"self":[{"href":"http:\/\/caballitotequiero.com.ar\/portal\/wp-json\/wp\/v2\/posts\/3887","targetHints":{"allow":["GET"]}}],"collection":[{"href":"http:\/\/caballitotequiero.com.ar\/portal\/wp-json\/wp\/v2\/posts"}],"about":[{"href":"http:\/\/caballitotequiero.com.ar\/portal\/wp-json\/wp\/v2\/types\/post"}],"author":[{"embeddable":true,"href":"http:\/\/caballitotequiero.com.ar\/portal\/wp-json\/wp\/v2\/users\/1"}],"replies":[{"embeddable":true,"href":"http:\/\/caballitotequiero.com.ar\/portal\/wp-json\/wp\/v2\/comments?post=3887"}],"version-history":[{"count":1,"href":"http:\/\/caballitotequiero.com.ar\/portal\/wp-json\/wp\/v2\/posts\/3887\/revisions"}],"predecessor-version":[{"id":3890,"href":"http:\/\/caballitotequiero.com.ar\/portal\/wp-json\/wp\/v2\/posts\/3887\/revisions\/3890"}],"wp:featuredmedia":[{"embeddable":true,"href":"http:\/\/caballitotequiero.com.ar\/portal\/wp-json\/wp\/v2\/media\/3889"}],"wp:attachment":[{"href":"http:\/\/caballitotequiero.com.ar\/portal\/wp-json\/wp\/v2\/media?parent=3887"}],"wp:term":[{"taxonomy":"category","embeddable":true,"href":"http:\/\/caballitotequiero.com.ar\/portal\/wp-json\/wp\/v2\/categories?post=3887"},{"taxonomy":"post_tag","embeddable":true,"href":"http:\/\/caballitotequiero.com.ar\/portal\/wp-json\/wp\/v2\/tags?post=3887"}],"curies":[{"name":"wp","href":"https:\/\/api.w.org\/{rel}","templated":true}]}}