{"id":3908,"date":"2011-10-11T15:23:01","date_gmt":"2011-10-11T18:23:01","guid":{"rendered":"http:\/\/caballitotequiero.com.ar\/portal\/?p=3908"},"modified":"2011-10-18T09:30:29","modified_gmt":"2011-10-18T12:30:29","slug":"roberto-felletti-visito-el-mercado-del-preogreso","status":"publish","type":"post","link":"http:\/\/caballitotequiero.com.ar\/portal\/2011\/10\/11\/roberto-felletti-visito-el-mercado-del-preogreso\/","title":{"rendered":"ROBERTO FELLETTI VISIT\u00d3 EL MERCADO DEL PROGRESO"},"content":{"rendered":"<p>En la ma\u00f1ana del s\u00e1bado 8 de octubre, el candidato a diputado nacional, por el FPV, Roberto Feletti, visit\u00f3 el Mercado del Progreso en el barrio de Caballito.<\/p>\n<p>Estuvo acompa\u00f1ado por, Mara Brawer, quinta en la lista de candidatos a diputados del FPV y, por los comuneros electos, de ese partido, Ondina Fraga y Ariel Angrisano. Asimismo asistieron militantes partidarios de las distintas agrupaciones pol\u00edticas que componen el frente. El contador Feletti recorri\u00f3, junto a ellos, \u00a0las instalaciones del emblem\u00e1tico comercio caballitense.<\/p>\n<p>Durante su recorrida, el candidato se detuvo a hablar con varios puesteros del Mercado. Entre otros con el presidente de la sociedad comercial del Mercado, Jorge Fern\u00e1ndez, quien lo homenaje\u00f3 con una bandeja de empanadas y, el tradicional, Nucho, El Rey de la Molleja.<\/p>\n<p>Llegado que fue a la salida sobre el pasaje Coronda, Feletti record\u00f3 que, el proyecto para la peatonalizaci\u00f3n del mismo, junto al pasaje Burgos, fue hecho durante su gesti\u00f3n, al frente del Ministerio de Infraestructura y Planeamiento del GCABA, en el a\u00f1o 2005.<\/p>\n<p>Una vez finalizada la visita al Mercado, Feletti ofreci\u00f3 una conferencia de prensa, para los medios barriales, en la pizzer\u00eda La Continental.<\/p>\n<p>All\u00ed respondi\u00f3 a diversos temas. Se explay\u00f3 sobre el UNASUR, la crisis econ\u00f3mica mundial, el recientemente inaugurado Polo Tecnol\u00f3gico de Palermo, la vivienda para la clase media y la profundizaci\u00f3n del modelo oficial en cuanto a educaci\u00f3n y salud.<\/p>\n<p>Horizonte, La Revista de Caballito le consult\u00f3 sobre su compromiso para gestionar el retorno de la Veleta Hist\u00f3rica al barrio, a lo cual Feletti respondi\u00f3: \u201cAsumo el compromiso de trabajar desde mi puesto para que la veleta pueda regresar. Les solicito me hagan llegar los antecedentes, para as\u00ed poder informarme y evaluar las posibles acciones\u201d.<\/p>\n<p>Consultado sobre la posible integraci\u00f3n del gobierno de la Ciudad a una comisi\u00f3n que le permita tener control sobre el transporte p\u00fablico de Buenos Aires, el candidato contest\u00f3 que, \u201cSin duda se debe integrar una comisi\u00f3n para toda el Area Metropolitana. Deber\u00e1 estar compuesta por: Naci\u00f3n, Provincia de Buenos Aires y la Ciudad de Buenos Aires y, desde all\u00ed dar un shock del transporte p\u00fablico\u201d<\/p>\n<p>Respecto al proyecto del ONABE de comercializar, con fines inmobiliarios, una parte de los terrenos que queden libres a partir del soterramiento de las v\u00edas del ex ferrocarril Sarmiento, dijo desconocer el proyecto pero, que se puede consultar al ONABE.<\/p>\n<p>Una vez terminada la conferencia de prensa, Roberto Feletti encamin\u00f3 sus pasos por la avenida Rivadavia para visitar otros comercios y entablar contacto con los vecinos.<\/p>\n<p>Una visita al barrio de Caballito que, form\u00f3 parte de la campa\u00f1a electoral con vistas al pr\u00f3ximo 23 de octubre.<\/p>\n<div id=\"attachment_3909\" style=\"width: 520px\" class=\"wp-caption alignleft\"><img loading=\"lazy\" decoding=\"async\" aria-describedby=\"caption-attachment-3909\" class=\"size-full wp-image-3909\" src=\"http:\/\/caballitotequiero.com.ar\/portal\/wp-content\/uploads\/2011\/10\/0-feletti-2.jpg\" alt=\"\" width=\"510\" height=\"383\" \/><p id=\"caption-attachment-3909\" class=\"wp-caption-text\">Recorriendo las instalaciones del Mercado<\/p><\/div>\n<div id=\"attachment_3911\" style=\"width: 520px\" class=\"wp-caption alignleft\"><img loading=\"lazy\" decoding=\"async\" aria-describedby=\"caption-attachment-3911\" class=\"size-full wp-image-3911\" src=\"http:\/\/caballitotequiero.com.ar\/portal\/wp-content\/uploads\/2011\/10\/0-feletti-4.jpg\" alt=\"\" width=\"510\" height=\"383\" \/><p id=\"caption-attachment-3911\" class=\"wp-caption-text\">Feletti estuvo acompa\u00f1ado por la candidata a diputada Mara  Brawer, los comuneros Ariel Angrisano y Ondina Fraga y Jorge Fern\u00e1ndez, presidente del Mercado del Progreso.<\/p><\/div>\n<div id=\"attachment_3912\" style=\"width: 520px\" class=\"wp-caption alignleft\"><img loading=\"lazy\" decoding=\"async\" aria-describedby=\"caption-attachment-3912\" class=\"size-full wp-image-3912\" src=\"http:\/\/caballitotequiero.com.ar\/portal\/wp-content\/uploads\/2011\/10\/0-feletti-5.jpg\" alt=\"\" width=\"510\" height=\"444\" \/><p id=\"caption-attachment-3912\" class=\"wp-caption-text\">Hubo tiempo hasta de probar empanadas...<\/p><\/div>\n<div id=\"attachment_3914\" style=\"width: 520px\" class=\"wp-caption alignleft\"><img loading=\"lazy\" decoding=\"async\" aria-describedby=\"caption-attachment-3914\" class=\"size-full wp-image-3914\" src=\"http:\/\/caballitotequiero.com.ar\/portal\/wp-content\/uploads\/2011\/10\/0-feletti-a.jpg\" alt=\"\" width=\"510\" height=\"374\" \/><p id=\"caption-attachment-3914\" class=\"wp-caption-text\">Al finalizar el recorrido hubo una conferencia de prensa para los medios zonales.<\/p><\/div>\n","protected":false},"excerpt":{"rendered":"<p>En la ma\u00f1ana del s\u00e1bado 8 de octubre, el candidato a diputado nacional, por el FPV, Roberto Feletti, visit\u00f3 el Mercado del Progreso en el barrio de Caballito. Estuvo acompa\u00f1ado por, Mara Brawer, quinta en la lista de candidatos a diputados del FPV y, por los comuneros electos, de ese partido, Ondina Fraga y Ariel [&hellip;]<\/p>\n","protected":false},"author":1,"featured_media":3923,"comment_status":"open","ping_status":"open","sticky":false,"template":"","format":"standard","meta":{"footnotes":""},"categories":[5],"tags":[],"class_list":["post-3908","post","type-post","status-publish","format-standard","has-post-thumbnail","hentry","category-noticias"],"_links":{"self":[{"href":"http:\/\/caballitotequiero.com.ar\/portal\/wp-json\/wp\/v2\/posts\/3908","targetHints":{"allow":["GET"]}}],"collection":[{"href":"http:\/\/caballitotequiero.com.ar\/portal\/wp-json\/wp\/v2\/posts"}],"about":[{"href":"http:\/\/caballitotequiero.com.ar\/portal\/wp-json\/wp\/v2\/types\/post"}],"author":[{"embeddable":true,"href":"http:\/\/caballitotequiero.com.ar\/portal\/wp-json\/wp\/v2\/users\/1"}],"replies":[{"embeddable":true,"href":"http:\/\/caballitotequiero.com.ar\/portal\/wp-json\/wp\/v2\/comments?post=3908"}],"version-history":[{"count":4,"href":"http:\/\/caballitotequiero.com.ar\/portal\/wp-json\/wp\/v2\/posts\/3908\/revisions"}],"predecessor-version":[{"id":3915,"href":"http:\/\/caballitotequiero.com.ar\/portal\/wp-json\/wp\/v2\/posts\/3908\/revisions\/3915"}],"wp:featuredmedia":[{"embeddable":true,"href":"http:\/\/caballitotequiero.com.ar\/portal\/wp-json\/wp\/v2\/media\/3923"}],"wp:attachment":[{"href":"http:\/\/caballitotequiero.com.ar\/portal\/wp-json\/wp\/v2\/media?parent=3908"}],"wp:term":[{"taxonomy":"category","embeddable":true,"href":"http:\/\/caballitotequiero.com.ar\/portal\/wp-json\/wp\/v2\/categories?post=3908"},{"taxonomy":"post_tag","embeddable":true,"href":"http:\/\/caballitotequiero.com.ar\/portal\/wp-json\/wp\/v2\/tags?post=3908"}],"curies":[{"name":"wp","href":"https:\/\/api.w.org\/{rel}","templated":true}]}}