{"id":3910,"date":"2011-10-11T15:20:41","date_gmt":"2011-10-11T18:20:41","guid":{"rendered":"http:\/\/caballitotequiero.com.ar\/portal\/?p=3910"},"modified":"2011-10-18T09:34:27","modified_gmt":"2011-10-18T12:34:27","slug":"un-logro-de-la-asociacion-caballito-puede-el-durand-ya-tiene-tomografo","status":"publish","type":"post","link":"http:\/\/caballitotequiero.com.ar\/portal\/2011\/10\/11\/un-logro-de-la-asociacion-caballito-puede-el-durand-ya-tiene-tomografo\/","title":{"rendered":"UN LOGRO DE LA ASOCIACI\u00d3N \u00abCABALLITO PUEDE\u00bb: EL DURAND YA TIENE TOM\u00d3GRAFO"},"content":{"rendered":"<div id=\"_mcePaste\">Desde el 16 de septiembre est\u00e1 funcionando el nuevo tom\u00f3grafo del Hospital Carlos Durand.<\/div>\n<div id=\"_mcePaste\">El servicio de tomograf\u00eda de dicho nosocomio estuvo inactivo durante a\u00f1os debido a la rotura del viejo aparato. Los estudios eran, entonces, derivados al Hospital Oncol\u00f3gico Maria Curie u otros hospitales, con las consecuentes molestias para los pacientes.<\/div>\n<div id=\"_mcePaste\">Ante esta situaci\u00f3n, la Asociaci\u00f3n Civil Caballito Puede, comenz\u00f3 una intensa campa\u00f1a de recolecci\u00f3n de firmas, en el barrio, para solicitar la reposici\u00f3n del servicio y la provisi\u00f3n de un nuevo tom\u00f3grafo.<\/div>\n<div id=\"_mcePaste\">Una vez presentada la solicitud ante las autoridades del Ministerio de Salud del GCABA, Caballito Puede hizo el seguimiento del pedido y se entrevist\u00f3 con diferentes funcionarios hasta lograr su cometido.<\/div>\n<div id=\"_mcePaste\">La acci\u00f3n positiva de los vecinos de Caballito logr\u00f3 que se hiciera realidad el tom\u00f3grafo para el Hospital Durand.<\/div>\n<div id=\"_mcePaste\">El 20 de octubre a las 12.30 se oficializar\u00e1 la inauguraci\u00f3n del servicio.<\/div>\n<div><img loading=\"lazy\" decoding=\"async\" class=\"alignleft size-full wp-image-3927\" src=\"http:\/\/caballitotequiero.com.ar\/portal\/wp-content\/uploads\/2011\/10\/0-a-tomografo-15.jpg\" alt=\"\" width=\"510\" height=\"362\" srcset=\"http:\/\/caballitotequiero.com.ar\/portal\/wp-content\/uploads\/2011\/10\/0-a-tomografo-15.jpg 510w, http:\/\/caballitotequiero.com.ar\/portal\/wp-content\/uploads\/2011\/10\/0-a-tomografo-15-300x212.jpg 300w\" sizes=\"auto, (max-width: 510px) 100vw, 510px\" \/><img loading=\"lazy\" decoding=\"async\" class=\"alignleft size-full wp-image-3928\" src=\"http:\/\/caballitotequiero.com.ar\/portal\/wp-content\/uploads\/2011\/10\/0-a-tomografo-21.jpg\" alt=\"\" width=\"510\" height=\"357\" srcset=\"http:\/\/caballitotequiero.com.ar\/portal\/wp-content\/uploads\/2011\/10\/0-a-tomografo-21.jpg 510w, http:\/\/caballitotequiero.com.ar\/portal\/wp-content\/uploads\/2011\/10\/0-a-tomografo-21-300x210.jpg 300w\" sizes=\"auto, (max-width: 510px) 100vw, 510px\" \/><a href=\"http:\/\/caballitotequiero.com.ar\/portal\/wp-content\/uploads\/2011\/10\/0-a-tomografo-31.jpg\"><img loading=\"lazy\" decoding=\"async\" class=\"alignleft size-full wp-image-3929\" title=\"0 a tomografo 3\" src=\"http:\/\/caballitotequiero.com.ar\/portal\/wp-content\/uploads\/2011\/10\/0-a-tomografo-31.jpg\" alt=\"\" width=\"510\" height=\"383\" srcset=\"http:\/\/caballitotequiero.com.ar\/portal\/wp-content\/uploads\/2011\/10\/0-a-tomografo-31.jpg 510w, http:\/\/caballitotequiero.com.ar\/portal\/wp-content\/uploads\/2011\/10\/0-a-tomografo-31-300x225.jpg 300w, http:\/\/caballitotequiero.com.ar\/portal\/wp-content\/uploads\/2011\/10\/0-a-tomografo-31-80x60.jpg 80w\" sizes=\"auto, (max-width: 510px) 100vw, 510px\" \/><\/a><a href=\"http:\/\/caballitotequiero.com.ar\/portal\/wp-content\/uploads\/2011\/10\/0-a-tomografo-4.jpg\"><img loading=\"lazy\" decoding=\"async\" class=\"alignleft size-full wp-image-3930\" title=\"0 a tomografo 4\" src=\"http:\/\/caballitotequiero.com.ar\/portal\/wp-content\/uploads\/2011\/10\/0-a-tomografo-4.jpg\" alt=\"\" width=\"510\" height=\"383\" srcset=\"http:\/\/caballitotequiero.com.ar\/portal\/wp-content\/uploads\/2011\/10\/0-a-tomografo-4.jpg 510w, http:\/\/caballitotequiero.com.ar\/portal\/wp-content\/uploads\/2011\/10\/0-a-tomografo-4-300x225.jpg 300w, http:\/\/caballitotequiero.com.ar\/portal\/wp-content\/uploads\/2011\/10\/0-a-tomografo-4-80x60.jpg 80w\" sizes=\"auto, (max-width: 510px) 100vw, 510px\" \/><\/a><\/div>\n","protected":false},"excerpt":{"rendered":"<p>Desde el 16 de septiembre est\u00e1 funcionando el nuevo tom\u00f3grafo del Hospital Carlos Durand. El servicio de tomograf\u00eda de dicho nosocomio estuvo inactivo durante a\u00f1os debido a la rotura del viejo aparato. Los estudios eran, entonces, derivados al Hospital Oncol\u00f3gico Maria Curie u otros hospitales, con las consecuentes molestias para los pacientes. Ante esta situaci\u00f3n, [&hellip;]<\/p>\n","protected":false},"author":1,"featured_media":3925,"comment_status":"open","ping_status":"open","sticky":false,"template":"","format":"standard","meta":{"footnotes":""},"categories":[5],"tags":[],"class_list":["post-3910","post","type-post","status-publish","format-standard","has-post-thumbnail","hentry","category-noticias"],"_links":{"self":[{"href":"http:\/\/caballitotequiero.com.ar\/portal\/wp-json\/wp\/v2\/posts\/3910","targetHints":{"allow":["GET"]}}],"collection":[{"href":"http:\/\/caballitotequiero.com.ar\/portal\/wp-json\/wp\/v2\/posts"}],"about":[{"href":"http:\/\/caballitotequiero.com.ar\/portal\/wp-json\/wp\/v2\/types\/post"}],"author":[{"embeddable":true,"href":"http:\/\/caballitotequiero.com.ar\/portal\/wp-json\/wp\/v2\/users\/1"}],"replies":[{"embeddable":true,"href":"http:\/\/caballitotequiero.com.ar\/portal\/wp-json\/wp\/v2\/comments?post=3910"}],"version-history":[{"count":4,"href":"http:\/\/caballitotequiero.com.ar\/portal\/wp-json\/wp\/v2\/posts\/3910\/revisions"}],"predecessor-version":[{"id":3917,"href":"http:\/\/caballitotequiero.com.ar\/portal\/wp-json\/wp\/v2\/posts\/3910\/revisions\/3917"}],"wp:featuredmedia":[{"embeddable":true,"href":"http:\/\/caballitotequiero.com.ar\/portal\/wp-json\/wp\/v2\/media\/3925"}],"wp:attachment":[{"href":"http:\/\/caballitotequiero.com.ar\/portal\/wp-json\/wp\/v2\/media?parent=3910"}],"wp:term":[{"taxonomy":"category","embeddable":true,"href":"http:\/\/caballitotequiero.com.ar\/portal\/wp-json\/wp\/v2\/categories?post=3910"},{"taxonomy":"post_tag","embeddable":true,"href":"http:\/\/caballitotequiero.com.ar\/portal\/wp-json\/wp\/v2\/tags?post=3910"}],"curies":[{"name":"wp","href":"https:\/\/api.w.org\/{rel}","templated":true}]}}