{"id":3932,"date":"2011-10-18T10:05:10","date_gmt":"2011-10-18T13:05:10","guid":{"rendered":"http:\/\/caballitotequiero.com.ar\/portal\/?p=3932"},"modified":"2011-10-18T10:05:10","modified_gmt":"2011-10-18T13:05:10","slug":"3%c2%aa-maraton-del-club-ferro-carril-oeste","status":"publish","type":"post","link":"http:\/\/caballitotequiero.com.ar\/portal\/2011\/10\/18\/3%c2%aa-maraton-del-club-ferro-carril-oeste\/","title":{"rendered":"3\u00aa MARAT\u00d3N DEL CLUB FERRO CARRIL OESTE"},"content":{"rendered":"<p>El Club Ferro Carril Oeste invita a una jornada deportiva en donde puede participar toda la familia por simple diversi\u00f3n o bien, simplemente competir en esta tercer edici\u00f3n de la\u00a0<strong>Marat\u00f3n Club Ferro Carril Oeste \u2013 Corr\u00e9 por Caballito<\/strong>.<\/p>\n<p>Al igual que en ediciones anteriores, socios y socias, simpatizantes y vecinos, con o sin discapacidad, tendr\u00e1n la oportunidad de correr por las calles de nuestro barrio junto a<br \/>\nmaratonistas de nuestra Ciudad y de nuestro pa\u00eds.<\/p>\n<p><strong>No te quedes afuera\u2026 \u00a1 Ven\u00ed a correr por Ferro y por Caballito !<\/strong><\/p>\n<p>Este evento deportivo, el cual tiene car\u00e1cter institucional y que cuenta con la importante participaci\u00f3n de todos y cada uno de los sectores de la Instituci\u00f3n en sus diversas facetas organizativas, tendr\u00e1 lugar el pr\u00f3ximo 30 de Octubre a las 09.00 horas y su largada se realizar\u00e1 desde la Puerta N\u00b0 6 del Estadio, sita en Avda. Avellaneda N\u00b0 1240.<\/p>\n<h3>MODALIDADES<\/h3>\n<ul>\n<li>PARTICIPATIVA: 3 Km.<\/li>\n<li>COMPETITIVA: 8 Km.<\/li>\n<li>KIDS: 1 Km.<\/li>\n<li><strong>08.00 horas<\/strong> \u2013 Presentaci\u00f3n de inscriptos online que no hubiesen finalizado el tr\u00e1mite de inscripci\u00f3n y entrega de remeras oficiales.<\/li>\n<li><strong>08.30 horas<\/strong> \u2013 Entrada en calor.<\/li>\n<li><strong>09.00 horas<\/strong> \u2013 Largada desde Puerta N\u00b0 6 del Estadio \u2013 Avda. Avellaneda N\u00b0 1240.<\/li>\n<\/ul>\n<h3>CRONOGRAMA<\/h3>\n<h3>CATEGOR\u00cdAS<\/h3>\n<p>Masculina y Femenina \u2013 Libre<\/p>\n<ul>\n<li>Menores de 18 a\u00f1os<\/li>\n<li>18 a 24 a\u00f1os<\/li>\n<li>25 a 29 a\u00f1os<\/li>\n<li>30 a 34 a\u00f1os<\/li>\n<li>35 a 39 a\u00f1os<\/li>\n<li>40 a 44 a\u00f1os<\/li>\n<li>45 a 49 a\u00f1os<\/li>\n<li>50 a 54 a\u00f1os<\/li>\n<li>55 a 59 a\u00f1os<\/li>\n<li>60 a 64 a\u00f1os<\/li>\n<li>65 a\u00f1os en adelante<\/li>\n<li>Personas con discapacidad<\/li>\n<li><strong>Socios \/ as<\/strong>: $ 50,-<\/li>\n<li><strong>Invitados \/ as<\/strong>: $ 60,-<\/li>\n<\/ul>\n<h3>ARANCELES<\/h3>\n<p><strong>En ambos casos, incluye la remera oficial de la 3\u00aa Marat\u00f3n Club Ferro Carril Oeste \u2013 Corr\u00e9 por Caballito.<\/strong><\/p>\n<h3>INSCRIPCI\u00d3N EN EL CLUB<\/h3>\n<p>A partir del 15 de octubre, en el Departamento de Educaci\u00f3n F\u00edsica y Deporte Federado del Club Ferro Carril Oeste, en el Primer Piso de la Sede Social, sita en Federico Garc\u00eda Lorca N\u00ba 350 \u2013 Ciudad Aut\u00f3noma de Buenos Aires, de lunes a viernes de 09.00 a 19.45 horas y s\u00e1bados de 10.00 a 16.45 horas.<\/p>\n<h3>INFORMES<\/h3>\n<ul>\n<li><strong>Llamando al 011 \u2013 4431 \u2013 8282 y l\u00edneas rotativas.<\/strong><\/li>\n<li><strong>Por e-mail, a\u00a0<a href=\"mailto:maraton@ferrocarriloeste.org.ar\" target=\"_blank\">maraton@ferrocarriloeste.org.ar<\/a><\/strong><strong><\/strong><\/li>\n<li><strong>En el Departamento de Educaci\u00f3n F\u00edsica y Deporte Federado, Primer Piso de la Sede Social, sita en la calle Federico Garc\u00eda Lorca N\u00b0 350 \u2013 Ciudad Aut\u00f3noma de Buenos Aires.<\/strong><\/li>\n<\/ul>\n","protected":false},"excerpt":{"rendered":"<p>El Club Ferro Carril Oeste invita a una jornada deportiva en donde puede participar toda la familia por simple diversi\u00f3n o bien, simplemente competir en esta tercer edici\u00f3n de la\u00a0Marat\u00f3n Club Ferro Carril Oeste \u2013 Corr\u00e9 por Caballito. Al igual que en ediciones anteriores, socios y socias, simpatizantes y vecinos, con o sin discapacidad, tendr\u00e1n [&hellip;]<\/p>\n","protected":false},"author":1,"featured_media":3933,"comment_status":"open","ping_status":"open","sticky":false,"template":"","format":"standard","meta":{"footnotes":""},"categories":[5],"tags":[],"class_list":["post-3932","post","type-post","status-publish","format-standard","has-post-thumbnail","hentry","category-noticias"],"_links":{"self":[{"href":"http:\/\/caballitotequiero.com.ar\/portal\/wp-json\/wp\/v2\/posts\/3932","targetHints":{"allow":["GET"]}}],"collection":[{"href":"http:\/\/caballitotequiero.com.ar\/portal\/wp-json\/wp\/v2\/posts"}],"about":[{"href":"http:\/\/caballitotequiero.com.ar\/portal\/wp-json\/wp\/v2\/types\/post"}],"author":[{"embeddable":true,"href":"http:\/\/caballitotequiero.com.ar\/portal\/wp-json\/wp\/v2\/users\/1"}],"replies":[{"embeddable":true,"href":"http:\/\/caballitotequiero.com.ar\/portal\/wp-json\/wp\/v2\/comments?post=3932"}],"version-history":[{"count":2,"href":"http:\/\/caballitotequiero.com.ar\/portal\/wp-json\/wp\/v2\/posts\/3932\/revisions"}],"predecessor-version":[{"id":3935,"href":"http:\/\/caballitotequiero.com.ar\/portal\/wp-json\/wp\/v2\/posts\/3932\/revisions\/3935"}],"wp:featuredmedia":[{"embeddable":true,"href":"http:\/\/caballitotequiero.com.ar\/portal\/wp-json\/wp\/v2\/media\/3933"}],"wp:attachment":[{"href":"http:\/\/caballitotequiero.com.ar\/portal\/wp-json\/wp\/v2\/media?parent=3932"}],"wp:term":[{"taxonomy":"category","embeddable":true,"href":"http:\/\/caballitotequiero.com.ar\/portal\/wp-json\/wp\/v2\/categories?post=3932"},{"taxonomy":"post_tag","embeddable":true,"href":"http:\/\/caballitotequiero.com.ar\/portal\/wp-json\/wp\/v2\/tags?post=3932"}],"curies":[{"name":"wp","href":"https:\/\/api.w.org\/{rel}","templated":true}]}}