{"id":3936,"date":"2011-10-18T10:21:19","date_gmt":"2011-10-18T13:21:19","guid":{"rendered":"http:\/\/caballitotequiero.com.ar\/portal\/?p=3936"},"modified":"2011-10-18T10:21:19","modified_gmt":"2011-10-18T13:21:19","slug":"un-proyecto-esperado-por-los-vecinos-de-caballito","status":"publish","type":"post","link":"http:\/\/caballitotequiero.com.ar\/portal\/2011\/10\/18\/un-proyecto-esperado-por-los-vecinos-de-caballito\/","title":{"rendered":"UN PROYECTO ESPERADO POR LOS VECINOS DE CABALLITO"},"content":{"rendered":"<div id=\"_mcePaste\">Seg\u00fan la encuesta mantenida durante el \u00faltimo mes en esta p\u00e1gina, los vecinos de Caballito apoyan mayoritariamente el proyecto de construcci\u00f3n de un centro comercial, en la zona m\u00e1s abandonada e insegura del barrio.<\/div>\n<div>Sin duda existen motivos de sobra para esa postura.<\/div>\n<div id=\"_mcePaste\">Sin embargo, tanto las peque\u00f1as organizaciones barriales que se oponen al proyecto, como CAME; no han solicitado la opini\u00f3n ni de los vecinos del barrio, en especial los de la zona afectada por el abandono y la inseguridad ni, siquiera, la de los comerciantes del barrio.<\/div>\n<div id=\"_mcePaste\">Muchos de los propietarios de comercios minoristas, est\u00e1n de acuerdo con la construcci\u00f3n del centro comercial, ya que desean una mayor afluencia de p\u00fablico en la zona.<\/div>\n<div id=\"_mcePaste\">En primer t\u00e9rmino la ausencia de proyectos alternativos para mejorar la zona. Por m\u00e1s de trece a\u00f1os, desde que la empresa propietaria de los terrenos de la avenida Avellaneda, present\u00f3 el proyecto, ning\u00fan organismo oficial ni agrupaciones vecinales propusieron otra opci\u00f3n v\u00e1lida, que pudiera contraponerse a la existente.<\/div>\n<div id=\"_mcePaste\">La posici\u00f3n de los vecinos no es la defensa de un futuro shopping a ultranza. Simplemente perciben una posible soluci\u00f3n a sus problemas.<\/div>\n<div id=\"_mcePaste\"><\/div>\n<div><strong>Las ventajas que traer\u00e1 el proyecto presentado son:<\/strong><\/div>\n<div id=\"_mcePaste\">\n<ul>\n<li>Mayor seguridad.<\/li>\n<li>Mejoras en la iluminaci\u00f3n.<\/li>\n<li>Impulso de nuevos emprendimientos comerciales.<\/li>\n<li>Jerarquizaci\u00f3n de los comercios existentes.<\/li>\n<li>Incremento del empleo e inversiones en la zona.<\/li>\n<li>Valorizaci\u00f3n de las propiedades.<\/li>\n<li>Jerarquizaci\u00f3n del barrio.<\/li>\n<li>Ocupaci\u00f3n de los lotes vacantes (bald\u00edos) en la zona.<\/li>\n<li>Obras complementarias (Plaza, museo, centro cultural)<\/li>\n<\/ul>\n<\/div>\n<div id=\"attachment_3938\" style=\"width: 520px\" class=\"wp-caption alignleft\"><img loading=\"lazy\" decoding=\"async\" aria-describedby=\"caption-attachment-3938\" class=\"size-full wp-image-3938\" src=\"http:\/\/caballitotequiero.com.ar\/portal\/wp-content\/uploads\/2011\/10\/vista-aerea1.jpg\" alt=\"\" width=\"510\" height=\"405\" srcset=\"http:\/\/caballitotequiero.com.ar\/portal\/wp-content\/uploads\/2011\/10\/vista-aerea1.jpg 510w, http:\/\/caballitotequiero.com.ar\/portal\/wp-content\/uploads\/2011\/10\/vista-aerea1-300x238.jpg 300w\" sizes=\"auto, (max-width: 510px) 100vw, 510px\" \/><p id=\"caption-attachment-3938\" class=\"wp-caption-text\">El lugar se\u00f1alado muestra el predio de Avellaneda al 1400 donde se planea la construcci\u00f3n de un nuevo centro comercial<\/p><\/div>\n<p><img loading=\"lazy\" decoding=\"async\" class=\"alignleft size-full wp-image-3939\" src=\"http:\/\/caballitotequiero.com.ar\/portal\/wp-content\/uploads\/2011\/10\/nuevo-7.jpg\" alt=\"\" width=\"510\" height=\"403\" srcset=\"http:\/\/caballitotequiero.com.ar\/portal\/wp-content\/uploads\/2011\/10\/nuevo-7.jpg 510w, http:\/\/caballitotequiero.com.ar\/portal\/wp-content\/uploads\/2011\/10\/nuevo-7-300x237.jpg 300w\" sizes=\"auto, (max-width: 510px) 100vw, 510px\" \/><\/p>\n","protected":false},"excerpt":{"rendered":"<p>Seg\u00fan la encuesta mantenida durante el \u00faltimo mes en esta p\u00e1gina, los vecinos de Caballito apoyan mayoritariamente el proyecto de construcci\u00f3n de un centro comercial, en la zona m\u00e1s abandonada e insegura del barrio. Sin duda existen motivos de sobra para esa postura. Sin embargo, tanto las peque\u00f1as organizaciones barriales que se oponen al proyecto, [&hellip;]<\/p>\n","protected":false},"author":1,"featured_media":3940,"comment_status":"open","ping_status":"open","sticky":false,"template":"","format":"standard","meta":{"footnotes":""},"categories":[5],"tags":[],"class_list":["post-3936","post","type-post","status-publish","format-standard","has-post-thumbnail","hentry","category-noticias"],"_links":{"self":[{"href":"http:\/\/caballitotequiero.com.ar\/portal\/wp-json\/wp\/v2\/posts\/3936","targetHints":{"allow":["GET"]}}],"collection":[{"href":"http:\/\/caballitotequiero.com.ar\/portal\/wp-json\/wp\/v2\/posts"}],"about":[{"href":"http:\/\/caballitotequiero.com.ar\/portal\/wp-json\/wp\/v2\/types\/post"}],"author":[{"embeddable":true,"href":"http:\/\/caballitotequiero.com.ar\/portal\/wp-json\/wp\/v2\/users\/1"}],"replies":[{"embeddable":true,"href":"http:\/\/caballitotequiero.com.ar\/portal\/wp-json\/wp\/v2\/comments?post=3936"}],"version-history":[{"count":2,"href":"http:\/\/caballitotequiero.com.ar\/portal\/wp-json\/wp\/v2\/posts\/3936\/revisions"}],"predecessor-version":[{"id":3942,"href":"http:\/\/caballitotequiero.com.ar\/portal\/wp-json\/wp\/v2\/posts\/3936\/revisions\/3942"}],"wp:featuredmedia":[{"embeddable":true,"href":"http:\/\/caballitotequiero.com.ar\/portal\/wp-json\/wp\/v2\/media\/3940"}],"wp:attachment":[{"href":"http:\/\/caballitotequiero.com.ar\/portal\/wp-json\/wp\/v2\/media?parent=3936"}],"wp:term":[{"taxonomy":"category","embeddable":true,"href":"http:\/\/caballitotequiero.com.ar\/portal\/wp-json\/wp\/v2\/categories?post=3936"},{"taxonomy":"post_tag","embeddable":true,"href":"http:\/\/caballitotequiero.com.ar\/portal\/wp-json\/wp\/v2\/tags?post=3936"}],"curies":[{"name":"wp","href":"https:\/\/api.w.org\/{rel}","templated":true}]}}