{"id":3949,"date":"2011-10-18T10:58:27","date_gmt":"2011-10-18T13:58:27","guid":{"rendered":"http:\/\/caballitotequiero.com.ar\/portal\/?p=3949"},"modified":"2011-10-18T11:00:49","modified_gmt":"2011-10-18T14:00:49","slug":"sobre-el-pasaje-coronda","status":"publish","type":"post","link":"http:\/\/caballitotequiero.com.ar\/portal\/2011\/10\/18\/sobre-el-pasaje-coronda\/","title":{"rendered":"SOBRE EL PASAJE CORONDA"},"content":{"rendered":"<div id=\"_mcePaste\">Puesteros del Mercado del Progreso, vecinos y funcionarios manifestaron su duda y confusi\u00f3n acerca de qui\u00e9n realiz\u00f3 las obras de puesta en valor de los Pasajes Coronda y Burgos, ubicados en la zona posterior del mercado.<\/div>\n<div>Algunos aceveran que los trabajos fueron realizados por Roberto Felletti, otros se lo adjudicaron a Jorge Telerman, alguien dijo que lo realiz\u00f3 la actual gesti\u00f3n de gobierno.<\/div>\n<div>Luego de nuestra nota publicada el 11 de octubre \u00faltimo, referida a la visita del candidato a diputado Roberto Felletti, tambi\u00e9n hemos recibido diferentes consultas de lectores sobre este tema.<\/div>\n<div id=\"_mcePaste\">Ante la duda, el barrio de Caballito cuenta con el archivo de la Revista Horizonte.<\/div>\n<div><strong>As\u00ed fueron los hechos:<\/strong><\/div>\n<div>\n<div><strong>25\/11\/05:<\/strong> Durante los festejos del 116\u00ba aniversario del Mercado del Progreso el contador Feletti anunci\u00f3: <em>\u201c\u2026si en seis meses no est\u00e1 realizada la obra, vengan a reclamarme a mi despacho.\u201d<\/em><\/div>\n<div><strong>15\/11\/06: <\/strong>A un a\u00f1o del anuncio, en Horizonte N\u00ba 130, se publica una nota titulada:<em> \u201c\u00bfD\u00f3nde queda su despacho, contador Feletti?\u201d<\/em> All\u00ed se recuerda la promesa de un a\u00f1o antes y la ausencia de trabajos en los pasajes, hasta esa fecha.<\/div>\n<div><strong>10\/12\/07: <\/strong>Asume la nueva gesti\u00f3n (Mauricio Macri) en el GCABA. Las obras de peatonalizaci\u00f3n de los pasajes Coronda y Burgos, aun <strong>no hab\u00edan comenzado<\/strong>.<\/div>\n<div><strong>15\/10\/08: <\/strong>Horizonte N\u00ba 153. Se publica una nota informando que <strong>comenzaban las obras<\/strong> de peatonalizaci\u00f3n de los pasajes Coronda y Burgos.<\/div>\n<div><strong>19\/02\/09:<\/strong> Con la asistencia del Jefe de Gabinete, Horacio Rodr\u00edguez Larreta y del Ministro de Desarrollo Urbano, Arq. Daniel Chain, <strong>se inauguran los pasajes Coronda y Burgos<\/strong>. A dicha inauguraci\u00f3n concurrieron varios puesteros del Mercado, haciendo uso de la palabra su presidente Jorge Fern\u00e1ndez.<\/div>\n<\/div>\n<div>\n<div id=\"attachment_3950\" style=\"width: 520px\" class=\"wp-caption alignleft\"><img loading=\"lazy\" decoding=\"async\" aria-describedby=\"caption-attachment-3950\" class=\"size-full wp-image-3950\" src=\"http:\/\/caballitotequiero.com.ar\/portal\/wp-content\/uploads\/2011\/10\/0.jpg\" alt=\"\" width=\"510\" height=\"383\" srcset=\"http:\/\/caballitotequiero.com.ar\/portal\/wp-content\/uploads\/2011\/10\/0.jpg 510w, http:\/\/caballitotequiero.com.ar\/portal\/wp-content\/uploads\/2011\/10\/0-300x225.jpg 300w, http:\/\/caballitotequiero.com.ar\/portal\/wp-content\/uploads\/2011\/10\/0-80x60.jpg 80w\" sizes=\"auto, (max-width: 510px) 100vw, 510px\" \/><p id=\"caption-attachment-3950\" class=\"wp-caption-text\">Noviembre de 2005, Roberto Felletti anuncia los trabajos:  \u201c\u2026si en seis meses no est\u00e1 realizada la obra, vengan a reclamarme a mi despacho.\u201d<\/p><\/div>\n<div id=\"attachment_3951\" style=\"width: 520px\" class=\"wp-caption alignleft\"><img loading=\"lazy\" decoding=\"async\" aria-describedby=\"caption-attachment-3951\" class=\"size-full wp-image-3951\" src=\"http:\/\/caballitotequiero.com.ar\/portal\/wp-content\/uploads\/2011\/10\/1.jpg\" alt=\"\" width=\"510\" height=\"383\" srcset=\"http:\/\/caballitotequiero.com.ar\/portal\/wp-content\/uploads\/2011\/10\/1.jpg 510w, http:\/\/caballitotequiero.com.ar\/portal\/wp-content\/uploads\/2011\/10\/1-300x225.jpg 300w, http:\/\/caballitotequiero.com.ar\/portal\/wp-content\/uploads\/2011\/10\/1-80x60.jpg 80w\" sizes=\"auto, (max-width: 510px) 100vw, 510px\" \/><p id=\"caption-attachment-3951\" class=\"wp-caption-text\">Las obras comienzan en octubre de 2008, tres a\u00f1os despu\u00e9s de lo prometido, y por otra gesti\u00f3n.<\/p><\/div>\n<div id=\"attachment_3952\" style=\"width: 520px\" class=\"wp-caption alignleft\"><img loading=\"lazy\" decoding=\"async\" aria-describedby=\"caption-attachment-3952\" class=\"size-full wp-image-3952\" src=\"http:\/\/caballitotequiero.com.ar\/portal\/wp-content\/uploads\/2011\/10\/3.jpg\" alt=\"\" width=\"510\" height=\"383\" srcset=\"http:\/\/caballitotequiero.com.ar\/portal\/wp-content\/uploads\/2011\/10\/3.jpg 510w, http:\/\/caballitotequiero.com.ar\/portal\/wp-content\/uploads\/2011\/10\/3-300x225.jpg 300w, http:\/\/caballitotequiero.com.ar\/portal\/wp-content\/uploads\/2011\/10\/3-80x60.jpg 80w\" sizes=\"auto, (max-width: 510px) 100vw, 510px\" \/><p id=\"caption-attachment-3952\" class=\"wp-caption-text\">Finales de obra, enero de 2009<\/p><\/div>\n<div id=\"attachment_3953\" style=\"width: 520px\" class=\"wp-caption alignleft\"><img loading=\"lazy\" decoding=\"async\" aria-describedby=\"caption-attachment-3953\" class=\"size-full wp-image-3953\" src=\"http:\/\/caballitotequiero.com.ar\/portal\/wp-content\/uploads\/2011\/10\/4.jpg\" alt=\"\" width=\"510\" height=\"383\" srcset=\"http:\/\/caballitotequiero.com.ar\/portal\/wp-content\/uploads\/2011\/10\/4.jpg 510w, http:\/\/caballitotequiero.com.ar\/portal\/wp-content\/uploads\/2011\/10\/4-300x225.jpg 300w, http:\/\/caballitotequiero.com.ar\/portal\/wp-content\/uploads\/2011\/10\/4-80x60.jpg 80w\" sizes=\"auto, (max-width: 510px) 100vw, 510px\" \/><p id=\"caption-attachment-3953\" class=\"wp-caption-text\">Febrero de 2009, en el marco de los festejos de la Semana de Caballito, con la presencia del Jefe de Gabinete Rodr\u00edguez Larreta y el Ministro Daniel Chain, se inaugura la obra de puesta en valor de los pasajes<\/p><\/div>\n<div id=\"attachment_3954\" style=\"width: 520px\" class=\"wp-caption alignleft\"><img loading=\"lazy\" decoding=\"async\" aria-describedby=\"caption-attachment-3954\" class=\"size-full wp-image-3954\" src=\"http:\/\/caballitotequiero.com.ar\/portal\/wp-content\/uploads\/2011\/10\/5.jpg\" alt=\"\" width=\"510\" height=\"383\" srcset=\"http:\/\/caballitotequiero.com.ar\/portal\/wp-content\/uploads\/2011\/10\/5.jpg 510w, http:\/\/caballitotequiero.com.ar\/portal\/wp-content\/uploads\/2011\/10\/5-300x225.jpg 300w, http:\/\/caballitotequiero.com.ar\/portal\/wp-content\/uploads\/2011\/10\/5-80x60.jpg 80w\" sizes=\"auto, (max-width: 510px) 100vw, 510px\" \/><p id=\"caption-attachment-3954\" class=\"wp-caption-text\">Jorge Fern\u00e1ndez, presidente del Mercado del Progreso, hace uso de la palabra luego de dar por inaugurados los pasajes Coronda y Burgos y agradeci\u00f3 a los funcionarios por hacer realidad este viejo proyecto.<\/p><\/div>\n<\/div>\n","protected":false},"excerpt":{"rendered":"<p>Puesteros del Mercado del Progreso, vecinos y funcionarios manifestaron su duda y confusi\u00f3n acerca de qui\u00e9n realiz\u00f3 las obras de puesta en valor de los Pasajes Coronda y Burgos, ubicados en la zona posterior del mercado. Algunos aceveran que los trabajos fueron realizados por Roberto Felletti, otros se lo adjudicaron a Jorge Telerman, alguien dijo [&hellip;]<\/p>\n","protected":false},"author":1,"featured_media":3955,"comment_status":"open","ping_status":"open","sticky":false,"template":"","format":"standard","meta":{"footnotes":""},"categories":[5],"tags":[],"class_list":["post-3949","post","type-post","status-publish","format-standard","has-post-thumbnail","hentry","category-noticias"],"_links":{"self":[{"href":"http:\/\/caballitotequiero.com.ar\/portal\/wp-json\/wp\/v2\/posts\/3949","targetHints":{"allow":["GET"]}}],"collection":[{"href":"http:\/\/caballitotequiero.com.ar\/portal\/wp-json\/wp\/v2\/posts"}],"about":[{"href":"http:\/\/caballitotequiero.com.ar\/portal\/wp-json\/wp\/v2\/types\/post"}],"author":[{"embeddable":true,"href":"http:\/\/caballitotequiero.com.ar\/portal\/wp-json\/wp\/v2\/users\/1"}],"replies":[{"embeddable":true,"href":"http:\/\/caballitotequiero.com.ar\/portal\/wp-json\/wp\/v2\/comments?post=3949"}],"version-history":[{"count":4,"href":"http:\/\/caballitotequiero.com.ar\/portal\/wp-json\/wp\/v2\/posts\/3949\/revisions"}],"predecessor-version":[{"id":3959,"href":"http:\/\/caballitotequiero.com.ar\/portal\/wp-json\/wp\/v2\/posts\/3949\/revisions\/3959"}],"wp:featuredmedia":[{"embeddable":true,"href":"http:\/\/caballitotequiero.com.ar\/portal\/wp-json\/wp\/v2\/media\/3955"}],"wp:attachment":[{"href":"http:\/\/caballitotequiero.com.ar\/portal\/wp-json\/wp\/v2\/media?parent=3949"}],"wp:term":[{"taxonomy":"category","embeddable":true,"href":"http:\/\/caballitotequiero.com.ar\/portal\/wp-json\/wp\/v2\/categories?post=3949"},{"taxonomy":"post_tag","embeddable":true,"href":"http:\/\/caballitotequiero.com.ar\/portal\/wp-json\/wp\/v2\/tags?post=3949"}],"curies":[{"name":"wp","href":"https:\/\/api.w.org\/{rel}","templated":true}]}}