{"id":3964,"date":"2011-10-18T11:22:52","date_gmt":"2011-10-18T14:22:52","guid":{"rendered":"http:\/\/caballitotequiero.com.ar\/portal\/?p=3964"},"modified":"2011-10-18T11:22:52","modified_gmt":"2011-10-18T14:22:52","slug":"muestra-fotografica-en-el-parque-rivadavia","status":"publish","type":"post","link":"http:\/\/caballitotequiero.com.ar\/portal\/2011\/10\/18\/muestra-fotografica-en-el-parque-rivadavia\/","title":{"rendered":"MUESTRA FOTOGR\u00c1FICA EN EL PARQUE RIVADAVIA"},"content":{"rendered":"<p>El pr\u00f3ximo s\u00e1bado 22 de octubre se realizar\u00e1 en el Parque Rivadavia una muestra fotogr\u00e1fica entre las 12 y las 15 hs.<\/p>\n<p>Se expondr\u00e1n trabajos realizados en el Taller de Fotograf\u00eda del Centro Cultural El Eternauta, que dirige la Prof. Amalia Retamozo.<\/p>\n<p><img loading=\"lazy\" decoding=\"async\" class=\"alignleft size-full wp-image-3965\" src=\"http:\/\/caballitotequiero.com.ar\/portal\/wp-content\/uploads\/2011\/10\/Folleto-parque-rivadavia-color-baja.jpg\" alt=\"\" width=\"454\" height=\"680\" srcset=\"http:\/\/caballitotequiero.com.ar\/portal\/wp-content\/uploads\/2011\/10\/Folleto-parque-rivadavia-color-baja.jpg 454w, http:\/\/caballitotequiero.com.ar\/portal\/wp-content\/uploads\/2011\/10\/Folleto-parque-rivadavia-color-baja-200x300.jpg 200w\" sizes=\"auto, (max-width: 454px) 100vw, 454px\" \/><\/p>\n","protected":false},"excerpt":{"rendered":"<p>El pr\u00f3ximo s\u00e1bado 22 de octubre se realizar\u00e1 en el Parque Rivadavia una muestra fotogr\u00e1fica entre las 12 y las 15 hs. Se expondr\u00e1n trabajos realizados en el Taller de Fotograf\u00eda del Centro Cultural El Eternauta, que dirige la Prof. Amalia Retamozo.<\/p>\n","protected":false},"author":1,"featured_media":3966,"comment_status":"open","ping_status":"open","sticky":false,"template":"","format":"standard","meta":{"footnotes":""},"categories":[5],"tags":[],"class_list":["post-3964","post","type-post","status-publish","format-standard","has-post-thumbnail","hentry","category-noticias"],"_links":{"self":[{"href":"http:\/\/caballitotequiero.com.ar\/portal\/wp-json\/wp\/v2\/posts\/3964","targetHints":{"allow":["GET"]}}],"collection":[{"href":"http:\/\/caballitotequiero.com.ar\/portal\/wp-json\/wp\/v2\/posts"}],"about":[{"href":"http:\/\/caballitotequiero.com.ar\/portal\/wp-json\/wp\/v2\/types\/post"}],"author":[{"embeddable":true,"href":"http:\/\/caballitotequiero.com.ar\/portal\/wp-json\/wp\/v2\/users\/1"}],"replies":[{"embeddable":true,"href":"http:\/\/caballitotequiero.com.ar\/portal\/wp-json\/wp\/v2\/comments?post=3964"}],"version-history":[{"count":2,"href":"http:\/\/caballitotequiero.com.ar\/portal\/wp-json\/wp\/v2\/posts\/3964\/revisions"}],"predecessor-version":[{"id":3968,"href":"http:\/\/caballitotequiero.com.ar\/portal\/wp-json\/wp\/v2\/posts\/3964\/revisions\/3968"}],"wp:featuredmedia":[{"embeddable":true,"href":"http:\/\/caballitotequiero.com.ar\/portal\/wp-json\/wp\/v2\/media\/3966"}],"wp:attachment":[{"href":"http:\/\/caballitotequiero.com.ar\/portal\/wp-json\/wp\/v2\/media?parent=3964"}],"wp:term":[{"taxonomy":"category","embeddable":true,"href":"http:\/\/caballitotequiero.com.ar\/portal\/wp-json\/wp\/v2\/categories?post=3964"},{"taxonomy":"post_tag","embeddable":true,"href":"http:\/\/caballitotequiero.com.ar\/portal\/wp-json\/wp\/v2\/tags?post=3964"}],"curies":[{"name":"wp","href":"https:\/\/api.w.org\/{rel}","templated":true}]}}