{"id":3970,"date":"2011-10-18T12:36:07","date_gmt":"2011-10-18T15:36:07","guid":{"rendered":"http:\/\/caballitotequiero.com.ar\/portal\/?p=3970"},"modified":"2011-10-18T12:36:07","modified_gmt":"2011-10-18T15:36:07","slug":"caballito-en-las-jornadas-de-historiadores-y-cronistas-barriales-de-rosario","status":"publish","type":"post","link":"http:\/\/caballitotequiero.com.ar\/portal\/2011\/10\/18\/caballito-en-las-jornadas-de-historiadores-y-cronistas-barriales-de-rosario\/","title":{"rendered":"CABALLITO EN LAS JORNADAS DE HISTORIADORES Y CRONISTAS BARRIALES DE ROSARIO"},"content":{"rendered":"<p>Los d\u00edas 14 y 15 de octubre, tuvieron lugar en la ciudad de Rosario las <strong>6tas. Jornadas Nacionales de Historiadores y Cronistas Barriales<\/strong>. Marina Bussio y H\u00e9ctor N\u00fa\u00f1ez Castro, fueron invitados a participar de las mismas. El tema a tratar fue: \u201cBoliches, \u00a0bares, caf\u00e9s, fondas y pulper\u00edas\u201d.<\/p>\n<p>Con ese motivo, los directores de \u201cHorizonte, La Revista de Caballito\u201d viajaron a Rosario, donde expusieron sobre \u201cTres pulper\u00edas y una veleta que dieron nombre a un barrio\u201d.<\/p>\n<p>Las Jornadas se desarrollaron en el cine \u201cLumiere\u201d, en el emblem\u00e1tico barrio rosarino de Arroyito, cuna del maestro Roberto Fontanarrosa, pr\u00f3cer de aquella ciudad.<\/p>\n<p>As\u00ed, ante un numeroso p\u00fablico, fue proyectado un audiovisual ilustrativo sobre la historia de las pulper\u00edas ubicadas sucesivamente en las esquinas de: Rivadavia y Emilio Mitre; Rivadavia y Federico Garc\u00eda Lorca y, por \u00faltimo en la esquina sur-este de Rivadavia y Emilio Mitre.<\/p>\n<p>El relato hizo centro en la veleta del caballito que, se ubicara en cada una de las pulper\u00edas, diera nombre a la estaci\u00f3n del ferrocarril del Oeste y, finalmente, identificara al actual barrio de Caballito.<\/p>\n<p>La ponencia de los cronistas caballitenses despert\u00f3 la atenci\u00f3n y curiosidad de los presentes, ya que pudieron tomar contacto con una Buenos Aires de aspecto rural. Una ciudad que fue creciendo entre quintas, pulper\u00edas y huellas de carretas.<\/p>\n<p>Los directores de Horizonte hicieron llegar la adhesi\u00f3n de la Junta de Estudios Hist\u00f3ricos del Caballito, lo que fue valorado por los organizadores.<\/p>\n<p>Entre m\u00e1s de veinte ponencias hubo de: San Luis, Mar del Plata, Capital Federal, Entre R\u00edos, Santa F\u00e9 y Buenos Aires.<\/p>\n<p>Por Capital Federal estuvieron representados diferentes barrios, entre ellos, Palermo, Montserrat, Belgrano y Caballito.<\/p>\n<p>El cierre de la jornada del d\u00eda 14, lo realiz\u00f3 el grupo entrerriano \u201cMusicante\u201d, con el musical \u201cEl San Jos\u00e9, almac\u00e9n y bar\u201d. Con la participaci\u00f3n de 30 actores, cantantes y m\u00fasicos, la particular ponencia se convirti\u00f3 en un emotivo relato hist\u00f3rico de un almac\u00e9n de ramos generales y boliche de la campa\u00f1a entrerriana.<\/p>\n<p>La excelente actuaci\u00f3n y la calidad musical de los int\u00e9rpretes se llevaron los aplausos y ovaci\u00f3n del p\u00fablico.<\/p>\n<p>Las Jornadas fueron sumamente ilustrativas en cuanto a la tem\u00e1tica barrial a trav\u00e9s de los boliches y bares, muchos de ellos ya extinguidos f\u00edsicamente pero, recuperados en la memoria y el recuerdo de los historiadores y cronistas barriales.<\/p>\n<p>Tambi\u00e9n fueron una oportunidad para estrechar lazos entre pares de diferentes regiones del pa\u00eds y comprobar que, el amor al barrio es un denominador com\u00fan, sea cual fuere la ciudad de pertenencia.<\/p>\n<p><img loading=\"lazy\" decoding=\"async\" class=\"alignleft size-full wp-image-3971\" src=\"http:\/\/caballitotequiero.com.ar\/portal\/wp-content\/uploads\/2011\/10\/0-rosario-1.jpg\" alt=\"\" width=\"425\" height=\"596\" srcset=\"http:\/\/caballitotequiero.com.ar\/portal\/wp-content\/uploads\/2011\/10\/0-rosario-1.jpg 425w, http:\/\/caballitotequiero.com.ar\/portal\/wp-content\/uploads\/2011\/10\/0-rosario-1-213x300.jpg 213w\" sizes=\"auto, (max-width: 425px) 100vw, 425px\" \/><img loading=\"lazy\" decoding=\"async\" class=\"alignleft size-full wp-image-3972\" src=\"http:\/\/caballitotequiero.com.ar\/portal\/wp-content\/uploads\/2011\/10\/0-rosario-2.jpg\" alt=\"\" width=\"510\" height=\"352\" srcset=\"http:\/\/caballitotequiero.com.ar\/portal\/wp-content\/uploads\/2011\/10\/0-rosario-2.jpg 510w, http:\/\/caballitotequiero.com.ar\/portal\/wp-content\/uploads\/2011\/10\/0-rosario-2-300x207.jpg 300w\" sizes=\"auto, (max-width: 510px) 100vw, 510px\" \/><\/p>\n<div id=\"attachment_3973\" style=\"width: 520px\" class=\"wp-caption alignleft\"><img loading=\"lazy\" decoding=\"async\" aria-describedby=\"caption-attachment-3973\" class=\"size-full wp-image-3973\" src=\"http:\/\/caballitotequiero.com.ar\/portal\/wp-content\/uploads\/2011\/10\/0-rosario-3.jpg\" alt=\"\" width=\"510\" height=\"382\" srcset=\"http:\/\/caballitotequiero.com.ar\/portal\/wp-content\/uploads\/2011\/10\/0-rosario-3.jpg 510w, http:\/\/caballitotequiero.com.ar\/portal\/wp-content\/uploads\/2011\/10\/0-rosario-3-300x224.jpg 300w, http:\/\/caballitotequiero.com.ar\/portal\/wp-content\/uploads\/2011\/10\/0-rosario-3-80x60.jpg 80w\" sizes=\"auto, (max-width: 510px) 100vw, 510px\" \/><p id=\"caption-attachment-3973\" class=\"wp-caption-text\">H\u00e9ctor N\u00fa\u00f1ez Castro y Marina Bussio, directores de Horizonte, participaron en las Jornadas Nacionales de Historiadores y Cronistas Barriales que se desarroll\u00f3 en la ciudad de Rosario.<\/p><\/div>\n<p><img loading=\"lazy\" decoding=\"async\" class=\"alignleft size-full wp-image-3974\" src=\"http:\/\/caballitotequiero.com.ar\/portal\/wp-content\/uploads\/2011\/10\/0-rosario-A.jpg\" alt=\"\" width=\"510\" height=\"385\" srcset=\"http:\/\/caballitotequiero.com.ar\/portal\/wp-content\/uploads\/2011\/10\/0-rosario-A.jpg 510w, http:\/\/caballitotequiero.com.ar\/portal\/wp-content\/uploads\/2011\/10\/0-rosario-A-300x226.jpg 300w, http:\/\/caballitotequiero.com.ar\/portal\/wp-content\/uploads\/2011\/10\/0-rosario-A-80x60.jpg 80w\" sizes=\"auto, (max-width: 510px) 100vw, 510px\" \/><img loading=\"lazy\" decoding=\"async\" class=\"alignleft size-full wp-image-3975\" src=\"http:\/\/caballitotequiero.com.ar\/portal\/wp-content\/uploads\/2011\/10\/0-rosario-b.jpg\" alt=\"\" width=\"510\" height=\"384\" srcset=\"http:\/\/caballitotequiero.com.ar\/portal\/wp-content\/uploads\/2011\/10\/0-rosario-b.jpg 510w, http:\/\/caballitotequiero.com.ar\/portal\/wp-content\/uploads\/2011\/10\/0-rosario-b-300x225.jpg 300w, http:\/\/caballitotequiero.com.ar\/portal\/wp-content\/uploads\/2011\/10\/0-rosario-b-80x60.jpg 80w\" sizes=\"auto, (max-width: 510px) 100vw, 510px\" \/><img loading=\"lazy\" decoding=\"async\" class=\"alignleft size-full wp-image-3976\" src=\"http:\/\/caballitotequiero.com.ar\/portal\/wp-content\/uploads\/2011\/10\/0-rosario-4.jpg\" alt=\"\" width=\"510\" height=\"383\" srcset=\"http:\/\/caballitotequiero.com.ar\/portal\/wp-content\/uploads\/2011\/10\/0-rosario-4.jpg 510w, http:\/\/caballitotequiero.com.ar\/portal\/wp-content\/uploads\/2011\/10\/0-rosario-4-300x225.jpg 300w, http:\/\/caballitotequiero.com.ar\/portal\/wp-content\/uploads\/2011\/10\/0-rosario-4-80x60.jpg 80w\" sizes=\"auto, (max-width: 510px) 100vw, 510px\" \/><\/p>\n<div id=\"attachment_3977\" style=\"width: 520px\" class=\"wp-caption alignleft\"><img loading=\"lazy\" decoding=\"async\" aria-describedby=\"caption-attachment-3977\" class=\"size-full wp-image-3977\" src=\"http:\/\/caballitotequiero.com.ar\/portal\/wp-content\/uploads\/2011\/10\/0-rosario-5.jpg\" alt=\"\" width=\"510\" height=\"379\" srcset=\"http:\/\/caballitotequiero.com.ar\/portal\/wp-content\/uploads\/2011\/10\/0-rosario-5.jpg 510w, http:\/\/caballitotequiero.com.ar\/portal\/wp-content\/uploads\/2011\/10\/0-rosario-5-300x222.jpg 300w, http:\/\/caballitotequiero.com.ar\/portal\/wp-content\/uploads\/2011\/10\/0-rosario-5-80x60.jpg 80w\" sizes=\"auto, (max-width: 510px) 100vw, 510px\" \/><p id=\"caption-attachment-3977\" class=\"wp-caption-text\">La Jornadas tuvieron lugar en las instalaciones del Cine Lumiere<\/p><\/div>\n<div id=\"attachment_3978\" style=\"width: 520px\" class=\"wp-caption alignleft\"><a href=\"http:\/\/caballitotequiero.com.ar\/portal\/wp-content\/uploads\/2011\/10\/0-rosario-6.jpg\"><img loading=\"lazy\" decoding=\"async\" aria-describedby=\"caption-attachment-3978\" class=\"size-full wp-image-3978\" src=\"http:\/\/caballitotequiero.com.ar\/portal\/wp-content\/uploads\/2011\/10\/0-rosario-6.jpg\" alt=\"\" width=\"510\" height=\"383\" srcset=\"http:\/\/caballitotequiero.com.ar\/portal\/wp-content\/uploads\/2011\/10\/0-rosario-6.jpg 510w, http:\/\/caballitotequiero.com.ar\/portal\/wp-content\/uploads\/2011\/10\/0-rosario-6-300x225.jpg 300w, http:\/\/caballitotequiero.com.ar\/portal\/wp-content\/uploads\/2011\/10\/0-rosario-6-80x60.jpg 80w\" sizes=\"auto, (max-width: 510px) 100vw, 510px\" \/><\/a><p id=\"caption-attachment-3978\" class=\"wp-caption-text\">Jorgelina Bernasani, una de las organizadoras del evento y panelista se refiri\u00f3 a &quot;Los caminos de un almac\u00e9n a trav\u00e9s de su libro&quot;.<\/p><\/div>\n<p><img loading=\"lazy\" decoding=\"async\" class=\"alignleft size-full wp-image-3979\" src=\"http:\/\/caballitotequiero.com.ar\/portal\/wp-content\/uploads\/2011\/10\/0-rosario-7.jpg\" alt=\"\" width=\"510\" height=\"383\" srcset=\"http:\/\/caballitotequiero.com.ar\/portal\/wp-content\/uploads\/2011\/10\/0-rosario-7.jpg 510w, http:\/\/caballitotequiero.com.ar\/portal\/wp-content\/uploads\/2011\/10\/0-rosario-7-300x225.jpg 300w, http:\/\/caballitotequiero.com.ar\/portal\/wp-content\/uploads\/2011\/10\/0-rosario-7-80x60.jpg 80w\" sizes=\"auto, (max-width: 510px) 100vw, 510px\" \/><\/p>\n<div id=\"attachment_3980\" style=\"width: 520px\" class=\"wp-caption alignleft\"><img loading=\"lazy\" decoding=\"async\" aria-describedby=\"caption-attachment-3980\" class=\"size-full wp-image-3980\" src=\"http:\/\/caballitotequiero.com.ar\/portal\/wp-content\/uploads\/2011\/10\/0-rosario-8.jpg\" alt=\"\" width=\"510\" height=\"319\" srcset=\"http:\/\/caballitotequiero.com.ar\/portal\/wp-content\/uploads\/2011\/10\/0-rosario-8.jpg 510w, http:\/\/caballitotequiero.com.ar\/portal\/wp-content\/uploads\/2011\/10\/0-rosario-8-300x187.jpg 300w, http:\/\/caballitotequiero.com.ar\/portal\/wp-content\/uploads\/2011\/10\/0-rosario-8-160x100.jpg 160w\" sizes=\"auto, (max-width: 510px) 100vw, 510px\" \/><p id=\"caption-attachment-3980\" class=\"wp-caption-text\">Al cierre de la primer jornada se present\u00f3 la obra de teatro \u201cEl San Jos\u00e9 \u201c almac\u00e9n y bar, Espect\u00e1culo m\u00fasico teatral\u2026 del barrio- con textos de Fontanarrosa, interpretado por el Grupo Musicante de Gualeguaych\u00fa, Entre R\u00edos.<\/p><\/div>\n<div id=\"attachment_3981\" style=\"width: 520px\" class=\"wp-caption alignleft\"><img loading=\"lazy\" decoding=\"async\" aria-describedby=\"caption-attachment-3981\" class=\"size-full wp-image-3981\" src=\"http:\/\/caballitotequiero.com.ar\/portal\/wp-content\/uploads\/2011\/10\/0-rosario-9.jpg\" alt=\"\" width=\"510\" height=\"383\" srcset=\"http:\/\/caballitotequiero.com.ar\/portal\/wp-content\/uploads\/2011\/10\/0-rosario-9.jpg 510w, http:\/\/caballitotequiero.com.ar\/portal\/wp-content\/uploads\/2011\/10\/0-rosario-9-300x225.jpg 300w, http:\/\/caballitotequiero.com.ar\/portal\/wp-content\/uploads\/2011\/10\/0-rosario-9-80x60.jpg 80w\" sizes=\"auto, (max-width: 510px) 100vw, 510px\" \/><p id=\"caption-attachment-3981\" class=\"wp-caption-text\">&quot;Caf\u00e9 El Cairo&quot;. Luego de las exposiciones, hubo tiempo de recorrer algunos de los caf\u00e9s emblem\u00e1ticos de Rosario<\/p><\/div>\n","protected":false},"excerpt":{"rendered":"<p>Los d\u00edas 14 y 15 de octubre, tuvieron lugar en la ciudad de Rosario las 6tas. Jornadas Nacionales de Historiadores y Cronistas Barriales. Marina Bussio y H\u00e9ctor N\u00fa\u00f1ez Castro, fueron invitados a participar de las mismas. El tema a tratar fue: \u201cBoliches, \u00a0bares, caf\u00e9s, fondas y pulper\u00edas\u201d. Con ese motivo, los directores de \u201cHorizonte, La [&hellip;]<\/p>\n","protected":false},"author":1,"featured_media":3982,"comment_status":"open","ping_status":"open","sticky":false,"template":"","format":"standard","meta":{"footnotes":""},"categories":[5],"tags":[],"class_list":["post-3970","post","type-post","status-publish","format-standard","has-post-thumbnail","hentry","category-noticias"],"_links":{"self":[{"href":"http:\/\/caballitotequiero.com.ar\/portal\/wp-json\/wp\/v2\/posts\/3970","targetHints":{"allow":["GET"]}}],"collection":[{"href":"http:\/\/caballitotequiero.com.ar\/portal\/wp-json\/wp\/v2\/posts"}],"about":[{"href":"http:\/\/caballitotequiero.com.ar\/portal\/wp-json\/wp\/v2\/types\/post"}],"author":[{"embeddable":true,"href":"http:\/\/caballitotequiero.com.ar\/portal\/wp-json\/wp\/v2\/users\/1"}],"replies":[{"embeddable":true,"href":"http:\/\/caballitotequiero.com.ar\/portal\/wp-json\/wp\/v2\/comments?post=3970"}],"version-history":[{"count":2,"href":"http:\/\/caballitotequiero.com.ar\/portal\/wp-json\/wp\/v2\/posts\/3970\/revisions"}],"predecessor-version":[{"id":3984,"href":"http:\/\/caballitotequiero.com.ar\/portal\/wp-json\/wp\/v2\/posts\/3970\/revisions\/3984"}],"wp:featuredmedia":[{"embeddable":true,"href":"http:\/\/caballitotequiero.com.ar\/portal\/wp-json\/wp\/v2\/media\/3982"}],"wp:attachment":[{"href":"http:\/\/caballitotequiero.com.ar\/portal\/wp-json\/wp\/v2\/media?parent=3970"}],"wp:term":[{"taxonomy":"category","embeddable":true,"href":"http:\/\/caballitotequiero.com.ar\/portal\/wp-json\/wp\/v2\/categories?post=3970"},{"taxonomy":"post_tag","embeddable":true,"href":"http:\/\/caballitotequiero.com.ar\/portal\/wp-json\/wp\/v2\/tags?post=3970"}],"curies":[{"name":"wp","href":"https:\/\/api.w.org\/{rel}","templated":true}]}}