{"id":39831,"date":"2023-09-02T18:51:19","date_gmt":"2023-09-02T21:51:19","guid":{"rendered":"http:\/\/caballitotequiero.com.ar\/portal\/?p=39831"},"modified":"2023-09-06T19:13:55","modified_gmt":"2023-09-06T22:13:55","slug":"aumenta-la-tarifa-del-subte","status":"publish","type":"post","link":"http:\/\/caballitotequiero.com.ar\/portal\/2023\/09\/02\/aumenta-la-tarifa-del-subte\/","title":{"rendered":"AUMENTA LA TARIFA DEL SUBTE"},"content":{"rendered":"<p style=\"font-weight: 400;\">Subterr\u00e1neos de Buenos Aires S. E. (SBASE) aplicar\u00e1, desde el domingo 3 de septiembre, el \u00faltimo tramo de la actualizaci\u00f3n tarifaria aprobada\u00a0mediante la resoluci\u00f3n N\u00b05.\u00a0As\u00ed,\u00a0el\u00a0boleto de subte\u00a0pasar\u00e1 a costar $80 mientras que el Premetro valdr\u00e1 $28.<\/p>\n<p style=\"font-weight: 400;\">La\u00a0modificaci\u00f3n del cuadro tarifario\u00a0fue tratada y aprobada en la audiencia p\u00fablica celebrada el 3 de febrero, con el objetivo de seguir garantizando el mantenimiento y correcto funcionamiento del servicio, y en l\u00ednea con la actualizaci\u00f3n tarifaria implementada por el Gobierno nacional para el resto del transporte p\u00fablico del AMBA.<\/p>\n<p style=\"font-weight: 400;\">Adem\u00e1s de buscar un balance entre el boleto de los distintos medios de transporte, la actualizaci\u00f3n responde a la variaci\u00f3n de la tarifa t\u00e9cnica -que refleja el costo de la explotaci\u00f3n del servicio y consiste en el cociente entre dichos costos y el n\u00famero de pasajeros pagos- y se hace necesaria para garantizar el buen funcionamiento del subte, manteniendo sustentable el sistema de transporte p\u00fablico.<\/p>\n<p style=\"font-weight: 400;\">En ese sentido, teniendo en cuenta que esos costos se incrementaron un 58% a octubre del 2022 y que la nueva tarifa comenz\u00f3 a regir reci\u00e9n en marzo, implementada en cuatro tramos, con una demanda de pasajeros estabilizada en el 70% del total prepandemia, la actualizaci\u00f3n apunta a reducir el subsidio.<\/p>\n<p style=\"font-weight: 400;\">Por un lado, continuar\u00e1 vigente el descuento de la RED SUBE y el\u00a0beneficio\u00a0para pasajeros frecuentes. As\u00ed, mientras m\u00e1s viaje el usuario se le aplican autom\u00e1ticamente descuentos de 20%, 30% y 40% una vez que se superen los 20, 30 o 40 viajes mensuales respectivamente.<\/p>\n<p style=\"font-weight: 400;\">Adem\u00e1s,\u00a0seguir\u00e1n en curso los pases para jubilados y pensionados, y para personas con discapacidad, para personas trasplantadas y en lista de espera \u2013todos ellos pueden viajar gratis-, el boleto estudiantil \u2013que tambi\u00e9n es gratuito-, y los abonos social, maestro\u00a0y\u00a0estudiantil, para alumnos de escuelas secundarias y terciarias.<\/p>\n<p style=\"font-weight: 400;\">El abono social est\u00e1 destinado a beneficiarios de planes sociales administrados por el Gobierno de la Ciudad de Buenos Aires, del programa Ciudadan\u00eda Porte\u00f1a; beneficiarios del Plan Jefes y Jefas de Hogar; personas en situaci\u00f3n de desempleo cr\u00f3nico o recurrente; personas que acrediten poseer ingresos familiares que se encuentren por debajo de la canasta b\u00e1sica familiar que publica el INDEC; personas que acrediten encontrarse en situaci\u00f3n de indigencia; beneficiarios del subsidio por la tragedia de Croma\u00f1\u00f3n; excombatientes de Malvinas; aquellos grupos identificados por normas vigentes de la Ciudad de Buenos Aires con necesidades especiales o en situaci\u00f3n de alta vulnerabilidad social.<\/p>\n<p style=\"font-weight: 400;\"><a href=\"http:\/\/caballitotequiero.com.ar\/portal\/wp-content\/uploads\/2023\/09\/subte-tarifa.jpg\" rel=\"attachment wp-att-39832\"><img loading=\"lazy\" decoding=\"async\" class=\"aligncenter size-full wp-image-39832\" src=\"http:\/\/caballitotequiero.com.ar\/portal\/wp-content\/uploads\/2023\/09\/subte-tarifa.jpg\" alt=\"\" width=\"700\" height=\"358\" srcset=\"http:\/\/caballitotequiero.com.ar\/portal\/wp-content\/uploads\/2023\/09\/subte-tarifa.jpg 700w, http:\/\/caballitotequiero.com.ar\/portal\/wp-content\/uploads\/2023\/09\/subte-tarifa-300x153.jpg 300w, http:\/\/caballitotequiero.com.ar\/portal\/wp-content\/uploads\/2023\/09\/subte-tarifa-450x230.jpg 450w\" sizes=\"auto, (max-width: 700px) 100vw, 700px\" \/><\/a><\/p>\n","protected":false},"excerpt":{"rendered":"<p>Subterr\u00e1neos de Buenos Aires S. E. (SBASE) aplicar\u00e1, desde el domingo 3 de septiembre, el \u00faltimo tramo de la actualizaci\u00f3n tarifaria aprobada\u00a0mediante la resoluci\u00f3n N\u00b05.\u00a0As\u00ed,\u00a0el\u00a0boleto de subte\u00a0pasar\u00e1 a costar $80 mientras que el Premetro valdr\u00e1 $28. La\u00a0modificaci\u00f3n del cuadro tarifario\u00a0fue tratada y aprobada en la audiencia p\u00fablica celebrada el 3 de febrero, con el objetivo [&hellip;]<\/p>\n","protected":false},"author":1,"featured_media":39832,"comment_status":"open","ping_status":"open","sticky":false,"template":"","format":"standard","meta":{"footnotes":""},"categories":[5],"tags":[],"class_list":["post-39831","post","type-post","status-publish","format-standard","has-post-thumbnail","hentry","category-noticias"],"_links":{"self":[{"href":"http:\/\/caballitotequiero.com.ar\/portal\/wp-json\/wp\/v2\/posts\/39831","targetHints":{"allow":["GET"]}}],"collection":[{"href":"http:\/\/caballitotequiero.com.ar\/portal\/wp-json\/wp\/v2\/posts"}],"about":[{"href":"http:\/\/caballitotequiero.com.ar\/portal\/wp-json\/wp\/v2\/types\/post"}],"author":[{"embeddable":true,"href":"http:\/\/caballitotequiero.com.ar\/portal\/wp-json\/wp\/v2\/users\/1"}],"replies":[{"embeddable":true,"href":"http:\/\/caballitotequiero.com.ar\/portal\/wp-json\/wp\/v2\/comments?post=39831"}],"version-history":[{"count":1,"href":"http:\/\/caballitotequiero.com.ar\/portal\/wp-json\/wp\/v2\/posts\/39831\/revisions"}],"predecessor-version":[{"id":39833,"href":"http:\/\/caballitotequiero.com.ar\/portal\/wp-json\/wp\/v2\/posts\/39831\/revisions\/39833"}],"wp:featuredmedia":[{"embeddable":true,"href":"http:\/\/caballitotequiero.com.ar\/portal\/wp-json\/wp\/v2\/media\/39832"}],"wp:attachment":[{"href":"http:\/\/caballitotequiero.com.ar\/portal\/wp-json\/wp\/v2\/media?parent=39831"}],"wp:term":[{"taxonomy":"category","embeddable":true,"href":"http:\/\/caballitotequiero.com.ar\/portal\/wp-json\/wp\/v2\/categories?post=39831"},{"taxonomy":"post_tag","embeddable":true,"href":"http:\/\/caballitotequiero.com.ar\/portal\/wp-json\/wp\/v2\/tags?post=39831"}],"curies":[{"name":"wp","href":"https:\/\/api.w.org\/{rel}","templated":true}]}}