{"id":40029,"date":"2023-09-12T11:35:34","date_gmt":"2023-09-12T14:35:34","guid":{"rendered":"http:\/\/caballitotequiero.com.ar\/portal\/?p=40029"},"modified":"2023-09-13T11:44:05","modified_gmt":"2023-09-13T14:44:05","slug":"le-otorgan-a-ferro-13-hectareas-para-un-centro-de-alto-rendimiento","status":"publish","type":"post","link":"http:\/\/caballitotequiero.com.ar\/portal\/2023\/09\/12\/le-otorgan-a-ferro-13-hectareas-para-un-centro-de-alto-rendimiento\/","title":{"rendered":"LE OTORGAN A FERRO 13 HECT\u00c1REAS PARA UN CENTRO DE ALTO RENDIMIENTO"},"content":{"rendered":"<p>El complejo que estar\u00e1 ubicado en el kil\u00f3metro 33.5 de la Autopista Ricchieri y ser\u00e1 destinado al\u00a0f\u00fatbol profesional.<\/p>\n<p>El Club Ferro Carril Oeste, que milita en la Primera B Nacional,\u00a0<strong>adquiri\u00f3 por cesi\u00f3n un total de 13 hect\u00e1reas para un centro de alto rendimiento deportivo en la localidad de Ezeiza, que ser\u00e1 destinado al f\u00fatbol profesional<\/strong>.<\/p>\n<p>El presidente de Ferro, Daniel Pandolfi, firm\u00f3 junto al titular de la Agencia de Administraci\u00f3n de Bienes del Estado, Eduardo Albanese, la cesi\u00f3n de 13 hect\u00e1reas en Ezeiza en el complejo que estar\u00e1 ubicado en el kil\u00f3metro 33.5 de la Autopista Ricchieri, cercano a los predios de Boca y Racing.<\/p>\n<p>El dise\u00f1o, encargado por la comisi\u00f3n directiva, est\u00e1 dividido en tres grandes sectores:<\/p>\n<p>Un ingreso a trav\u00e9s del \u00abPaseo de los H\u00e9roes\u00bb (un boulevard con estatuas de las glorias del Club a modo de homenaje e inspiraci\u00f3n); una zona intermedia con canchas para las inferiores o para pr\u00e1cticas abiertas, dos vestuarios, un edificio con sala de prensa, sala para las y los dirigentes, y para el intendente y administrativos\/as del predio, adem\u00e1s de un buffet y un \u00e1rea de juegos para ni\u00f1os y ni\u00f1as.<\/p>\n<p>El \u00faltimo sector contendr\u00e1 5 canchas profesionales y un edificio principal de dos plantas para hoteler\u00eda de los jugadores (con 25 habitaciones, vestuarios, gimnasio, piscina, kinesiolog\u00eda, consultorio m\u00e9dico y psicol\u00f3gico, cocina, comedor, sala de esparcimiento, utiler\u00eda, dep\u00f3sito, garage para 100 autos y un quincho).<\/p>\n<p>El permiso fue otorgado luego de una \u00abexhaustiva evaluaci\u00f3n del proyecto\u00bb, seg\u00fan inform\u00f3 la prensa de Ferro, con la demostraci\u00f3n de un ordenamiento general y financiero y la concreci\u00f3n de las obras desarrolladas en las sedes de Caballito y Pontevedra.<\/p>\n<p>Ferro sumar\u00e1 30 hect\u00e1reas a su infraestructura, con las 17 del predio \u00abDr. Santiago Leyden\u00bb, en la provincia de Buenos Aires.<\/p>\n<p>Fuente: Telam<\/p>\n<p><a href=\"http:\/\/caballitotequiero.com.ar\/portal\/wp-content\/uploads\/2023\/09\/predio-ferrro-1.jpg\" rel=\"attachment wp-att-40030\"><img loading=\"lazy\" decoding=\"async\" class=\"aligncenter size-full wp-image-40030\" src=\"http:\/\/caballitotequiero.com.ar\/portal\/wp-content\/uploads\/2023\/09\/predio-ferrro-1.jpg\" alt=\"\" width=\"725\" height=\"429\" srcset=\"http:\/\/caballitotequiero.com.ar\/portal\/wp-content\/uploads\/2023\/09\/predio-ferrro-1.jpg 725w, http:\/\/caballitotequiero.com.ar\/portal\/wp-content\/uploads\/2023\/09\/predio-ferrro-1-300x178.jpg 300w, http:\/\/caballitotequiero.com.ar\/portal\/wp-content\/uploads\/2023\/09\/predio-ferrro-1-705x417.jpg 705w, http:\/\/caballitotequiero.com.ar\/portal\/wp-content\/uploads\/2023\/09\/predio-ferrro-1-450x266.jpg 450w\" sizes=\"auto, (max-width: 725px) 100vw, 725px\" \/><\/a> <a href=\"http:\/\/caballitotequiero.com.ar\/portal\/wp-content\/uploads\/2023\/09\/predio-ferrro-2.jpg\" rel=\"attachment wp-att-40031\"><img loading=\"lazy\" decoding=\"async\" class=\"aligncenter size-full wp-image-40031\" src=\"http:\/\/caballitotequiero.com.ar\/portal\/wp-content\/uploads\/2023\/09\/predio-ferrro-2.jpg\" alt=\"\" width=\"741\" height=\"426\" srcset=\"http:\/\/caballitotequiero.com.ar\/portal\/wp-content\/uploads\/2023\/09\/predio-ferrro-2.jpg 741w, http:\/\/caballitotequiero.com.ar\/portal\/wp-content\/uploads\/2023\/09\/predio-ferrro-2-300x172.jpg 300w, http:\/\/caballitotequiero.com.ar\/portal\/wp-content\/uploads\/2023\/09\/predio-ferrro-2-705x405.jpg 705w, http:\/\/caballitotequiero.com.ar\/portal\/wp-content\/uploads\/2023\/09\/predio-ferrro-2-450x259.jpg 450w\" sizes=\"auto, (max-width: 741px) 100vw, 741px\" \/><\/a><\/p>\n","protected":false},"excerpt":{"rendered":"<p>El complejo que estar\u00e1 ubicado en el kil\u00f3metro 33.5 de la Autopista Ricchieri y ser\u00e1 destinado al\u00a0f\u00fatbol profesional. El Club Ferro Carril Oeste, que milita en la Primera B Nacional,\u00a0adquiri\u00f3 por cesi\u00f3n un total de 13 hect\u00e1reas para un centro de alto rendimiento deportivo en la localidad de Ezeiza, que ser\u00e1 destinado al f\u00fatbol profesional. [&hellip;]<\/p>\n","protected":false},"author":1,"featured_media":40030,"comment_status":"open","ping_status":"open","sticky":false,"template":"","format":"standard","meta":{"footnotes":""},"categories":[5],"tags":[],"class_list":["post-40029","post","type-post","status-publish","format-standard","has-post-thumbnail","hentry","category-noticias"],"_links":{"self":[{"href":"http:\/\/caballitotequiero.com.ar\/portal\/wp-json\/wp\/v2\/posts\/40029","targetHints":{"allow":["GET"]}}],"collection":[{"href":"http:\/\/caballitotequiero.com.ar\/portal\/wp-json\/wp\/v2\/posts"}],"about":[{"href":"http:\/\/caballitotequiero.com.ar\/portal\/wp-json\/wp\/v2\/types\/post"}],"author":[{"embeddable":true,"href":"http:\/\/caballitotequiero.com.ar\/portal\/wp-json\/wp\/v2\/users\/1"}],"replies":[{"embeddable":true,"href":"http:\/\/caballitotequiero.com.ar\/portal\/wp-json\/wp\/v2\/comments?post=40029"}],"version-history":[{"count":1,"href":"http:\/\/caballitotequiero.com.ar\/portal\/wp-json\/wp\/v2\/posts\/40029\/revisions"}],"predecessor-version":[{"id":40032,"href":"http:\/\/caballitotequiero.com.ar\/portal\/wp-json\/wp\/v2\/posts\/40029\/revisions\/40032"}],"wp:featuredmedia":[{"embeddable":true,"href":"http:\/\/caballitotequiero.com.ar\/portal\/wp-json\/wp\/v2\/media\/40030"}],"wp:attachment":[{"href":"http:\/\/caballitotequiero.com.ar\/portal\/wp-json\/wp\/v2\/media?parent=40029"}],"wp:term":[{"taxonomy":"category","embeddable":true,"href":"http:\/\/caballitotequiero.com.ar\/portal\/wp-json\/wp\/v2\/categories?post=40029"},{"taxonomy":"post_tag","embeddable":true,"href":"http:\/\/caballitotequiero.com.ar\/portal\/wp-json\/wp\/v2\/tags?post=40029"}],"curies":[{"name":"wp","href":"https:\/\/api.w.org\/{rel}","templated":true}]}}