{"id":4020,"date":"2011-10-21T08:47:37","date_gmt":"2011-10-21T11:47:37","guid":{"rendered":"http:\/\/caballitotequiero.com.ar\/portal\/?p=4020"},"modified":"2011-10-21T08:47:37","modified_gmt":"2011-10-21T11:47:37","slug":"los-9-caballitos-un-proyecto-que-no-fue","status":"publish","type":"post","link":"http:\/\/caballitotequiero.com.ar\/portal\/2011\/10\/21\/los-9-caballitos-un-proyecto-que-no-fue\/","title":{"rendered":"LOS 9 CABALLITOS: UN PROYECTO QUE NO FUE"},"content":{"rendered":"<p>A fines de 1982\u00a0 la Municipalidad de Buenos Aires realiz\u00f3 un estudio, aduciendo razones de mejor administraci\u00f3n, con el objeto de subdividir los barrios en sectores m\u00e1s peque\u00f1os. Seg\u00fan aqu\u00e9l proyecto, los barrios, que por aquel entonces eran 46 (en la actualidad son 48), se transformar\u00edan en 149 \u201cminibarrios\u201d.<\/p>\n<p>En un importante matutino de nuestra ciudad, el d\u00eda 4 de diciembre de 1982, pod\u00eda leerse la siguiente noticia:<\/p>\n<p><strong><em>\u201cUn estudio sobre la modificaci\u00f3n de los l\u00edmites y el n\u00famero de los barrios de la capital Federal est\u00e1 realizando la Municipalidad de Buenos Aires. El decreto respectivo est\u00e1 a la firma del Intendente Municipal.<\/em><\/strong><\/p>\n<p><strong><em>En raz\u00f3n de este proyecto que se apoya en la existencia pr\u00e1ctica de una nueva realidad de la motr\u00f3poli, Buenos Aires tiene 149 barrios en lugar de los 46 anteriores.<\/em><\/strong><\/p>\n<p><strong><em>El estudio habr\u00eda establecido que esta nueva caracterizaci\u00f3n obedece a cuestiones l\u00f3gicas y ayudar\u00e1 sensiblemente al desarrollo de los quehaceres habituales y a la soluci\u00f3n de los problemas en cada uno de estos 149 barrios\u201d.<\/em><\/strong><\/p>\n<p>El proyecto, obviamente, nunca se llev\u00f3 a cabo, pero si se hubiese concretado, los barrios m\u00e1s peque\u00f1os como San Telmo, Versalles o Villa Real, habr\u00edan quedado sin modificaciones, mientras que los dem\u00e1s, seg\u00fan su superficie, sufrir\u00edan\u00a0 de 2 a 13 subdivisiones.<\/p>\n<p><strong>El barrio de Caballito en particular habr\u00eda originado 9 minibarrios: Acoyte, Caballito Norte, Caballito Sur, Ferrocarril\u00a0 Oeste, Parque Centenario, Parque Lezica, Plaza Irlanda, Primera Junta y Pu\u00e1n.<\/strong><\/p>\n<p>Asi hubuera quedado subdividido el barrio de Caballito:<\/p>\n<p><strong>1)<\/strong> Caballito Norte: Av. San Mart\u00edn, Av. Gaona, Donato Alvarez, Av. Juan B. Justo.<\/p>\n<p><strong> <\/strong><\/p>\n<p><strong>2)<\/strong> Parque Centenario: Av. Angel Gallardo, R\u00edo de Janeiro, Av. D\u00edaz V\u00e9lez.<\/p>\n<p><strong> <\/strong><\/p>\n<p><strong>3)<\/strong> Plaza Irlanda: Av. Gaona,\u00a0 Av. Honorio Pueyrred\u00f3n, Avellaneda, Neuqu\u00e9n, Donato Alvarez.<strong> <\/strong><\/p>\n<p><strong> <\/strong><\/p>\n<p><strong>4)<\/strong> Ferrocarril Oeste: Neuqu\u00e9n, Av. Avellaneda, Av. Honorio Pueyrred\u00f3n, Parral, v\u00edas del ferrocarril, Av. Donato Alvarez.<strong> <\/strong><\/p>\n<p><strong> <\/strong><\/p>\n<p><strong>5)<\/strong> Acoyte: Av. D\u00edaz V\u00e9lez, R\u00edo de Janeiro, v\u00edas del ferrocarril, Parral, Av. Honorio Pueyrred\u00f3n<\/p>\n<p><strong> <\/strong><\/p>\n<p><strong>6)<\/strong> Pu\u00e1n: V\u00edas del ferrocarril, Paysand\u00fa, Hortiguera, Av. Directorio, Curapaligue, Av. Donato Alvarez.<\/p>\n<p><strong> <\/strong><\/p>\n<p><strong>7)<\/strong> Primera Junta: Av. Acoyte, Av. Jos\u00e9 M. Moreno, Av. Juan B. Alberdi, Hortiguera, Paysand\u00fa, v\u00edas del ferrocarril.<\/p>\n<p><strong> <\/strong><\/p>\n<p><strong>8)<\/strong> Parque Lezica: v\u00edas del ferrocarril, R\u00edo de Janeiro, Av. Rivadavia, Av. La Plata, Av. Juan B. Alberdi, Av. Jos\u00e9 M. Moreno, Av. Acoyte.<\/p>\n<p><strong>9)<\/strong> Caballito Sur: Av. Directorio, Hortiguera, Av. Juan B. Alberdi, Av. La Plata.<\/p>\n<p><img loading=\"lazy\" decoding=\"async\" class=\"alignleft size-full wp-image-4021\" src=\"http:\/\/caballitotequiero.com.ar\/portal\/wp-content\/uploads\/2011\/10\/9-caballitos-COLOR.jpg\" alt=\"\" width=\"524\" height=\"468\" srcset=\"http:\/\/caballitotequiero.com.ar\/portal\/wp-content\/uploads\/2011\/10\/9-caballitos-COLOR.jpg 524w, http:\/\/caballitotequiero.com.ar\/portal\/wp-content\/uploads\/2011\/10\/9-caballitos-COLOR-300x267.jpg 300w\" sizes=\"auto, (max-width: 524px) 100vw, 524px\" \/><\/p>\n","protected":false},"excerpt":{"rendered":"<p>A fines de 1982\u00a0 la Municipalidad de Buenos Aires realiz\u00f3 un estudio, aduciendo razones de mejor administraci\u00f3n, con el objeto de subdividir los barrios en sectores m\u00e1s peque\u00f1os. Seg\u00fan aqu\u00e9l proyecto, los barrios, que por aquel entonces eran 46 (en la actualidad son 48), se transformar\u00edan en 149 \u201cminibarrios\u201d. En un importante matutino de nuestra [&hellip;]<\/p>\n","protected":false},"author":1,"featured_media":4022,"comment_status":"open","ping_status":"open","sticky":false,"template":"","format":"standard","meta":{"footnotes":""},"categories":[5],"tags":[],"class_list":["post-4020","post","type-post","status-publish","format-standard","has-post-thumbnail","hentry","category-noticias"],"_links":{"self":[{"href":"http:\/\/caballitotequiero.com.ar\/portal\/wp-json\/wp\/v2\/posts\/4020","targetHints":{"allow":["GET"]}}],"collection":[{"href":"http:\/\/caballitotequiero.com.ar\/portal\/wp-json\/wp\/v2\/posts"}],"about":[{"href":"http:\/\/caballitotequiero.com.ar\/portal\/wp-json\/wp\/v2\/types\/post"}],"author":[{"embeddable":true,"href":"http:\/\/caballitotequiero.com.ar\/portal\/wp-json\/wp\/v2\/users\/1"}],"replies":[{"embeddable":true,"href":"http:\/\/caballitotequiero.com.ar\/portal\/wp-json\/wp\/v2\/comments?post=4020"}],"version-history":[{"count":2,"href":"http:\/\/caballitotequiero.com.ar\/portal\/wp-json\/wp\/v2\/posts\/4020\/revisions"}],"predecessor-version":[{"id":4024,"href":"http:\/\/caballitotequiero.com.ar\/portal\/wp-json\/wp\/v2\/posts\/4020\/revisions\/4024"}],"wp:featuredmedia":[{"embeddable":true,"href":"http:\/\/caballitotequiero.com.ar\/portal\/wp-json\/wp\/v2\/media\/4022"}],"wp:attachment":[{"href":"http:\/\/caballitotequiero.com.ar\/portal\/wp-json\/wp\/v2\/media?parent=4020"}],"wp:term":[{"taxonomy":"category","embeddable":true,"href":"http:\/\/caballitotequiero.com.ar\/portal\/wp-json\/wp\/v2\/categories?post=4020"},{"taxonomy":"post_tag","embeddable":true,"href":"http:\/\/caballitotequiero.com.ar\/portal\/wp-json\/wp\/v2\/tags?post=4020"}],"curies":[{"name":"wp","href":"https:\/\/api.w.org\/{rel}","templated":true}]}}