{"id":42528,"date":"2024-01-10T21:36:56","date_gmt":"2024-01-11T00:36:56","guid":{"rendered":"http:\/\/caballitotequiero.com.ar\/portal\/?p=42528"},"modified":"2024-01-10T21:36:56","modified_gmt":"2024-01-11T00:36:56","slug":"amenaza-de-bomba-en-el-cine-atlas-caballito","status":"publish","type":"post","link":"http:\/\/caballitotequiero.com.ar\/portal\/2024\/01\/10\/amenaza-de-bomba-en-el-cine-atlas-caballito\/","title":{"rendered":"AMENAZA DE BOMBA EN EL CINE ATLAS CABALLITO"},"content":{"rendered":"<p>El martes 9 de enero por la noche se produjo un confuso episodio en el cine Atlas Caballito, ubicado en Av. Rivadavia 5071, cuando efectivos de la Polic\u00eda Federal irrumpieron en la funci\u00f3n de las 22.30 horas.<\/p>\n<p>El p\u00fablico que asist\u00eda en esos momentos a la proyecci\u00f3n de las pel\u00edculas \u201cWonka\u201d y \u201cWish\u201d no fue evacuado y presenciaron el operativo.<\/p>\n<p>La polic\u00eda ingreso en las salas cerca de las 22.30 , en un primer momento trascendi\u00f3 que se deb\u00eda a un control , pero luego confirmaron que se trat\u00f3 de un operativo en respuesta a una amenaza de bomba.<\/p>\n<p>Seg\u00fan fuentes policiales, en un llamado al 911 una voz masculina alert\u00f3 que hab\u00eda puesto una bomba debajo de un asiento de la sucursal de la helader\u00eda Freddo del Complejo Atlas. Por eso, personal de la Comisar\u00eda Vecinal 6 B y el Escuadr\u00f3n Antibombas acudieron al lugar. Adem\u00e1s de la helader\u00eda revisaron los cines y el resultado fue negativo, confirmaron. El Juzgado Nacional en lo Criminal y Correccional Federal 3, a cargo del Dr. Daniel Rafecas dispuso labrar actuaciones por intimidaci\u00f3n p\u00fablica.<\/p>\n<p><a href=\"http:\/\/caballitotequiero.com.ar\/portal\/wp-content\/uploads\/2024\/01\/atlas.jpg\" rel=\"attachment wp-att-42529\"><img loading=\"lazy\" decoding=\"async\" class=\"aligncenter size-full wp-image-42529\" src=\"http:\/\/caballitotequiero.com.ar\/portal\/wp-content\/uploads\/2024\/01\/atlas.jpg\" alt=\"\" width=\"500\" height=\"667\" srcset=\"http:\/\/caballitotequiero.com.ar\/portal\/wp-content\/uploads\/2024\/01\/atlas.jpg 500w, http:\/\/caballitotequiero.com.ar\/portal\/wp-content\/uploads\/2024\/01\/atlas-225x300.jpg 225w, http:\/\/caballitotequiero.com.ar\/portal\/wp-content\/uploads\/2024\/01\/atlas-450x600.jpg 450w\" sizes=\"auto, (max-width: 500px) 100vw, 500px\" \/><\/a><\/p>\n","protected":false},"excerpt":{"rendered":"<p>El martes 9 de enero por la noche se produjo un confuso episodio en el cine Atlas Caballito, ubicado en Av. Rivadavia 5071, cuando efectivos de la Polic\u00eda Federal irrumpieron en la funci\u00f3n de las 22.30 horas. El p\u00fablico que asist\u00eda en esos momentos a la proyecci\u00f3n de las pel\u00edculas \u201cWonka\u201d y \u201cWish\u201d no fue [&hellip;]<\/p>\n","protected":false},"author":1,"featured_media":42529,"comment_status":"open","ping_status":"open","sticky":false,"template":"","format":"standard","meta":{"footnotes":""},"categories":[5],"tags":[],"class_list":["post-42528","post","type-post","status-publish","format-standard","has-post-thumbnail","hentry","category-noticias"],"_links":{"self":[{"href":"http:\/\/caballitotequiero.com.ar\/portal\/wp-json\/wp\/v2\/posts\/42528","targetHints":{"allow":["GET"]}}],"collection":[{"href":"http:\/\/caballitotequiero.com.ar\/portal\/wp-json\/wp\/v2\/posts"}],"about":[{"href":"http:\/\/caballitotequiero.com.ar\/portal\/wp-json\/wp\/v2\/types\/post"}],"author":[{"embeddable":true,"href":"http:\/\/caballitotequiero.com.ar\/portal\/wp-json\/wp\/v2\/users\/1"}],"replies":[{"embeddable":true,"href":"http:\/\/caballitotequiero.com.ar\/portal\/wp-json\/wp\/v2\/comments?post=42528"}],"version-history":[{"count":1,"href":"http:\/\/caballitotequiero.com.ar\/portal\/wp-json\/wp\/v2\/posts\/42528\/revisions"}],"predecessor-version":[{"id":42530,"href":"http:\/\/caballitotequiero.com.ar\/portal\/wp-json\/wp\/v2\/posts\/42528\/revisions\/42530"}],"wp:featuredmedia":[{"embeddable":true,"href":"http:\/\/caballitotequiero.com.ar\/portal\/wp-json\/wp\/v2\/media\/42529"}],"wp:attachment":[{"href":"http:\/\/caballitotequiero.com.ar\/portal\/wp-json\/wp\/v2\/media?parent=42528"}],"wp:term":[{"taxonomy":"category","embeddable":true,"href":"http:\/\/caballitotequiero.com.ar\/portal\/wp-json\/wp\/v2\/categories?post=42528"},{"taxonomy":"post_tag","embeddable":true,"href":"http:\/\/caballitotequiero.com.ar\/portal\/wp-json\/wp\/v2\/tags?post=42528"}],"curies":[{"name":"wp","href":"https:\/\/api.w.org\/{rel}","templated":true}]}}