{"id":4264,"date":"2011-11-09T15:06:45","date_gmt":"2011-11-09T18:06:45","guid":{"rendered":"http:\/\/caballitotequiero.com.ar\/portal\/?p=4264"},"modified":"2011-11-09T15:06:45","modified_gmt":"2011-11-09T18:06:45","slug":"convocatoria-de-sos-caballito-en-la-playa-de-cargas","status":"publish","type":"post","link":"http:\/\/caballitotequiero.com.ar\/portal\/2011\/11\/09\/convocatoria-de-sos-caballito-en-la-playa-de-cargas\/","title":{"rendered":"CONVOCATORIA DE SOS CABALLITO EN LA PLAYA DE CARGAS"},"content":{"rendered":"<p>SOS Caballito convoca para el pr\u00f3ximo s\u00e1bado 12 de noviembre a las 15.00, en la ex Playa de Cargas del Ferrocarril, Bacacay 1608.<\/p>\n<p>El motivo de la convocatoria es, exigir que los terrenos fiscales, pertenecientes a Naci\u00f3n, sean zonificados como UP (Urbanizaci\u00f3n Parque)<\/p>\n<p>Esta reuni\u00f3n es coincidente con el deseo mayoritario de los vecinos del barrio, quienes est\u00e1n de acuerdo en que, una vez finalizadas las obras del soterramiento de las v\u00edas del ex ferrocarril Sarmiento, el espacio fiscal sea transformado en un espacio verde.<\/p>\n<p>Desde hace m\u00e1s de 15 a\u00f1os y, bajo distintas administraciones, se viene solicitando que se concrete el \u201cCorredor Verde del Oeste\u201d o \u201cParque del Bicentenario\u201d.<\/p>\n<p>Sin embargo la demora de las obras de soterramiento, por parte de Naci\u00f3n, a pesar de haber sido anunciadas en m\u00e1s de ocho oportunidades, mantiene la incertidumbre vecinal respecto al uso final de las tierras fiscales.<\/p>\n<p>Como se puede visualizar en el plano adjunto, por SOS Caballito, quedan excluidas del reclamo el predio privado de la Av. Avellaneda 1400\/1500, perteneciente a la empresa IRSA donde est\u00e1 prevista la construcci\u00f3n de un shopping. Asimismo se incluye como futuro parque p\u00fablico el terreno dado en pr\u00e9stamo por Naci\u00f3n, al Club Ferrocarril Oeste, donde se ha construido una cancha de jockey sobre c\u00e9sped.<\/p>\n<p>Una convocatoria que, sin duda cuenta con el apoyo de todo Caballito, ya que aspira a ganar espacios verdes y se adelanta a cualquier proyecto inmobiliario futuro, como el propuesto por el ministro Schiavi, sobre el uso del 35 % de los terrenos que, le corresponder\u00edan a Naci\u00f3n.<\/p>\n<p><img loading=\"lazy\" decoding=\"async\" class=\"alignleft size-full wp-image-4265\" src=\"http:\/\/caballitotequiero.com.ar\/portal\/wp-content\/uploads\/2011\/11\/SOS.jpg\" alt=\"\" width=\"524\" height=\"381\" srcset=\"http:\/\/caballitotequiero.com.ar\/portal\/wp-content\/uploads\/2011\/11\/SOS.jpg 524w, http:\/\/caballitotequiero.com.ar\/portal\/wp-content\/uploads\/2011\/11\/SOS-300x218.jpg 300w\" sizes=\"auto, (max-width: 524px) 100vw, 524px\" \/><\/p>\n","protected":false},"excerpt":{"rendered":"<p>SOS Caballito convoca para el pr\u00f3ximo s\u00e1bado 12 de noviembre a las 15.00, en la ex Playa de Cargas del Ferrocarril, Bacacay 1608. El motivo de la convocatoria es, exigir que los terrenos fiscales, pertenecientes a Naci\u00f3n, sean zonificados como UP (Urbanizaci\u00f3n Parque) Esta reuni\u00f3n es coincidente con el deseo mayoritario de los vecinos del [&hellip;]<\/p>\n","protected":false},"author":1,"featured_media":4266,"comment_status":"open","ping_status":"open","sticky":false,"template":"","format":"standard","meta":{"footnotes":""},"categories":[5],"tags":[],"class_list":["post-4264","post","type-post","status-publish","format-standard","has-post-thumbnail","hentry","category-noticias"],"_links":{"self":[{"href":"http:\/\/caballitotequiero.com.ar\/portal\/wp-json\/wp\/v2\/posts\/4264","targetHints":{"allow":["GET"]}}],"collection":[{"href":"http:\/\/caballitotequiero.com.ar\/portal\/wp-json\/wp\/v2\/posts"}],"about":[{"href":"http:\/\/caballitotequiero.com.ar\/portal\/wp-json\/wp\/v2\/types\/post"}],"author":[{"embeddable":true,"href":"http:\/\/caballitotequiero.com.ar\/portal\/wp-json\/wp\/v2\/users\/1"}],"replies":[{"embeddable":true,"href":"http:\/\/caballitotequiero.com.ar\/portal\/wp-json\/wp\/v2\/comments?post=4264"}],"version-history":[{"count":1,"href":"http:\/\/caballitotequiero.com.ar\/portal\/wp-json\/wp\/v2\/posts\/4264\/revisions"}],"predecessor-version":[{"id":4267,"href":"http:\/\/caballitotequiero.com.ar\/portal\/wp-json\/wp\/v2\/posts\/4264\/revisions\/4267"}],"wp:featuredmedia":[{"embeddable":true,"href":"http:\/\/caballitotequiero.com.ar\/portal\/wp-json\/wp\/v2\/media\/4266"}],"wp:attachment":[{"href":"http:\/\/caballitotequiero.com.ar\/portal\/wp-json\/wp\/v2\/media?parent=4264"}],"wp:term":[{"taxonomy":"category","embeddable":true,"href":"http:\/\/caballitotequiero.com.ar\/portal\/wp-json\/wp\/v2\/categories?post=4264"},{"taxonomy":"post_tag","embeddable":true,"href":"http:\/\/caballitotequiero.com.ar\/portal\/wp-json\/wp\/v2\/tags?post=4264"}],"curies":[{"name":"wp","href":"https:\/\/api.w.org\/{rel}","templated":true}]}}