{"id":42690,"date":"2024-01-12T23:44:39","date_gmt":"2024-01-13T02:44:39","guid":{"rendered":"http:\/\/caballitotequiero.com.ar\/portal\/?p=42690"},"modified":"2024-01-21T23:45:27","modified_gmt":"2024-01-22T02:45:27","slug":"alberdi-y-jose-m-moreno-donde-se-puede-llegar-en-auto-por-ascensor-hasta-los-departamentos","status":"publish","type":"post","link":"http:\/\/caballitotequiero.com.ar\/portal\/2024\/01\/12\/alberdi-y-jose-m-moreno-donde-se-puede-llegar-en-auto-por-ascensor-hasta-los-departamentos\/","title":{"rendered":"ALBERDI Y JOS\u00c9 M. MORENO, DONDE SE PUEDE LLEGAR EN AUTO POR ASCENSOR HASTA LOS DEPARTAMENTOS"},"content":{"rendered":"<p class=\"com-paragraph --capital --s\">En la esquina sudoeste de Juan Bautista Alberdi y Jos\u00e9 Mar\u00eda Moreno se encuentran a la venta\u00a0<strong>las primeras unidades de un innovador edificio<\/strong>\u00a0. Este proyecto, que\u00a0<strong>emula una caracter\u00edstica que puede encontrarse en los edificios de lujo, como la torre Porsche donde tiene un departamento Lionel Messi en Miami. <\/strong>La novedosa y llamativa funci\u00f3n\u00a0permite poder acceder a los departamentos con veh\u00edculos.<\/p>\n<div class=\"hidden\">El proyecto enfrent\u00f3 numerosos obst\u00e1culos, desde la complejidad del terreno hasta los desaf\u00edos impuestos por la pandemia y las autorizaciones.\u00a0 El terreno donde se realiz\u00f3 este desarrollo fue adquirido por\u00a0Geraci Propiedades hace m\u00e1s de 10 a\u00f1os. Fue necesario llevar adelante un proceso de saneamiento del suelo, ya que anteriormente funcion\u00f3 all\u00ed una estaci\u00f3n de servicio.<\/div>\n<div class=\"hidden\">El ascensor montacargas para los veh\u00edculos\u00a0\u00a0tiene una dimensi\u00f3n de 6,50&#215;6, y ocupa la posici\u00f3n central del edificio.<\/div>\n<div class=\"hidden\">La construcci\u00f3n tiene 11 pisos de altura\u00a0y\u00a0alberga en su interior\u00a0<strong>45 unidades de entre uno y dos ambientes<\/strong>. En cada nivel, se distribuyen seis viviendas compuestas por cinco unidades de dos ambientes y una de un ambiente, con dimensiones que var\u00edan\u00a0<strong>entre los 42 y 45 metros cuadrados<\/strong>.<\/div>\n<div class=\"hidden\">\n<p class=\"com-paragraph --s\">El funcionamiento del sistema es sumamente sencillo: los residentes ingresan al edificio con su autom\u00f3vil a trav\u00e9s de una rampa que conduce directamente al subsuelo. En esta \u00e1rea, estrat\u00e9gicamente ubicados, se encuentran\u00a0<strong>dos ascensores tipo montacarga en el centro de la estructura<\/strong>. Estos ascensores permiten subir hasta el piso deseado y, una vez all\u00ed, se estacionan en un espacio espec\u00edficamente dise\u00f1ado con capacidad para cinco autos, asignando uno por cada unidad de dos ambientes que ocupa cada planta.<\/p>\n<div class=\"hidden\">\u00a0Estas cocheras, al salir del espacio de estacionamiento, se conectan con un pasillo de circulaci\u00f3n general, brindando un<strong>\u00a0<\/strong>acceso fluido y eficiente que\u00a0<strong>conduce directamente a la entrada de los departamentos de ese nivel<\/strong>.<\/div>\n<p class=\"com-paragraph --s\">Los montacoches est\u00e1n programados de manera que siempre haya uno en el nivel de acceso en el subsuelo y otro disponible en el cuarto piso, para estar m\u00e1s cerca de cualquier llamada. El<strong>\u00a0tiempo requerido para ascender hasta el \u00faltimo piso<\/strong>, que implica casi 40 metros de altura, es de\u00a0<strong>tan solo un minuto y medio.<\/strong><\/p>\n<p class=\"com-paragraph --s\"><a href=\"http:\/\/caballitotequiero.com.ar\/portal\/wp-content\/uploads\/2024\/01\/depto-jose-m-morenno.jpg\" rel=\"attachment wp-att-42691\"><img loading=\"lazy\" decoding=\"async\" class=\"aligncenter size-full wp-image-42691\" src=\"http:\/\/caballitotequiero.com.ar\/portal\/wp-content\/uploads\/2024\/01\/depto-jose-m-morenno.jpg\" alt=\"\" width=\"600\" height=\"900\" srcset=\"http:\/\/caballitotequiero.com.ar\/portal\/wp-content\/uploads\/2024\/01\/depto-jose-m-morenno.jpg 600w, http:\/\/caballitotequiero.com.ar\/portal\/wp-content\/uploads\/2024\/01\/depto-jose-m-morenno-200x300.jpg 200w, http:\/\/caballitotequiero.com.ar\/portal\/wp-content\/uploads\/2024\/01\/depto-jose-m-morenno-470x705.jpg 470w, http:\/\/caballitotequiero.com.ar\/portal\/wp-content\/uploads\/2024\/01\/depto-jose-m-morenno-450x675.jpg 450w\" sizes=\"auto, (max-width: 600px) 100vw, 600px\" \/><\/a><\/p>\n<\/div>\n","protected":false},"excerpt":{"rendered":"<p>En la esquina sudoeste de Juan Bautista Alberdi y Jos\u00e9 Mar\u00eda Moreno se encuentran a la venta\u00a0las primeras unidades de un innovador edificio\u00a0. Este proyecto, que\u00a0emula una caracter\u00edstica que puede encontrarse en los edificios de lujo, como la torre Porsche donde tiene un departamento Lionel Messi en Miami. La novedosa y llamativa funci\u00f3n\u00a0permite poder acceder [&hellip;]<\/p>\n","protected":false},"author":1,"featured_media":42691,"comment_status":"open","ping_status":"open","sticky":false,"template":"","format":"standard","meta":{"footnotes":""},"categories":[5],"tags":[],"class_list":["post-42690","post","type-post","status-publish","format-standard","has-post-thumbnail","hentry","category-noticias"],"_links":{"self":[{"href":"http:\/\/caballitotequiero.com.ar\/portal\/wp-json\/wp\/v2\/posts\/42690","targetHints":{"allow":["GET"]}}],"collection":[{"href":"http:\/\/caballitotequiero.com.ar\/portal\/wp-json\/wp\/v2\/posts"}],"about":[{"href":"http:\/\/caballitotequiero.com.ar\/portal\/wp-json\/wp\/v2\/types\/post"}],"author":[{"embeddable":true,"href":"http:\/\/caballitotequiero.com.ar\/portal\/wp-json\/wp\/v2\/users\/1"}],"replies":[{"embeddable":true,"href":"http:\/\/caballitotequiero.com.ar\/portal\/wp-json\/wp\/v2\/comments?post=42690"}],"version-history":[{"count":1,"href":"http:\/\/caballitotequiero.com.ar\/portal\/wp-json\/wp\/v2\/posts\/42690\/revisions"}],"predecessor-version":[{"id":42692,"href":"http:\/\/caballitotequiero.com.ar\/portal\/wp-json\/wp\/v2\/posts\/42690\/revisions\/42692"}],"wp:featuredmedia":[{"embeddable":true,"href":"http:\/\/caballitotequiero.com.ar\/portal\/wp-json\/wp\/v2\/media\/42691"}],"wp:attachment":[{"href":"http:\/\/caballitotequiero.com.ar\/portal\/wp-json\/wp\/v2\/media?parent=42690"}],"wp:term":[{"taxonomy":"category","embeddable":true,"href":"http:\/\/caballitotequiero.com.ar\/portal\/wp-json\/wp\/v2\/categories?post=42690"},{"taxonomy":"post_tag","embeddable":true,"href":"http:\/\/caballitotequiero.com.ar\/portal\/wp-json\/wp\/v2\/tags?post=42690"}],"curies":[{"name":"wp","href":"https:\/\/api.w.org\/{rel}","templated":true}]}}