{"id":42799,"date":"2024-01-27T18:37:08","date_gmt":"2024-01-27T21:37:08","guid":{"rendered":"http:\/\/caballitotequiero.com.ar\/portal\/?p=42799"},"modified":"2024-01-28T18:46:57","modified_gmt":"2024-01-28T21:46:57","slug":"desfile-por-el-medio-ambiente-en-el-parque-centenario","status":"publish","type":"post","link":"http:\/\/caballitotequiero.com.ar\/portal\/2024\/01\/27\/desfile-por-el-medio-ambiente-en-el-parque-centenario\/","title":{"rendered":"DESFILE POR EL MEDIO AMBIENTE EN EL PARQUE CENTENARIO"},"content":{"rendered":"<p>El viernes 26 de enero tuvo lugar un desfile en el Parque Centenario organizado por el Programa \u00a0\u201cContenidos de Bienestar\u201d\u00a0 en el marco del D\u00eda Mundial de la Educaci\u00f3n Ambiental.<\/p>\n<p>El lugar elegido fue la Estaci\u00f3n Saludable del Parque Centenario ubicada en el acceso de Antonio Machado y Leopoldo Marechal.<\/p>\n<p>Participaron alumnas del taller de teatro de la actriz Silvia Peyrou, quienes mostraron m\u00e1s de 20 prendas confeccionadas con material reciclado.<\/p>\n<p>El objetivo del evento se centr\u00f3 en generar conciencia sobre lo que se puede lograr en relaci\u00f3n al cuidado del ambiente, tanto en beneficios para el mismo, como para nosotros en materia econ\u00f3mica y social.<\/p>\n<p><a href=\"http:\/\/caballitotequiero.com.ar\/portal\/wp-content\/uploads\/2024\/01\/desdile-1.jpg\" rel=\"attachment wp-att-42800\"><img loading=\"lazy\" decoding=\"async\" class=\"aligncenter size-full wp-image-42800\" src=\"http:\/\/caballitotequiero.com.ar\/portal\/wp-content\/uploads\/2024\/01\/desdile-1.jpg\" alt=\"\" width=\"700\" height=\"412\" srcset=\"http:\/\/caballitotequiero.com.ar\/portal\/wp-content\/uploads\/2024\/01\/desdile-1.jpg 700w, http:\/\/caballitotequiero.com.ar\/portal\/wp-content\/uploads\/2024\/01\/desdile-1-300x177.jpg 300w, http:\/\/caballitotequiero.com.ar\/portal\/wp-content\/uploads\/2024\/01\/desdile-1-450x265.jpg 450w\" sizes=\"auto, (max-width: 700px) 100vw, 700px\" \/><\/a> <a href=\"http:\/\/caballitotequiero.com.ar\/portal\/wp-content\/uploads\/2024\/01\/desdile-2.jpg\" rel=\"attachment wp-att-42801\"><img loading=\"lazy\" decoding=\"async\" class=\"aligncenter size-full wp-image-42801\" src=\"http:\/\/caballitotequiero.com.ar\/portal\/wp-content\/uploads\/2024\/01\/desdile-2.jpg\" alt=\"\" width=\"700\" height=\"700\" srcset=\"http:\/\/caballitotequiero.com.ar\/portal\/wp-content\/uploads\/2024\/01\/desdile-2.jpg 700w, http:\/\/caballitotequiero.com.ar\/portal\/wp-content\/uploads\/2024\/01\/desdile-2-80x80.jpg 80w, http:\/\/caballitotequiero.com.ar\/portal\/wp-content\/uploads\/2024\/01\/desdile-2-300x300.jpg 300w, http:\/\/caballitotequiero.com.ar\/portal\/wp-content\/uploads\/2024\/01\/desdile-2-36x36.jpg 36w, http:\/\/caballitotequiero.com.ar\/portal\/wp-content\/uploads\/2024\/01\/desdile-2-180x180.jpg 180w, http:\/\/caballitotequiero.com.ar\/portal\/wp-content\/uploads\/2024\/01\/desdile-2-120x120.jpg 120w, http:\/\/caballitotequiero.com.ar\/portal\/wp-content\/uploads\/2024\/01\/desdile-2-450x450.jpg 450w\" sizes=\"auto, (max-width: 700px) 100vw, 700px\" \/><\/a><\/p>\n","protected":false},"excerpt":{"rendered":"<p>El viernes 26 de enero tuvo lugar un desfile en el Parque Centenario organizado por el Programa \u00a0\u201cContenidos de Bienestar\u201d\u00a0 en el marco del D\u00eda Mundial de la Educaci\u00f3n Ambiental. El lugar elegido fue la Estaci\u00f3n Saludable del Parque Centenario ubicada en el acceso de Antonio Machado y Leopoldo Marechal. Participaron alumnas del taller de [&hellip;]<\/p>\n","protected":false},"author":1,"featured_media":42801,"comment_status":"open","ping_status":"open","sticky":false,"template":"","format":"standard","meta":{"footnotes":""},"categories":[5],"tags":[],"class_list":["post-42799","post","type-post","status-publish","format-standard","has-post-thumbnail","hentry","category-noticias"],"_links":{"self":[{"href":"http:\/\/caballitotequiero.com.ar\/portal\/wp-json\/wp\/v2\/posts\/42799","targetHints":{"allow":["GET"]}}],"collection":[{"href":"http:\/\/caballitotequiero.com.ar\/portal\/wp-json\/wp\/v2\/posts"}],"about":[{"href":"http:\/\/caballitotequiero.com.ar\/portal\/wp-json\/wp\/v2\/types\/post"}],"author":[{"embeddable":true,"href":"http:\/\/caballitotequiero.com.ar\/portal\/wp-json\/wp\/v2\/users\/1"}],"replies":[{"embeddable":true,"href":"http:\/\/caballitotequiero.com.ar\/portal\/wp-json\/wp\/v2\/comments?post=42799"}],"version-history":[{"count":1,"href":"http:\/\/caballitotequiero.com.ar\/portal\/wp-json\/wp\/v2\/posts\/42799\/revisions"}],"predecessor-version":[{"id":42802,"href":"http:\/\/caballitotequiero.com.ar\/portal\/wp-json\/wp\/v2\/posts\/42799\/revisions\/42802"}],"wp:featuredmedia":[{"embeddable":true,"href":"http:\/\/caballitotequiero.com.ar\/portal\/wp-json\/wp\/v2\/media\/42801"}],"wp:attachment":[{"href":"http:\/\/caballitotequiero.com.ar\/portal\/wp-json\/wp\/v2\/media?parent=42799"}],"wp:term":[{"taxonomy":"category","embeddable":true,"href":"http:\/\/caballitotequiero.com.ar\/portal\/wp-json\/wp\/v2\/categories?post=42799"},{"taxonomy":"post_tag","embeddable":true,"href":"http:\/\/caballitotequiero.com.ar\/portal\/wp-json\/wp\/v2\/tags?post=42799"}],"curies":[{"name":"wp","href":"https:\/\/api.w.org\/{rel}","templated":true}]}}