{"id":43075,"date":"2024-02-08T22:20:25","date_gmt":"2024-02-09T01:20:25","guid":{"rendered":"http:\/\/caballitotequiero.com.ar\/portal\/?p=43075"},"modified":"2024-02-09T22:37:02","modified_gmt":"2024-02-10T01:37:02","slug":"fueron-robadas-dos-obras-de-perlotti-en-la-plaza-primera-junta","status":"publish","type":"post","link":"http:\/\/caballitotequiero.com.ar\/portal\/2024\/02\/08\/fueron-robadas-dos-obras-de-perlotti-en-la-plaza-primera-junta\/","title":{"rendered":"FUERON ROBADAS DOS OBRAS DE PERLOTTI EN LA PLAZA PRIMERA JUNTA"},"content":{"rendered":"<p>En el mes del aniversario de Caballito los vecinos se encontraron con una mala noticia. Fueron robadas dos obras del escultor Luis Perlotti.<\/p>\n<p>Se trata de los altorrelieves \u201cLa Porte\u00f1a\u201d y \u201cLa Pulper\u00eda de Caballito\u201d ubicados en la base del m\u00e1stil de la Plaza Primera Junta. Estaban realizadas en bronce y eran las obras p\u00f3stumas del destacado escultor.<\/p>\n<p>Si bien no se tiene la fecha exacta de la desaparici\u00f3n de estas piezas, todo parece indicar que el hecho sucedi\u00f3 durante el per\u00edodo en que se llevaban adelante los trabajos de la puesta en valor de la plaza.<br \/>\nDesde hace varias semanas puede verse que la base del m\u00e1stil fue pintada y todo parec\u00eda indicar que los relieves fueron retirados para poder llevar adelante el trabajo de pintura. Sin embargo, una vez finalizado el trabajo, las obras de Perlotti no estaban en ning\u00fan lado.<br \/>\nTomaron intervenci\u00f3n en el tema la Comuna 6, el MOA (Monumentos y Obras de Arte del gobierno de la Ciudad) y el Museo de Esculturas Luis Perlotti.<\/p>\n<p>El m\u00e1stil es una donaci\u00f3n del Club de Leones de Caballito y fue inaugurado en el a\u00f1o 1969. Perlotti realiz\u00f3 los dos altorrelieves a fines de 1968 y comenz\u00f3 luego con la obra principal, la Veleta. Sin embargo no pudo concluirla, ya que falleci\u00f3 en un accidente automovil\u00edstico estando de vacaciones en Punta del Este, por lo que la obra debi\u00f3 ser terminada por el escultor Juan Carlos Ferraro.<\/p>\n<p>Estos dos altorrelieves, parte del patrimonio caballitense, estuvieron en la Plaza Primera Junta 55 a\u00f1os, hasta que fueron robados, quiz\u00e1s para ser vendidos como bronce. Sin duda una mala noticia y un dolor enorme para el barrio de Caballito.<\/p>\n<p><a href=\"http:\/\/caballitotequiero.com.ar\/portal\/wp-content\/uploads\/2024\/02\/altorrelieve-1.jpg\" rel=\"attachment wp-att-43076\"><img loading=\"lazy\" decoding=\"async\" class=\"aligncenter size-full wp-image-43076\" src=\"http:\/\/caballitotequiero.com.ar\/portal\/wp-content\/uploads\/2024\/02\/altorrelieve-1.jpg\" alt=\"\" width=\"700\" height=\"601\" srcset=\"http:\/\/caballitotequiero.com.ar\/portal\/wp-content\/uploads\/2024\/02\/altorrelieve-1.jpg 700w, http:\/\/caballitotequiero.com.ar\/portal\/wp-content\/uploads\/2024\/02\/altorrelieve-1-300x258.jpg 300w, http:\/\/caballitotequiero.com.ar\/portal\/wp-content\/uploads\/2024\/02\/altorrelieve-1-450x386.jpg 450w\" sizes=\"auto, (max-width: 700px) 100vw, 700px\" \/><\/a> <a href=\"http:\/\/caballitotequiero.com.ar\/portal\/wp-content\/uploads\/2024\/02\/altorrelieve-2.jpg\" rel=\"attachment wp-att-43077\"><img loading=\"lazy\" decoding=\"async\" class=\"aligncenter size-full wp-image-43077\" src=\"http:\/\/caballitotequiero.com.ar\/portal\/wp-content\/uploads\/2024\/02\/altorrelieve-2.jpg\" alt=\"\" width=\"700\" height=\"593\" srcset=\"http:\/\/caballitotequiero.com.ar\/portal\/wp-content\/uploads\/2024\/02\/altorrelieve-2.jpg 700w, http:\/\/caballitotequiero.com.ar\/portal\/wp-content\/uploads\/2024\/02\/altorrelieve-2-300x254.jpg 300w, http:\/\/caballitotequiero.com.ar\/portal\/wp-content\/uploads\/2024\/02\/altorrelieve-2-450x381.jpg 450w\" sizes=\"auto, (max-width: 700px) 100vw, 700px\" \/><\/a><\/p>\n<div id=\"attachment_43078\" style=\"width: 710px\" class=\"wp-caption aligncenter\"><a href=\"http:\/\/caballitotequiero.com.ar\/portal\/wp-content\/uploads\/2024\/02\/mastil.jpg\" rel=\"attachment wp-att-43078\"><img loading=\"lazy\" decoding=\"async\" aria-describedby=\"caption-attachment-43078\" class=\"size-full wp-image-43078\" src=\"http:\/\/caballitotequiero.com.ar\/portal\/wp-content\/uploads\/2024\/02\/mastil.jpg\" alt=\"As\u00ed est\u00e1 el m\u00e1stil hoy, sin las obras de Perlotti.\" width=\"700\" height=\"394\" srcset=\"http:\/\/caballitotequiero.com.ar\/portal\/wp-content\/uploads\/2024\/02\/mastil.jpg 700w, http:\/\/caballitotequiero.com.ar\/portal\/wp-content\/uploads\/2024\/02\/mastil-300x169.jpg 300w, http:\/\/caballitotequiero.com.ar\/portal\/wp-content\/uploads\/2024\/02\/mastil-450x253.jpg 450w\" sizes=\"auto, (max-width: 700px) 100vw, 700px\" \/><\/a><p id=\"caption-attachment-43078\" class=\"wp-caption-text\">As\u00ed est\u00e1 el m\u00e1stil hoy, sin las obras de Perlotti.<\/p><\/div>\n","protected":false},"excerpt":{"rendered":"<p>En el mes del aniversario de Caballito los vecinos se encontraron con una mala noticia. Fueron robadas dos obras del escultor Luis Perlotti. Se trata de los altorrelieves \u201cLa Porte\u00f1a\u201d y \u201cLa Pulper\u00eda de Caballito\u201d ubicados en la base del m\u00e1stil de la Plaza Primera Junta. Estaban realizadas en bronce y eran las obras p\u00f3stumas [&hellip;]<\/p>\n","protected":false},"author":1,"featured_media":43077,"comment_status":"open","ping_status":"open","sticky":false,"template":"","format":"standard","meta":{"footnotes":""},"categories":[5],"tags":[],"class_list":["post-43075","post","type-post","status-publish","format-standard","has-post-thumbnail","hentry","category-noticias"],"_links":{"self":[{"href":"http:\/\/caballitotequiero.com.ar\/portal\/wp-json\/wp\/v2\/posts\/43075","targetHints":{"allow":["GET"]}}],"collection":[{"href":"http:\/\/caballitotequiero.com.ar\/portal\/wp-json\/wp\/v2\/posts"}],"about":[{"href":"http:\/\/caballitotequiero.com.ar\/portal\/wp-json\/wp\/v2\/types\/post"}],"author":[{"embeddable":true,"href":"http:\/\/caballitotequiero.com.ar\/portal\/wp-json\/wp\/v2\/users\/1"}],"replies":[{"embeddable":true,"href":"http:\/\/caballitotequiero.com.ar\/portal\/wp-json\/wp\/v2\/comments?post=43075"}],"version-history":[{"count":1,"href":"http:\/\/caballitotequiero.com.ar\/portal\/wp-json\/wp\/v2\/posts\/43075\/revisions"}],"predecessor-version":[{"id":43079,"href":"http:\/\/caballitotequiero.com.ar\/portal\/wp-json\/wp\/v2\/posts\/43075\/revisions\/43079"}],"wp:featuredmedia":[{"embeddable":true,"href":"http:\/\/caballitotequiero.com.ar\/portal\/wp-json\/wp\/v2\/media\/43077"}],"wp:attachment":[{"href":"http:\/\/caballitotequiero.com.ar\/portal\/wp-json\/wp\/v2\/media?parent=43075"}],"wp:term":[{"taxonomy":"category","embeddable":true,"href":"http:\/\/caballitotequiero.com.ar\/portal\/wp-json\/wp\/v2\/categories?post=43075"},{"taxonomy":"post_tag","embeddable":true,"href":"http:\/\/caballitotequiero.com.ar\/portal\/wp-json\/wp\/v2\/tags?post=43075"}],"curies":[{"name":"wp","href":"https:\/\/api.w.org\/{rel}","templated":true}]}}