{"id":43112,"date":"2024-02-10T22:17:58","date_gmt":"2024-02-11T01:17:58","guid":{"rendered":"http:\/\/caballitotequiero.com.ar\/portal\/?p=43112"},"modified":"2024-02-10T22:17:58","modified_gmt":"2024-02-11T01:17:58","slug":"importante-incendio-en-la-subestacion-de-jose-maria-moreno-de-edesur","status":"publish","type":"post","link":"http:\/\/caballitotequiero.com.ar\/portal\/2024\/02\/10\/importante-incendio-en-la-subestacion-de-jose-maria-moreno-de-edesur\/","title":{"rendered":"IMPORTANTE INCENDIO EN LA SUBESTACI\u00d3N DE JOS\u00c9 MAR\u00cdA MORENO DE EDESUR"},"content":{"rendered":"<p>Un importante incendio de gran dimensi\u00f3n se registr\u00f3 en la tarde de este s\u00e1bado en la subestaci\u00f3n el\u00e9ctrica ubicada sobre la avenida Jos\u00e9 Mar\u00eda Moreno al 300 entre Formosa y Juan Bautista Alberdi. El mismo fue controlado a las 19, luego de m\u00e1s de tres horas de trabajo de los Bomberos de la Ciudad.<br \/>\nEl fuego se desat\u00f3 en la planta baja y primer piso de la subestaci\u00f3n de Edesur. El hecho provoc\u00f3 el corte de suministro el\u00e9ctrico de aproximadamente 70.000 usuarios que se quedaron sin luz, la mayor\u00eda de Caballito, Almagro\u00a0 y Parque Chacabuco.<br \/>\nEl incendio\u00a0afect\u00f3 dos transformadores y una parte del local, aunque tomar\u00e1 tiempo evaluar los da\u00f1os.<br \/>\nSe hicieron presentes personal de la Comisar\u00eda 6B, varias dotaciones de Bomberos, personal del Same, de la Comuna 6, de la Direcci\u00f3n de Intervenciones R\u00e1pida, de la Polic\u00eda Motorizada, y del Cuerpo de Agentes de Tr\u00e1nsito<br \/>\nLos vecinos del edificio lindero fueron evacuados en forma preventiva,\u00a0 no hubo heridos y pasadas las 19 horas pudieron retornar a sus viviendas.<br \/>\n\u201cEdesur puso en marcha su plan operativo de emergencia que incluye la movilizaci\u00f3n de grupos electr\u00f3genos de gran porte y la transferencia de demanda a otras instalaciones, adem\u00e1s de obras transitorias para tratar de minimizar el \u00e1rea de corte\u201d, manifestaron funcionarios de la empresa.<br \/>\nCerca de las 17.30 la zona de Primera Junta ya contaba con suministro el\u00e9ctrico y paulatinamente otras zonas fueron recuperando la luz. Sin embargo a las 20 horas todav\u00eda quedaban muchos usuarios sin acceso a este servicio.<\/p>\n<p><a href=\"http:\/\/caballitotequiero.com.ar\/portal\/wp-content\/uploads\/2024\/02\/incendio-0.jpg\" rel=\"attachment wp-att-43113\"><img loading=\"lazy\" decoding=\"async\" class=\"aligncenter size-full wp-image-43113\" src=\"http:\/\/caballitotequiero.com.ar\/portal\/wp-content\/uploads\/2024\/02\/incendio-0.jpg\" alt=\"\" width=\"700\" height=\"464\" srcset=\"http:\/\/caballitotequiero.com.ar\/portal\/wp-content\/uploads\/2024\/02\/incendio-0.jpg 700w, http:\/\/caballitotequiero.com.ar\/portal\/wp-content\/uploads\/2024\/02\/incendio-0-300x199.jpg 300w, http:\/\/caballitotequiero.com.ar\/portal\/wp-content\/uploads\/2024\/02\/incendio-0-450x298.jpg 450w\" sizes=\"auto, (max-width: 700px) 100vw, 700px\" \/><\/a> <a href=\"http:\/\/caballitotequiero.com.ar\/portal\/wp-content\/uploads\/2024\/02\/incendio-1.jpg\" rel=\"attachment wp-att-43114\"><img loading=\"lazy\" decoding=\"async\" class=\"aligncenter size-full wp-image-43114\" src=\"http:\/\/caballitotequiero.com.ar\/portal\/wp-content\/uploads\/2024\/02\/incendio-1.jpg\" alt=\"\" width=\"500\" height=\"640\" srcset=\"http:\/\/caballitotequiero.com.ar\/portal\/wp-content\/uploads\/2024\/02\/incendio-1.jpg 500w, http:\/\/caballitotequiero.com.ar\/portal\/wp-content\/uploads\/2024\/02\/incendio-1-234x300.jpg 234w, http:\/\/caballitotequiero.com.ar\/portal\/wp-content\/uploads\/2024\/02\/incendio-1-450x576.jpg 450w\" sizes=\"auto, (max-width: 500px) 100vw, 500px\" \/><\/a> <a href=\"http:\/\/caballitotequiero.com.ar\/portal\/wp-content\/uploads\/2024\/02\/incendio-2.jpg\" rel=\"attachment wp-att-43115\"><img loading=\"lazy\" decoding=\"async\" class=\"aligncenter size-full wp-image-43115\" src=\"http:\/\/caballitotequiero.com.ar\/portal\/wp-content\/uploads\/2024\/02\/incendio-2.jpg\" alt=\"\" width=\"500\" height=\"731\" srcset=\"http:\/\/caballitotequiero.com.ar\/portal\/wp-content\/uploads\/2024\/02\/incendio-2.jpg 500w, http:\/\/caballitotequiero.com.ar\/portal\/wp-content\/uploads\/2024\/02\/incendio-2-205x300.jpg 205w, http:\/\/caballitotequiero.com.ar\/portal\/wp-content\/uploads\/2024\/02\/incendio-2-482x705.jpg 482w, http:\/\/caballitotequiero.com.ar\/portal\/wp-content\/uploads\/2024\/02\/incendio-2-450x658.jpg 450w\" sizes=\"auto, (max-width: 500px) 100vw, 500px\" \/><\/a> <a href=\"http:\/\/caballitotequiero.com.ar\/portal\/wp-content\/uploads\/2024\/02\/incendio-3.jpg\" rel=\"attachment wp-att-43116\"><img loading=\"lazy\" decoding=\"async\" class=\"aligncenter size-full wp-image-43116\" src=\"http:\/\/caballitotequiero.com.ar\/portal\/wp-content\/uploads\/2024\/02\/incendio-3.jpg\" alt=\"\" width=\"700\" height=\"382\" srcset=\"http:\/\/caballitotequiero.com.ar\/portal\/wp-content\/uploads\/2024\/02\/incendio-3.jpg 700w, http:\/\/caballitotequiero.com.ar\/portal\/wp-content\/uploads\/2024\/02\/incendio-3-300x164.jpg 300w, http:\/\/caballitotequiero.com.ar\/portal\/wp-content\/uploads\/2024\/02\/incendio-3-450x246.jpg 450w\" sizes=\"auto, (max-width: 700px) 100vw, 700px\" \/><\/a><\/p>\n","protected":false},"excerpt":{"rendered":"<p>Un importante incendio de gran dimensi\u00f3n se registr\u00f3 en la tarde de este s\u00e1bado en la subestaci\u00f3n el\u00e9ctrica ubicada sobre la avenida Jos\u00e9 Mar\u00eda Moreno al 300 entre Formosa y Juan Bautista Alberdi. El mismo fue controlado a las 19, luego de m\u00e1s de tres horas de trabajo de los Bomberos de la Ciudad. El [&hellip;]<\/p>\n","protected":false},"author":1,"featured_media":43114,"comment_status":"open","ping_status":"open","sticky":false,"template":"","format":"standard","meta":{"footnotes":""},"categories":[5],"tags":[],"class_list":["post-43112","post","type-post","status-publish","format-standard","has-post-thumbnail","hentry","category-noticias"],"_links":{"self":[{"href":"http:\/\/caballitotequiero.com.ar\/portal\/wp-json\/wp\/v2\/posts\/43112","targetHints":{"allow":["GET"]}}],"collection":[{"href":"http:\/\/caballitotequiero.com.ar\/portal\/wp-json\/wp\/v2\/posts"}],"about":[{"href":"http:\/\/caballitotequiero.com.ar\/portal\/wp-json\/wp\/v2\/types\/post"}],"author":[{"embeddable":true,"href":"http:\/\/caballitotequiero.com.ar\/portal\/wp-json\/wp\/v2\/users\/1"}],"replies":[{"embeddable":true,"href":"http:\/\/caballitotequiero.com.ar\/portal\/wp-json\/wp\/v2\/comments?post=43112"}],"version-history":[{"count":1,"href":"http:\/\/caballitotequiero.com.ar\/portal\/wp-json\/wp\/v2\/posts\/43112\/revisions"}],"predecessor-version":[{"id":43117,"href":"http:\/\/caballitotequiero.com.ar\/portal\/wp-json\/wp\/v2\/posts\/43112\/revisions\/43117"}],"wp:featuredmedia":[{"embeddable":true,"href":"http:\/\/caballitotequiero.com.ar\/portal\/wp-json\/wp\/v2\/media\/43114"}],"wp:attachment":[{"href":"http:\/\/caballitotequiero.com.ar\/portal\/wp-json\/wp\/v2\/media?parent=43112"}],"wp:term":[{"taxonomy":"category","embeddable":true,"href":"http:\/\/caballitotequiero.com.ar\/portal\/wp-json\/wp\/v2\/categories?post=43112"},{"taxonomy":"post_tag","embeddable":true,"href":"http:\/\/caballitotequiero.com.ar\/portal\/wp-json\/wp\/v2\/tags?post=43112"}],"curies":[{"name":"wp","href":"https:\/\/api.w.org\/{rel}","templated":true}]}}