{"id":43183,"date":"2024-02-12T22:19:18","date_gmt":"2024-02-13T01:19:18","guid":{"rendered":"http:\/\/caballitotequiero.com.ar\/portal\/?p=43183"},"modified":"2024-02-12T22:19:18","modified_gmt":"2024-02-13T01:19:18","slug":"nuevo-servicio-del-tranvia-historico-en-el-fin-de-semana-largo","status":"publish","type":"post","link":"http:\/\/caballitotequiero.com.ar\/portal\/2024\/02\/12\/nuevo-servicio-del-tranvia-historico-en-el-fin-de-semana-largo\/","title":{"rendered":"NUEVO SERVICIO DEL TRANV\u00cdA HIST\u00d3RICO EN EL FIN DE SEMANA LARGO"},"content":{"rendered":"<p>La\u00a0 Asociaci\u00f3n Amigos del Tranv\u00eda informa una noticia de \u00faltimo momento.<\/p>\n<p>A pedido de todos los usuarios sumar\u00e1n\u00a0un servicio extra el martes 13 de 17 a 20 hs.\u00a0La idea es aprovechar el fin de semana\u00a0largo paseando por el coraz\u00f3n de Buenos Aires en el Tramway Hist\u00f3rico.<br \/>\nLas salidas son cada 25 minutos desde la \u00fanica parada en Emilio Mitre y Jos\u00e9 Bonifacio del barrio de Caballito (C.A.B.A.).<\/p>\n<p><a href=\"http:\/\/caballitotequiero.com.ar\/portal\/wp-content\/uploads\/2024\/02\/tranvia.jpg\" rel=\"attachment wp-att-43184\"><img loading=\"lazy\" decoding=\"async\" class=\"aligncenter size-full wp-image-43184\" src=\"http:\/\/caballitotequiero.com.ar\/portal\/wp-content\/uploads\/2024\/02\/tranvia.jpg\" alt=\"\" width=\"700\" height=\"543\" srcset=\"http:\/\/caballitotequiero.com.ar\/portal\/wp-content\/uploads\/2024\/02\/tranvia.jpg 700w, http:\/\/caballitotequiero.com.ar\/portal\/wp-content\/uploads\/2024\/02\/tranvia-300x233.jpg 300w, http:\/\/caballitotequiero.com.ar\/portal\/wp-content\/uploads\/2024\/02\/tranvia-450x349.jpg 450w\" sizes=\"auto, (max-width: 700px) 100vw, 700px\" \/><\/a><\/p>\n","protected":false},"excerpt":{"rendered":"<p>La\u00a0 Asociaci\u00f3n Amigos del Tranv\u00eda informa una noticia de \u00faltimo momento. A pedido de todos los usuarios sumar\u00e1n\u00a0un servicio extra el martes 13 de 17 a 20 hs.\u00a0La idea es aprovechar el fin de semana\u00a0largo paseando por el coraz\u00f3n de Buenos Aires en el Tramway Hist\u00f3rico. Las salidas son cada 25 minutos desde la \u00fanica [&hellip;]<\/p>\n","protected":false},"author":1,"featured_media":43184,"comment_status":"open","ping_status":"open","sticky":false,"template":"","format":"standard","meta":{"footnotes":""},"categories":[5],"tags":[],"class_list":["post-43183","post","type-post","status-publish","format-standard","has-post-thumbnail","hentry","category-noticias"],"_links":{"self":[{"href":"http:\/\/caballitotequiero.com.ar\/portal\/wp-json\/wp\/v2\/posts\/43183","targetHints":{"allow":["GET"]}}],"collection":[{"href":"http:\/\/caballitotequiero.com.ar\/portal\/wp-json\/wp\/v2\/posts"}],"about":[{"href":"http:\/\/caballitotequiero.com.ar\/portal\/wp-json\/wp\/v2\/types\/post"}],"author":[{"embeddable":true,"href":"http:\/\/caballitotequiero.com.ar\/portal\/wp-json\/wp\/v2\/users\/1"}],"replies":[{"embeddable":true,"href":"http:\/\/caballitotequiero.com.ar\/portal\/wp-json\/wp\/v2\/comments?post=43183"}],"version-history":[{"count":1,"href":"http:\/\/caballitotequiero.com.ar\/portal\/wp-json\/wp\/v2\/posts\/43183\/revisions"}],"predecessor-version":[{"id":43185,"href":"http:\/\/caballitotequiero.com.ar\/portal\/wp-json\/wp\/v2\/posts\/43183\/revisions\/43185"}],"wp:featuredmedia":[{"embeddable":true,"href":"http:\/\/caballitotequiero.com.ar\/portal\/wp-json\/wp\/v2\/media\/43184"}],"wp:attachment":[{"href":"http:\/\/caballitotequiero.com.ar\/portal\/wp-json\/wp\/v2\/media?parent=43183"}],"wp:term":[{"taxonomy":"category","embeddable":true,"href":"http:\/\/caballitotequiero.com.ar\/portal\/wp-json\/wp\/v2\/categories?post=43183"},{"taxonomy":"post_tag","embeddable":true,"href":"http:\/\/caballitotequiero.com.ar\/portal\/wp-json\/wp\/v2\/tags?post=43183"}],"curies":[{"name":"wp","href":"https:\/\/api.w.org\/{rel}","templated":true}]}}