{"id":4327,"date":"2011-11-12T09:02:18","date_gmt":"2011-11-12T12:02:18","guid":{"rendered":"http:\/\/caballitotequiero.com.ar\/portal\/?p=4327"},"modified":"2011-11-12T09:02:18","modified_gmt":"2011-11-12T12:02:18","slug":"invitacion-del-partido-obrero-de-caballito","status":"publish","type":"post","link":"http:\/\/caballitotequiero.com.ar\/portal\/2011\/11\/12\/invitacion-del-partido-obrero-de-caballito\/","title":{"rendered":"INVITACI\u00d3N DEL PARTIDO OBRERO DE CABALLITO"},"content":{"rendered":"<p><span style=\"font-size: medium;\"><strong><img loading=\"lazy\" decoding=\"async\" class=\"alignleft size-thumbnail wp-image-4328\" src=\"http:\/\/caballitotequiero.com.ar\/portal\/wp-content\/uploads\/2011\/11\/0-po-1-150x150.jpg\" alt=\"\" width=\"150\" height=\"150\" \/>El Partido Obrero de Caballito invita a la Charla Debate que realizar\u00e1 el s\u00e1bado 12 de noviembre a las 17 hs., en el local ubicado en Nicol\u00e1s Repetto 121.<\/strong><\/span><\/p>\n<p><span style=\"font-size: medium;\"> Hablar\u00e1 Juan\u00a0 Garc\u00eda, miembro del comit\u00e9 nacional del Partido Obrero, Luchador Docente de la Ciudad de Buenos Aires, dirigente de la agrupaci\u00f3n Tribuna Docente.<br \/>\n<\/span><br \/>\n<span style=\"font-size: medium;\">La votaci\u00f3n plebiscitaria alcanzada por el kirchnerismo expresa un mandato contradictorio. El gobierno fue votado por la mayor parte de la clase obrera, pero tambi\u00e9n por los popes empresarios, quienes est\u00e1n exigiendo una devaluaci\u00f3n junto a la \u00abmoderaci\u00f3n salarial\u00bb.<br \/>\nEl anuncio del retiro de los subsidios, el corralito de dolares y la fuga de capitales nos muestran un panorama de ajuste que se corona con el compromiso de imponer techos salariales, medida que ha aplaudido hasta Binner y las suspensiones en las fabricas que ya se comienzan a sentir.<br \/>\nPor otra parte la votaci\u00f3n y gran apoyo popular que recibi\u00f3 el Frente de Izquierda nos plantea el desaf\u00edo de seguir fortaleciendo este polo pol\u00edtico para que la crisis no la paguemos los trabajadores.<br \/>\n<\/span><\/p>\n","protected":false},"excerpt":{"rendered":"<p>El Partido Obrero de Caballito invita a la Charla Debate que realizar\u00e1 el s\u00e1bado 12 de noviembre a las 17 hs., en el local ubicado en Nicol\u00e1s Repetto 121. Hablar\u00e1 Juan\u00a0 Garc\u00eda, miembro del comit\u00e9 nacional del Partido Obrero, Luchador Docente de la Ciudad de Buenos Aires, dirigente de la agrupaci\u00f3n Tribuna Docente. La votaci\u00f3n [&hellip;]<\/p>\n","protected":false},"author":1,"featured_media":4329,"comment_status":"open","ping_status":"open","sticky":false,"template":"","format":"standard","meta":{"footnotes":""},"categories":[5],"tags":[],"class_list":["post-4327","post","type-post","status-publish","format-standard","has-post-thumbnail","hentry","category-noticias"],"_links":{"self":[{"href":"http:\/\/caballitotequiero.com.ar\/portal\/wp-json\/wp\/v2\/posts\/4327","targetHints":{"allow":["GET"]}}],"collection":[{"href":"http:\/\/caballitotequiero.com.ar\/portal\/wp-json\/wp\/v2\/posts"}],"about":[{"href":"http:\/\/caballitotequiero.com.ar\/portal\/wp-json\/wp\/v2\/types\/post"}],"author":[{"embeddable":true,"href":"http:\/\/caballitotequiero.com.ar\/portal\/wp-json\/wp\/v2\/users\/1"}],"replies":[{"embeddable":true,"href":"http:\/\/caballitotequiero.com.ar\/portal\/wp-json\/wp\/v2\/comments?post=4327"}],"version-history":[{"count":2,"href":"http:\/\/caballitotequiero.com.ar\/portal\/wp-json\/wp\/v2\/posts\/4327\/revisions"}],"predecessor-version":[{"id":4331,"href":"http:\/\/caballitotequiero.com.ar\/portal\/wp-json\/wp\/v2\/posts\/4327\/revisions\/4331"}],"wp:featuredmedia":[{"embeddable":true,"href":"http:\/\/caballitotequiero.com.ar\/portal\/wp-json\/wp\/v2\/media\/4329"}],"wp:attachment":[{"href":"http:\/\/caballitotequiero.com.ar\/portal\/wp-json\/wp\/v2\/media?parent=4327"}],"wp:term":[{"taxonomy":"category","embeddable":true,"href":"http:\/\/caballitotequiero.com.ar\/portal\/wp-json\/wp\/v2\/categories?post=4327"},{"taxonomy":"post_tag","embeddable":true,"href":"http:\/\/caballitotequiero.com.ar\/portal\/wp-json\/wp\/v2\/tags?post=4327"}],"curies":[{"name":"wp","href":"https:\/\/api.w.org\/{rel}","templated":true}]}}