{"id":4332,"date":"2011-11-13T19:23:12","date_gmt":"2011-11-13T22:23:12","guid":{"rendered":"http:\/\/caballitotequiero.com.ar\/portal\/?p=4332"},"modified":"2011-11-14T11:56:22","modified_gmt":"2011-11-14T14:56:22","slug":"festejos-por-los-80-anos-del-padre-raul-perrupato-80-anos-de-un-buen-tipo","status":"publish","type":"post","link":"http:\/\/caballitotequiero.com.ar\/portal\/2011\/11\/13\/festejos-por-los-80-anos-del-padre-raul-perrupato-80-anos-de-un-buen-tipo\/","title":{"rendered":"FESTEJOS POR LOS 80 A\u00d1OS DEL PADRE RA\u00daL PERRUPATO: 80 A\u00d1OS DE UN BUEN TIPO"},"content":{"rendered":"<p>Porque, si hay que definir al padre Ra\u00fal \u201cPato\u201d Perrupato, la \u00fanica definici\u00f3n que le cabe es esa: un buen tipo.<\/p>\n<p>Y, en el mundo que nos toca vivir, no es poco ser considerado, un buen tipo. Es m\u00e1s, es un honor, en vida, reservado a unos pocos.<\/p>\n<p>Naci\u00f3 un 10 de noviembre de 1931, por Caballito Sur. En una de esas quintas que le dieron el color a nuestro barrio. De chico y adolescente, fueron las calles de Caballito y Flores las que lo vieron ir descubriendo el mundo. Un mundo que se iba haciendo complicado de guerras, modernidad y diversas maldades.<\/p>\n<p>La primaria la hizo en dos escuelas p\u00fablicas de Flores. La secundaria en el colegio religioso San Jos\u00e9, por el barrio de Balvanera.<\/p>\n<p>Luego eligi\u00f3 dos carreras: Abogac\u00eda y Filosof\u00eda y Letras. Estudi\u00f3 las dos a la vez, pero dur\u00f3 poco. A los 18 a\u00f1os sinti\u00f3 su verdadera vocaci\u00f3n e ingres\u00f3 al Seminario de Buenos Aires.<\/p>\n<p>Pasados nueve a\u00f1os fue ordenado sacerdote en la iglesia de San Jos\u00e9 de Flores y, ejerci\u00f3 durante un a\u00f1o en la Parroquia de San Antonio de Papua, en el barrio de Parque Patricios.<\/p>\n<p>Vuelve, pasado ese a\u00f1o, al Seminario para desempe\u00f1arse como docente y, m\u00e1s tarde, como Superior. All\u00ed permaneci\u00f3 durante ocho a\u00f1os.<\/p>\n<p>Todav\u00eda hoy lo recuerda quien fuera uno de sus disc\u00edpulos, monse\u00f1or Aloisio, quien relata: \u201cSiempre preocupado por nosotros, los seminaristas. Siempre escuch\u00e1ndonos, d\u00e1ndonos consejos y conteni\u00e9ndonos. Ve\u00edamos en el a un padre, un amigo, una buena persona\u201d.<\/p>\n<p>Este buen tipo, acaba de cumplir 80 a\u00f1os. De esos 80 a\u00f1os, lleva 52 de sacerdote. Y, de esos 52 de sacerdote lleva 42 en el barrio de Caballito.<\/p>\n<p>Capell\u00e1n del ISM Dr. D\u00e1maso Centeno, miembro de la Pastoral Secundaria, el padre Pato siempre presente en Santa Julia, el colegio Monse\u00f1or Sabelli y en el D\u00e1maso. El padre Pato siempre rodeado de sus mejores amigos, \u201csus\u201d chicos. Ya sea en una ronda de charlas, en el consejo personal o, con una mochila en la espalda, transitando una senda en la lejana \u00a0pre cordillera.<\/p>\n<p>Ese buen tipo que no puede caminar m\u00e1s de tres metros por las calles de Caballito sin que lo paren para darle un beso o un abrazo, los adolescentes o los cincuentones que, alguna vez fuero un chico m\u00e1s.<\/p>\n<p>Cumpli\u00f3 los 80 y tuvo, como corresponde; su misa. El jueves 10 de noviembre a las 19.00, tuvo lugar una misa concelebrada junto a monse\u00f1or Aloisio y al padre Jorge. Una misa a Santa Julia llena, tambi\u00e9n como corresponde.<\/p>\n<p>Una iglesia repleta que se muni\u00f3 de paciencia, en cada asistente, para esperar su turno en la largu\u00edsima cola, para darle un abrazo a Pato. Ninguno de esos abrazos fueron de compromiso. En todos y cada uno, desde los de los chicos m\u00e1s bullangueros hasta los de los sesentones\/as; todos tuvieron la fuerza del cari\u00f1o sincero. Todos dec\u00edan a gritos: \u201c\u00a1Pato, sos un buen tipo!\u201d<\/p>\n<p>Pero no ser\u00e1 esta suscinta e incompleta cr\u00f3nica la que pueda mostrar quien es el padre Pato, sino que ser\u00e1 \u00e9l mismo, a trav\u00e9s de su homil\u00eda, le\u00edda en la misa de Santa Julia, el d\u00eda de su cumplea\u00f1os, quien lo demuestre:<\/p>\n<p>\u201cCuando hablo, siempre hago la advertencia de que no tomen en serio mis palabras, a no ser que les est\u00e9 recitando el credo, tiene sus desventajas, pero tambi\u00e9n sus ventajas el no saber cuando estoy hablando en serio.<\/p>\n<p>Y hablando de palabras, cuando me puse a escribir algo para esta ocasi\u00f3n, d\u00e1ndome cuenta que se trataba de mis ochenta a\u00f1os, no sab\u00eda si correspond\u00eda escribir una homil\u00eda o escribir mi testamento.<\/p>\n<p>Nada tr\u00e1gico. La duda se originaba porque en estos \u00faltimos d\u00edas la frase que se me cruzaba constantemente por la cabeza era; entrar en la recta final.<\/p>\n<p>No s\u00f3lo son las estad\u00edsticas, en la Biblia, leemos en el salmo 89,\u00a0 refiri\u00e9ndose a la fugacidad de la vida: \u201caunque uno viva setenta a\u00f1os y el m\u00e1s robusto hasta ochenta, la mayor parte son fatiga in\u00fatil porque pasan aprisa y vuelan\u201d.<\/p>\n<p>La recta final no me deprime, al contrario es un est\u00edmulo.<\/p>\n<p>Sino, preg\u00fantenle al que est\u00e1 corriendo una carrera. La recta final es estar cerca de la llegada,\u00a0 all\u00ed terminan las\u00a0 tensiones del esfuerzo empleado, las dudas y los temores, es la meta final, es la corona.<\/p>\n<p>Si no me equivoco, cuando el beato Juan 23 se encontraba en su lecho de muerte, le preguntaban si ten\u00eda miedo. Y \u00e9l contest\u00f3, rezando el salmo \u201c\u00a1c\u00f3mo me alegr\u00e9, cuando me dijeron, vamos a la casa del Se\u00f1or!, c\u00f3mo voy a tener miedo ahora que se cumple esta palabra.<\/p>\n<p>Pero todo esto no significa que me voy a morir ya, puede ser que a los 90 empiece otra recta final.<\/p>\n<p>Pero s\u00ed tengo en cuenta lo que tambi\u00e9n dice el salmo 89: \u201cens\u00e9\u00f1anos a calcular nuestros a\u00f1os para que adquiramos un coraz\u00f3n sensato.<\/p>\n<p>Y, hablando en serio, al cumplir 80 a\u00f1os mi coraz\u00f3n no puede menos que estallar de agradecimiento. Agradecimiento porque si la vida es como una carrera, tengo que reconocer, que sin ning\u00fan m\u00e9rito de mi parte, he corrido siempre con ventaja.<\/p>\n<p>La ventaja que da el haberme sentido amado, desde el primer instante de mi vida. Mi mam\u00e1 comentaba que siempre le hab\u00eda llamado la atenci\u00f3n que yo desde que nac\u00ed, siempre me despertaba con una sonrisa en mis labios. Y no era para menos, ten\u00eda detr\u00e1s de m\u00ed una familia, creo que ya present\u00eda que no hab\u00eda nacido por casualidad, sino que era fruto del amor de mis padres.<\/p>\n<p>Y esa cadena de amor no se ha interrumpido nunca, ese sentirme amado llega hasta hoy, a trav\u00e9s de todos ustedes que han querido acompa\u00f1arme para dar gracias a Dios por estos reci\u00e9n estrenados 80 a\u00f1os.<\/p>\n<p>El conocido autor franc\u00e9s, Albert Camus, dec\u00eda que la desgracia no era no ser amado, sino que la desgracia era no amar.<\/p>\n<p>Pero yo, con el tiempo aprend\u00ed, que nadie aprende lo que es amar, si no sabe lo que es ser amado.<\/p>\n<p>Por algo el ap\u00f3stol Juan, cuando nos habla del amor de Dios, insiste tanto en que \u00e9l nos am\u00f3 primero y en eso hemos conocido el amor.<\/p>\n<p>Por ese motivo son dignos de compasi\u00f3n cuando vamos por la calle y ver tanta gente perdida, sobre todo j\u00f3venes, deambulando por la calle sin salida de la miseria, el alcohol, la droga, la delincuencia. (Ni siquiera debemos salir a la calle, a veces, hasta delante de este Altar podemos verlos) Seguramente no siempre, pero en much\u00edsimos casos, encontrar\u00edamos en el misterio de sus vidas, que solo Dios conoce, un \u00fanico hilo conductor: carencia de amor.<\/p>\n<p>Siempre me conmueve la explicaci\u00f3n que daba la Madre Teresa cuando sal\u00eda a buscar a quienes agonizaban en las calles de Calcuta para llevarlos a morir al lugar que los sacerdotes budistas le hab\u00edan cedido, all\u00ed los aseaba, vest\u00eda, alimentaba y le daba los \u00faltimos cuidados, \u201cpor lo menos, dec\u00eda, que en el \u00faltimo momento de su vida, sientan que son alguien para los dem\u00e1s, sientan la caricia de alguien que se compadece de ellos, y aunque sea en el \u00faltimo minuto de su vida, se sientan amados\u201d.<\/p>\n<p>Reconozco que s\u00f3lo por haber sido amado siempre, no me cost\u00f3 intentar ser bueno y compasivo con los dem\u00e1s.<\/p>\n<p>Para finalizar, quienes me conocen saben que soy un rom\u00e1ntico, o, tal vez, como dice una de las chicas del coro, chamuyero.<\/p>\n<p>Por eso siempre me atrajeron las poes\u00edas de ese gran poeta mejicano,\u00a0 Amado Nervo.<\/p>\n<p>El poeta le habla a la vida, pero quisiera que cambi\u00e1ramos la palabra vida y la remplaz\u00e1ramos por Dios\u201d.<\/p>\n<p>EN PAZ<\/p>\n<p>Muy cerca de mi ocaso, yo te bendigo, vida,<br \/>\nporque nunca me diste ni esperanza fallida,<br \/>\nni trabajos injustos, ni pena inmerecida;<\/p>\n<p>porque veo al final de mi rudo camino<br \/>\nque yo fui el arquitecto de mi propio destino;<\/p>\n<p>que si extraje la miel o la hiel de las cosas,<br \/>\nfue porque en ellas puse hiel o mieles sabrosas:<br \/>\ncuando plant\u00e9 rosales, cosech\u00e9 siempre rosas.<\/p>\n<p>&#8230;Cierto, a mis lozan\u00edas va a seguir el invierno:<br \/>\n\u00a1mas t\u00fa no me dijiste que mayo fuese eterno!<\/p>\n<p>Hall\u00e9 sin duda largas noches de mis penas;<br \/>\nmas no me prometiste t\u00fa s\u00f3lo noches buenas;<br \/>\ny en cambio tuve algunas santamente serenas&#8230;<\/p>\n<p>Am\u00e9, fui amado, el sol acarici\u00f3 mi faz.<br \/>\n\u00a1Vida, nada me debes! \u00a1Vida, estamos en paz!<\/p>\n<p>Esa homil\u00eda nos la puede dar solamente un buen tipo. De esos que agradecen el poder amarnos, el poder ayudarnos, el poder considerarse nuestro amigo.<\/p>\n<p>Mientras la misa transcurr\u00eda, sobre el altar, un tr\u00edptico de la Virgen de Sh\u00f6nstatt presid\u00eda la ceremonia. Un pedido especial de Pato, que la imagen que custodiaba el dormitorio de sus padres, lo acompa\u00f1ara en su misa. Un gesto de agradecimiento y de amor para quienes hicieron de \u00e9l\u2026 un buen tipo.<\/p>\n<p>Finalizada la misa, amigos, familiares, vecinos, \u00a0se trasladaron al patio de Santa Julia. All\u00ed compartieron un brindis por Pato y, hubo tambi\u00e9n, emotivas palabras de agradecimiento que, una tras otra, aseveraban con ejemplos concretos su bonhom\u00eda.<\/p>\n<p>Al d\u00eda siguiente, viernes 11 de noviembre, fue la comunidad del D\u00e1maso quien le festej\u00f3 los 80 a\u00f1os. En el sal\u00f3n comedor del Instituto, el padre Perrupato sopl\u00f3 las velitas de una torta que, como el pan, fue compartida por todos sus amigos.<\/p>\n<p>Unos merecidos festejos para quien se gan\u00f3, a fuerza de cari\u00f1o, el amor de todos aquellos que lo conocieron.<\/p>\n<p>Por eso, cuando se ve, caminando por las calles de Caballito, a ese tipo con nariz de boxeador y mirada afable, a ese al que todos saludan. Se puede tener la seguridad que ah\u00ed va\u2026 un buen tipo.<\/p>\n<p>\u00a1Feliz cumplea\u00f1os Pato! Te deseamos desde Horizonte.<\/p>\n<p><img loading=\"lazy\" decoding=\"async\" class=\"alignleft size-full wp-image-4333\" src=\"http:\/\/caballitotequiero.com.ar\/portal\/wp-content\/uploads\/2011\/11\/0-0-0-0-0-pato-1.jpg\" alt=\"\" width=\"524\" height=\"379\" srcset=\"http:\/\/caballitotequiero.com.ar\/portal\/wp-content\/uploads\/2011\/11\/0-0-0-0-0-pato-1.jpg 524w, http:\/\/caballitotequiero.com.ar\/portal\/wp-content\/uploads\/2011\/11\/0-0-0-0-0-pato-1-300x216.jpg 300w\" sizes=\"auto, (max-width: 524px) 100vw, 524px\" \/><img loading=\"lazy\" decoding=\"async\" class=\"alignleft size-full wp-image-4334\" src=\"http:\/\/caballitotequiero.com.ar\/portal\/wp-content\/uploads\/2011\/11\/0-0-0-0-0-pato-2.jpg\" alt=\"\" width=\"524\" height=\"393\" srcset=\"http:\/\/caballitotequiero.com.ar\/portal\/wp-content\/uploads\/2011\/11\/0-0-0-0-0-pato-2.jpg 524w, http:\/\/caballitotequiero.com.ar\/portal\/wp-content\/uploads\/2011\/11\/0-0-0-0-0-pato-2-300x224.jpg 300w, http:\/\/caballitotequiero.com.ar\/portal\/wp-content\/uploads\/2011\/11\/0-0-0-0-0-pato-2-80x60.jpg 80w\" sizes=\"auto, (max-width: 524px) 100vw, 524px\" \/><img loading=\"lazy\" decoding=\"async\" class=\"alignleft size-full wp-image-4335\" title=\"0 0 0 0 0 pato 3\" src=\"http:\/\/caballitotequiero.com.ar\/portal\/wp-content\/uploads\/2011\/11\/0-0-0-0-0-pato-3.jpg\" alt=\"\" width=\"524\" height=\"372\" srcset=\"http:\/\/caballitotequiero.com.ar\/portal\/wp-content\/uploads\/2011\/11\/0-0-0-0-0-pato-3.jpg 524w, http:\/\/caballitotequiero.com.ar\/portal\/wp-content\/uploads\/2011\/11\/0-0-0-0-0-pato-3-300x212.jpg 300w\" sizes=\"auto, (max-width: 524px) 100vw, 524px\" \/><img loading=\"lazy\" decoding=\"async\" class=\"alignleft size-full wp-image-4336\" src=\"http:\/\/caballitotequiero.com.ar\/portal\/wp-content\/uploads\/2011\/11\/0-0-0-0-0-pato-4.jpg\" alt=\"\" width=\"524\" height=\"393\" srcset=\"http:\/\/caballitotequiero.com.ar\/portal\/wp-content\/uploads\/2011\/11\/0-0-0-0-0-pato-4.jpg 524w, http:\/\/caballitotequiero.com.ar\/portal\/wp-content\/uploads\/2011\/11\/0-0-0-0-0-pato-4-300x224.jpg 300w, http:\/\/caballitotequiero.com.ar\/portal\/wp-content\/uploads\/2011\/11\/0-0-0-0-0-pato-4-80x60.jpg 80w\" sizes=\"auto, (max-width: 524px) 100vw, 524px\" \/><img loading=\"lazy\" decoding=\"async\" class=\"alignleft size-full wp-image-4337\" src=\"http:\/\/caballitotequiero.com.ar\/portal\/wp-content\/uploads\/2011\/11\/0-0-0-0-0-pato-5.jpg\" alt=\"\" width=\"524\" height=\"393\" srcset=\"http:\/\/caballitotequiero.com.ar\/portal\/wp-content\/uploads\/2011\/11\/0-0-0-0-0-pato-5.jpg 524w, http:\/\/caballitotequiero.com.ar\/portal\/wp-content\/uploads\/2011\/11\/0-0-0-0-0-pato-5-300x224.jpg 300w, http:\/\/caballitotequiero.com.ar\/portal\/wp-content\/uploads\/2011\/11\/0-0-0-0-0-pato-5-80x60.jpg 80w\" sizes=\"auto, (max-width: 524px) 100vw, 524px\" \/><img loading=\"lazy\" decoding=\"async\" class=\"alignleft size-full wp-image-4338\" src=\"http:\/\/caballitotequiero.com.ar\/portal\/wp-content\/uploads\/2011\/11\/0-0-0-0-0-pato-collage1.jpg\" alt=\"\" width=\"524\" height=\"447\" srcset=\"http:\/\/caballitotequiero.com.ar\/portal\/wp-content\/uploads\/2011\/11\/0-0-0-0-0-pato-collage1.jpg 524w, http:\/\/caballitotequiero.com.ar\/portal\/wp-content\/uploads\/2011\/11\/0-0-0-0-0-pato-collage1-300x255.jpg 300w\" sizes=\"auto, (max-width: 524px) 100vw, 524px\" \/><\/p>\n<div id=\"attachment_4339\" style=\"width: 534px\" class=\"wp-caption alignleft\"><img loading=\"lazy\" decoding=\"async\" aria-describedby=\"caption-attachment-4339\" class=\"size-full wp-image-4339\" src=\"http:\/\/caballitotequiero.com.ar\/portal\/wp-content\/uploads\/2011\/11\/0-0-0-0-0-pato-6.jpg\" alt=\"\" width=\"524\" height=\"444\" srcset=\"http:\/\/caballitotequiero.com.ar\/portal\/wp-content\/uploads\/2011\/11\/0-0-0-0-0-pato-6.jpg 524w, http:\/\/caballitotequiero.com.ar\/portal\/wp-content\/uploads\/2011\/11\/0-0-0-0-0-pato-6-300x254.jpg 300w\" sizes=\"auto, (max-width: 524px) 100vw, 524px\" \/><p id=\"caption-attachment-4339\" class=\"wp-caption-text\">Un regalo para &quot;Pato&quot;, la camiseta de Atlanta firmada por los jugadores<\/p><\/div>\n<div id=\"attachment_4340\" style=\"width: 534px\" class=\"wp-caption alignleft\"><img loading=\"lazy\" decoding=\"async\" aria-describedby=\"caption-attachment-4340\" class=\"size-full wp-image-4340\" src=\"http:\/\/caballitotequiero.com.ar\/portal\/wp-content\/uploads\/2011\/11\/0-0-0-0-0-pato-7.jpg\" alt=\"\" width=\"524\" height=\"393\" srcset=\"http:\/\/caballitotequiero.com.ar\/portal\/wp-content\/uploads\/2011\/11\/0-0-0-0-0-pato-7.jpg 524w, http:\/\/caballitotequiero.com.ar\/portal\/wp-content\/uploads\/2011\/11\/0-0-0-0-0-pato-7-300x224.jpg 300w, http:\/\/caballitotequiero.com.ar\/portal\/wp-content\/uploads\/2011\/11\/0-0-0-0-0-pato-7-80x60.jpg 80w\" sizes=\"auto, (max-width: 524px) 100vw, 524px\" \/><p id=\"caption-attachment-4340\" class=\"wp-caption-text\">Luego de la Misa, hubo un brindis con amigos en el patio de la parroquia<\/p><\/div>\n<p><img loading=\"lazy\" decoding=\"async\" class=\"alignleft size-full wp-image-4341\" src=\"http:\/\/caballitotequiero.com.ar\/portal\/wp-content\/uploads\/2011\/11\/0-0-0-0-0-pato-8.jpg\" alt=\"\" width=\"524\" height=\"393\" srcset=\"http:\/\/caballitotequiero.com.ar\/portal\/wp-content\/uploads\/2011\/11\/0-0-0-0-0-pato-8.jpg 524w, http:\/\/caballitotequiero.com.ar\/portal\/wp-content\/uploads\/2011\/11\/0-0-0-0-0-pato-8-300x224.jpg 300w, http:\/\/caballitotequiero.com.ar\/portal\/wp-content\/uploads\/2011\/11\/0-0-0-0-0-pato-8-80x60.jpg 80w\" sizes=\"auto, (max-width: 524px) 100vw, 524px\" \/><\/p>\n<div id=\"attachment_4342\" style=\"width: 534px\" class=\"wp-caption alignleft\"><img loading=\"lazy\" decoding=\"async\" aria-describedby=\"caption-attachment-4342\" class=\"size-full wp-image-4342\" src=\"http:\/\/caballitotequiero.com.ar\/portal\/wp-content\/uploads\/2011\/11\/0-0-0-0-0-pato-9.jpg\" alt=\"\" width=\"524\" height=\"393\" srcset=\"http:\/\/caballitotequiero.com.ar\/portal\/wp-content\/uploads\/2011\/11\/0-0-0-0-0-pato-9.jpg 524w, http:\/\/caballitotequiero.com.ar\/portal\/wp-content\/uploads\/2011\/11\/0-0-0-0-0-pato-9-300x224.jpg 300w, http:\/\/caballitotequiero.com.ar\/portal\/wp-content\/uploads\/2011\/11\/0-0-0-0-0-pato-9-80x60.jpg 80w\" sizes=\"auto, (max-width: 524px) 100vw, 524px\" \/><p id=\"caption-attachment-4342\" class=\"wp-caption-text\">Viernes 11 en el D\u00e1maso Centeno<\/p><\/div>\n<p><img loading=\"lazy\" decoding=\"async\" class=\"alignleft size-full wp-image-4343\" src=\"http:\/\/caballitotequiero.com.ar\/portal\/wp-content\/uploads\/2011\/11\/0-0-0-0-0-pato-10.jpg\" alt=\"\" width=\"524\" height=\"392\" srcset=\"http:\/\/caballitotequiero.com.ar\/portal\/wp-content\/uploads\/2011\/11\/0-0-0-0-0-pato-10.jpg 524w, http:\/\/caballitotequiero.com.ar\/portal\/wp-content\/uploads\/2011\/11\/0-0-0-0-0-pato-10-300x224.jpg 300w, http:\/\/caballitotequiero.com.ar\/portal\/wp-content\/uploads\/2011\/11\/0-0-0-0-0-pato-10-80x60.jpg 80w\" sizes=\"auto, (max-width: 524px) 100vw, 524px\" \/><\/p>\n<div id=\"attachment_4344\" style=\"width: 534px\" class=\"wp-caption alignleft\"><img loading=\"lazy\" decoding=\"async\" aria-describedby=\"caption-attachment-4344\" class=\"size-full wp-image-4344\" src=\"http:\/\/caballitotequiero.com.ar\/portal\/wp-content\/uploads\/2011\/11\/0-0-0-0-0-pato-11-torta.jpg\" alt=\"\" width=\"524\" height=\"392\" srcset=\"http:\/\/caballitotequiero.com.ar\/portal\/wp-content\/uploads\/2011\/11\/0-0-0-0-0-pato-11-torta.jpg 524w, http:\/\/caballitotequiero.com.ar\/portal\/wp-content\/uploads\/2011\/11\/0-0-0-0-0-pato-11-torta-300x224.jpg 300w, http:\/\/caballitotequiero.com.ar\/portal\/wp-content\/uploads\/2011\/11\/0-0-0-0-0-pato-11-torta-80x60.jpg 80w\" sizes=\"auto, (max-width: 524px) 100vw, 524px\" \/><p id=\"caption-attachment-4344\" class=\"wp-caption-text\">Infaltable, la torta de cumplea\u00f1os con el escudo del club de sus amores, Atlanta<\/p><\/div>\n<div id=\"attachment_4345\" style=\"width: 534px\" class=\"wp-caption alignleft\"><img loading=\"lazy\" decoding=\"async\" aria-describedby=\"caption-attachment-4345\" class=\"size-full wp-image-4345\" src=\"http:\/\/caballitotequiero.com.ar\/portal\/wp-content\/uploads\/2011\/11\/0-0-0-0-0-pato-viejas-1.jpg\" alt=\"\" width=\"524\" height=\"344\" srcset=\"http:\/\/caballitotequiero.com.ar\/portal\/wp-content\/uploads\/2011\/11\/0-0-0-0-0-pato-viejas-1.jpg 524w, http:\/\/caballitotequiero.com.ar\/portal\/wp-content\/uploads\/2011\/11\/0-0-0-0-0-pato-viejas-1-300x196.jpg 300w\" sizes=\"auto, (max-width: 524px) 100vw, 524px\" \/><p id=\"caption-attachment-4345\" class=\"wp-caption-text\">Fotos del Album: con su familia, Pato con pantaloncitos oscuros.<\/p><\/div>\n<div id=\"attachment_4346\" style=\"width: 534px\" class=\"wp-caption alignleft\"><img loading=\"lazy\" decoding=\"async\" aria-describedby=\"caption-attachment-4346\" class=\"size-full wp-image-4346\" src=\"http:\/\/caballitotequiero.com.ar\/portal\/wp-content\/uploads\/2011\/11\/0-0-0-0-0-pato-viejas-2.jpg\" alt=\"\" width=\"524\" height=\"370\" srcset=\"http:\/\/caballitotequiero.com.ar\/portal\/wp-content\/uploads\/2011\/11\/0-0-0-0-0-pato-viejas-2.jpg 524w, http:\/\/caballitotequiero.com.ar\/portal\/wp-content\/uploads\/2011\/11\/0-0-0-0-0-pato-viejas-2-300x211.jpg 300w\" sizes=\"auto, (max-width: 524px) 100vw, 524px\" \/><p id=\"caption-attachment-4346\" class=\"wp-caption-text\">Uno de los tantos y tantos campamentos compartidos con los chicos damase\u00f1os<\/p><\/div>\n<p><img loading=\"lazy\" decoding=\"async\" class=\"alignleft size-full wp-image-4347\" src=\"http:\/\/caballitotequiero.com.ar\/portal\/wp-content\/uploads\/2011\/11\/0-0-0-0-0-pato-viejas-3.jpg\" alt=\"\" width=\"524\" height=\"371\" srcset=\"http:\/\/caballitotequiero.com.ar\/portal\/wp-content\/uploads\/2011\/11\/0-0-0-0-0-pato-viejas-3.jpg 524w, http:\/\/caballitotequiero.com.ar\/portal\/wp-content\/uploads\/2011\/11\/0-0-0-0-0-pato-viejas-3-300x212.jpg 300w\" sizes=\"auto, (max-width: 524px) 100vw, 524px\" \/><\/p>\n<div id=\"attachment_4348\" style=\"width: 534px\" class=\"wp-caption alignleft\"><img loading=\"lazy\" decoding=\"async\" aria-describedby=\"caption-attachment-4348\" class=\"size-full wp-image-4348\" src=\"http:\/\/caballitotequiero.com.ar\/portal\/wp-content\/uploads\/2011\/11\/0-0-0-0-0-pato-viejas-4.jpg\" alt=\"\" width=\"524\" height=\"394\" srcset=\"http:\/\/caballitotequiero.com.ar\/portal\/wp-content\/uploads\/2011\/11\/0-0-0-0-0-pato-viejas-4.jpg 524w, http:\/\/caballitotequiero.com.ar\/portal\/wp-content\/uploads\/2011\/11\/0-0-0-0-0-pato-viejas-4-300x225.jpg 300w, http:\/\/caballitotequiero.com.ar\/portal\/wp-content\/uploads\/2011\/11\/0-0-0-0-0-pato-viejas-4-80x60.jpg 80w\" sizes=\"auto, (max-width: 524px) 100vw, 524px\" \/><p id=\"caption-attachment-4348\" class=\"wp-caption-text\">Festejando los 50 a\u00f1os de sacerdote<\/p><\/div>\n<div id=\"attachment_4349\" style=\"width: 534px\" class=\"wp-caption alignleft\"><img loading=\"lazy\" decoding=\"async\" aria-describedby=\"caption-attachment-4349\" class=\"size-full wp-image-4349\" src=\"http:\/\/caballitotequiero.com.ar\/portal\/wp-content\/uploads\/2011\/11\/0-0-0-0-0-pato-viejas-5.jpg\" alt=\"\" width=\"524\" height=\"387\" srcset=\"http:\/\/caballitotequiero.com.ar\/portal\/wp-content\/uploads\/2011\/11\/0-0-0-0-0-pato-viejas-5.jpg 524w, http:\/\/caballitotequiero.com.ar\/portal\/wp-content\/uploads\/2011\/11\/0-0-0-0-0-pato-viejas-5-300x221.jpg 300w, http:\/\/caballitotequiero.com.ar\/portal\/wp-content\/uploads\/2011\/11\/0-0-0-0-0-pato-viejas-5-80x60.jpg 80w\" sizes=\"auto, (max-width: 524px) 100vw, 524px\" \/><p id=\"caption-attachment-4349\" class=\"wp-caption-text\">En familia<\/p><\/div>\n<div id=\"attachment_4350\" style=\"width: 379px\" class=\"wp-caption alignleft\"><img loading=\"lazy\" decoding=\"async\" aria-describedby=\"caption-attachment-4350\" class=\"size-full wp-image-4350\" src=\"http:\/\/caballitotequiero.com.ar\/portal\/wp-content\/uploads\/2011\/11\/0-0-0-0-0-pato-viejas-6.jpg\" alt=\"\" width=\"369\" height=\"268\" srcset=\"http:\/\/caballitotequiero.com.ar\/portal\/wp-content\/uploads\/2011\/11\/0-0-0-0-0-pato-viejas-6.jpg 369w, http:\/\/caballitotequiero.com.ar\/portal\/wp-content\/uploads\/2011\/11\/0-0-0-0-0-pato-viejas-6-300x217.jpg 300w\" sizes=\"auto, (max-width: 369px) 100vw, 369px\" \/><p id=\"caption-attachment-4350\" class=\"wp-caption-text\">Para comunicarse con Pato: raulpato@ciudad.com.ar<\/p><\/div>\n","protected":false},"excerpt":{"rendered":"<p>Porque, si hay que definir al padre Ra\u00fal \u201cPato\u201d Perrupato, la \u00fanica definici\u00f3n que le cabe es esa: un buen tipo. Y, en el mundo que nos toca vivir, no es poco ser considerado, un buen tipo. Es m\u00e1s, es un honor, en vida, reservado a unos pocos. Naci\u00f3 un 10 de noviembre de 1931, [&hellip;]<\/p>\n","protected":false},"author":1,"featured_media":4352,"comment_status":"open","ping_status":"open","sticky":false,"template":"","format":"standard","meta":{"footnotes":""},"categories":[5],"tags":[],"class_list":["post-4332","post","type-post","status-publish","format-standard","has-post-thumbnail","hentry","category-noticias"],"_links":{"self":[{"href":"http:\/\/caballitotequiero.com.ar\/portal\/wp-json\/wp\/v2\/posts\/4332","targetHints":{"allow":["GET"]}}],"collection":[{"href":"http:\/\/caballitotequiero.com.ar\/portal\/wp-json\/wp\/v2\/posts"}],"about":[{"href":"http:\/\/caballitotequiero.com.ar\/portal\/wp-json\/wp\/v2\/types\/post"}],"author":[{"embeddable":true,"href":"http:\/\/caballitotequiero.com.ar\/portal\/wp-json\/wp\/v2\/users\/1"}],"replies":[{"embeddable":true,"href":"http:\/\/caballitotequiero.com.ar\/portal\/wp-json\/wp\/v2\/comments?post=4332"}],"version-history":[{"count":5,"href":"http:\/\/caballitotequiero.com.ar\/portal\/wp-json\/wp\/v2\/posts\/4332\/revisions"}],"predecessor-version":[{"id":4370,"href":"http:\/\/caballitotequiero.com.ar\/portal\/wp-json\/wp\/v2\/posts\/4332\/revisions\/4370"}],"wp:featuredmedia":[{"embeddable":true,"href":"http:\/\/caballitotequiero.com.ar\/portal\/wp-json\/wp\/v2\/media\/4352"}],"wp:attachment":[{"href":"http:\/\/caballitotequiero.com.ar\/portal\/wp-json\/wp\/v2\/media?parent=4332"}],"wp:term":[{"taxonomy":"category","embeddable":true,"href":"http:\/\/caballitotequiero.com.ar\/portal\/wp-json\/wp\/v2\/categories?post=4332"},{"taxonomy":"post_tag","embeddable":true,"href":"http:\/\/caballitotequiero.com.ar\/portal\/wp-json\/wp\/v2\/tags?post=4332"}],"curies":[{"name":"wp","href":"https:\/\/api.w.org\/{rel}","templated":true}]}}