{"id":4356,"date":"2011-11-13T21:49:55","date_gmt":"2011-11-14T00:49:55","guid":{"rendered":"http:\/\/caballitotequiero.com.ar\/portal\/?p=4356"},"modified":"2011-11-13T21:54:12","modified_gmt":"2011-11-14T00:54:12","slug":"tango-y-pintura-en-el-centro-nuestro-tiempo","status":"publish","type":"post","link":"http:\/\/caballitotequiero.com.ar\/portal\/2011\/11\/13\/tango-y-pintura-en-el-centro-nuestro-tiempo\/","title":{"rendered":"TANGO Y PINTURA EN EL CENTRO \u00abNUESTRO TIEMPO\u00bb"},"content":{"rendered":"<p>El s\u00e1bado 12 de noviembre a las 18 hs, el Centro de Jubilados y Pensionados \u00abNuestro Tiempo\u00bb ubicado en Yerbal 813, realiz\u00f3 el cierre de su Taller de Artes Pl\u00e1sticas. \u00a0All\u00ed la docente Quely Scherman junto a sus alumnos expusieron los trabajos realizados durante el a\u00f1o. Las paredes del local se vieron cubiertas de cuadros que fueron apreciados por el p\u00fablico que asisti\u00f3 al evento. \u00a0Luego de compartir un brindis y disfrutar la muestra hubo espacio para el tango que fue magn\u00edficamente interpretado por el docente del local y sus alumnos.<\/p>\n<div id=\"attachment_4364\" style=\"width: 520px\" class=\"wp-caption alignleft\"><img loading=\"lazy\" decoding=\"async\" aria-describedby=\"caption-attachment-4364\" class=\"size-full wp-image-4364\" src=\"http:\/\/caballitotequiero.com.ar\/portal\/wp-content\/uploads\/2011\/11\/0-0-0-0-0-nuestro-tiempo-7.jpg\" alt=\"\" width=\"510\" height=\"570\" srcset=\"http:\/\/caballitotequiero.com.ar\/portal\/wp-content\/uploads\/2011\/11\/0-0-0-0-0-nuestro-tiempo-7.jpg 510w, http:\/\/caballitotequiero.com.ar\/portal\/wp-content\/uploads\/2011\/11\/0-0-0-0-0-nuestro-tiempo-7-268x300.jpg 268w\" sizes=\"auto, (max-width: 510px) 100vw, 510px\" \/><p id=\"caption-attachment-4364\" class=\"wp-caption-text\">Quely, Profesora de Artes Pl\u00e1sticas, junto a una de sus obras<\/p><\/div>\n<div id=\"attachment_4360\" style=\"width: 520px\" class=\"wp-caption alignleft\"><img loading=\"lazy\" decoding=\"async\" aria-describedby=\"caption-attachment-4360\" class=\"size-full wp-image-4360\" src=\"http:\/\/caballitotequiero.com.ar\/portal\/wp-content\/uploads\/2011\/11\/0-0-0-0-0-nuestro-tiempo-4.jpg\" alt=\"\" width=\"510\" height=\"383\" srcset=\"http:\/\/caballitotequiero.com.ar\/portal\/wp-content\/uploads\/2011\/11\/0-0-0-0-0-nuestro-tiempo-4.jpg 510w, http:\/\/caballitotequiero.com.ar\/portal\/wp-content\/uploads\/2011\/11\/0-0-0-0-0-nuestro-tiempo-4-300x225.jpg 300w, http:\/\/caballitotequiero.com.ar\/portal\/wp-content\/uploads\/2011\/11\/0-0-0-0-0-nuestro-tiempo-4-80x60.jpg 80w\" sizes=\"auto, (max-width: 510px) 100vw, 510px\" \/><p id=\"caption-attachment-4360\" class=\"wp-caption-text\">La Profesora Quely Scherman junto a una de sus alumnas, Elsa Castro y su obra.<\/p><\/div>\n<p><img loading=\"lazy\" decoding=\"async\" class=\"alignleft size-full wp-image-4357\" src=\"http:\/\/caballitotequiero.com.ar\/portal\/wp-content\/uploads\/2011\/11\/0-0-0-0-0-nuestro-tiempo-1.jpg\" alt=\"\" width=\"510\" height=\"400\" srcset=\"http:\/\/caballitotequiero.com.ar\/portal\/wp-content\/uploads\/2011\/11\/0-0-0-0-0-nuestro-tiempo-1.jpg 510w, http:\/\/caballitotequiero.com.ar\/portal\/wp-content\/uploads\/2011\/11\/0-0-0-0-0-nuestro-tiempo-1-300x235.jpg 300w\" sizes=\"auto, (max-width: 510px) 100vw, 510px\" \/><img loading=\"lazy\" decoding=\"async\" class=\"alignleft size-full wp-image-4358\" src=\"http:\/\/caballitotequiero.com.ar\/portal\/wp-content\/uploads\/2011\/11\/0-0-0-0-0-nuestro-tiempo-2.jpg\" alt=\"\" width=\"510\" height=\"383\" srcset=\"http:\/\/caballitotequiero.com.ar\/portal\/wp-content\/uploads\/2011\/11\/0-0-0-0-0-nuestro-tiempo-2.jpg 510w, http:\/\/caballitotequiero.com.ar\/portal\/wp-content\/uploads\/2011\/11\/0-0-0-0-0-nuestro-tiempo-2-300x225.jpg 300w, http:\/\/caballitotequiero.com.ar\/portal\/wp-content\/uploads\/2011\/11\/0-0-0-0-0-nuestro-tiempo-2-80x60.jpg 80w\" sizes=\"auto, (max-width: 510px) 100vw, 510px\" \/><img loading=\"lazy\" decoding=\"async\" class=\"alignleft size-full wp-image-4361\" src=\"http:\/\/caballitotequiero.com.ar\/portal\/wp-content\/uploads\/2011\/11\/0-0-0-0-0-nuestro-tiempo-31.jpg\" alt=\"\" width=\"510\" height=\"383\" srcset=\"http:\/\/caballitotequiero.com.ar\/portal\/wp-content\/uploads\/2011\/11\/0-0-0-0-0-nuestro-tiempo-31.jpg 510w, http:\/\/caballitotequiero.com.ar\/portal\/wp-content\/uploads\/2011\/11\/0-0-0-0-0-nuestro-tiempo-31-300x225.jpg 300w, http:\/\/caballitotequiero.com.ar\/portal\/wp-content\/uploads\/2011\/11\/0-0-0-0-0-nuestro-tiempo-31-80x60.jpg 80w\" sizes=\"auto, (max-width: 510px) 100vw, 510px\" \/><img loading=\"lazy\" decoding=\"async\" class=\"alignleft size-full wp-image-4362\" src=\"http:\/\/caballitotequiero.com.ar\/portal\/wp-content\/uploads\/2011\/11\/0-0-0-0-0-nuestro-tiempo-5.jpg\" alt=\"\" width=\"510\" height=\"322\" srcset=\"http:\/\/caballitotequiero.com.ar\/portal\/wp-content\/uploads\/2011\/11\/0-0-0-0-0-nuestro-tiempo-5.jpg 510w, http:\/\/caballitotequiero.com.ar\/portal\/wp-content\/uploads\/2011\/11\/0-0-0-0-0-nuestro-tiempo-5-300x189.jpg 300w, http:\/\/caballitotequiero.com.ar\/portal\/wp-content\/uploads\/2011\/11\/0-0-0-0-0-nuestro-tiempo-5-160x100.jpg 160w\" sizes=\"auto, (max-width: 510px) 100vw, 510px\" \/><img loading=\"lazy\" decoding=\"async\" class=\"alignleft size-full wp-image-4363\" src=\"http:\/\/caballitotequiero.com.ar\/portal\/wp-content\/uploads\/2011\/11\/0-0-0-0-0-nuestro-tiempo-6.jpg\" alt=\"\" width=\"510\" height=\"383\" srcset=\"http:\/\/caballitotequiero.com.ar\/portal\/wp-content\/uploads\/2011\/11\/0-0-0-0-0-nuestro-tiempo-6.jpg 510w, http:\/\/caballitotequiero.com.ar\/portal\/wp-content\/uploads\/2011\/11\/0-0-0-0-0-nuestro-tiempo-6-300x225.jpg 300w, http:\/\/caballitotequiero.com.ar\/portal\/wp-content\/uploads\/2011\/11\/0-0-0-0-0-nuestro-tiempo-6-80x60.jpg 80w\" sizes=\"auto, (max-width: 510px) 100vw, 510px\" \/><\/p>\n","protected":false},"excerpt":{"rendered":"<p>El s\u00e1bado 12 de noviembre a las 18 hs, el Centro de Jubilados y Pensionados \u00abNuestro Tiempo\u00bb ubicado en Yerbal 813, realiz\u00f3 el cierre de su Taller de Artes Pl\u00e1sticas. \u00a0All\u00ed la docente Quely Scherman junto a sus alumnos expusieron los trabajos realizados durante el a\u00f1o. Las paredes del local se vieron cubiertas de cuadros [&hellip;]<\/p>\n","protected":false},"author":1,"featured_media":4367,"comment_status":"open","ping_status":"open","sticky":false,"template":"","format":"standard","meta":{"footnotes":""},"categories":[5],"tags":[],"class_list":["post-4356","post","type-post","status-publish","format-standard","has-post-thumbnail","hentry","category-noticias"],"_links":{"self":[{"href":"http:\/\/caballitotequiero.com.ar\/portal\/wp-json\/wp\/v2\/posts\/4356","targetHints":{"allow":["GET"]}}],"collection":[{"href":"http:\/\/caballitotequiero.com.ar\/portal\/wp-json\/wp\/v2\/posts"}],"about":[{"href":"http:\/\/caballitotequiero.com.ar\/portal\/wp-json\/wp\/v2\/types\/post"}],"author":[{"embeddable":true,"href":"http:\/\/caballitotequiero.com.ar\/portal\/wp-json\/wp\/v2\/users\/1"}],"replies":[{"embeddable":true,"href":"http:\/\/caballitotequiero.com.ar\/portal\/wp-json\/wp\/v2\/comments?post=4356"}],"version-history":[{"count":3,"href":"http:\/\/caballitotequiero.com.ar\/portal\/wp-json\/wp\/v2\/posts\/4356\/revisions"}],"predecessor-version":[{"id":4368,"href":"http:\/\/caballitotequiero.com.ar\/portal\/wp-json\/wp\/v2\/posts\/4356\/revisions\/4368"}],"wp:featuredmedia":[{"embeddable":true,"href":"http:\/\/caballitotequiero.com.ar\/portal\/wp-json\/wp\/v2\/media\/4367"}],"wp:attachment":[{"href":"http:\/\/caballitotequiero.com.ar\/portal\/wp-json\/wp\/v2\/media?parent=4356"}],"wp:term":[{"taxonomy":"category","embeddable":true,"href":"http:\/\/caballitotequiero.com.ar\/portal\/wp-json\/wp\/v2\/categories?post=4356"},{"taxonomy":"post_tag","embeddable":true,"href":"http:\/\/caballitotequiero.com.ar\/portal\/wp-json\/wp\/v2\/tags?post=4356"}],"curies":[{"name":"wp","href":"https:\/\/api.w.org\/{rel}","templated":true}]}}