{"id":4384,"date":"2011-11-15T02:14:18","date_gmt":"2011-11-15T05:14:18","guid":{"rendered":"http:\/\/caballitotequiero.com.ar\/portal\/?p=4384"},"modified":"2011-11-15T02:14:18","modified_gmt":"2011-11-15T05:14:18","slug":"la-noche-de-los-museos-exploto-en-caballito","status":"publish","type":"post","link":"http:\/\/caballitotequiero.com.ar\/portal\/2011\/11\/15\/la-noche-de-los-museos-exploto-en-caballito\/","title":{"rendered":"LA NOCHE DE LOS MUSEOS EXPLOT\u00d3 EN CABALLITO"},"content":{"rendered":"<p>El s\u00e1bado 12 de noviembre, la ya tradicional Noche de los Museos, organizada por el Ministerio de Cultura de la Ciudad de Buenos Aires, renov\u00f3 y, aument\u00f3, su ya acostumbrado \u00e9xito.<\/p>\n<p>Este a\u00f1o hubo 174 museos y espacios culturales que, participaron en 27 barrios porte\u00f1os y \u00a0visitaron las diferentes opciones m\u00e1s de 650.000 personas, contra las 545.000 que lo hicieron en el 2010.<\/p>\n<p>Caballito, que fuera el primer barrio en sumarse a \u00e9sta actividad cultural en el a\u00f1o 2008, vio incrementada la participaci\u00f3n institucional y, el n\u00famero de visitantes.<\/p>\n<p>Este a\u00f1o la muestra caballitense se intitul\u00f3 <strong>\u201c<strong>Sentidos de una hist\u00f3rica barriada de clase media\u201d.<\/strong><\/strong><\/p>\n<p>Oficiaron de sedes las siguientes instituciones: El Museo de Esculturas Luis Perlotti; Asociaci\u00f3n Amigos del Tranv\u00eda; Club Italiano; Barber\u00eda La Epoca; Club Ferrocarril Oeste; Museo Nacional de Ciencias Naturales Bernardino Rivadavia y la Asociaci\u00f3n Argentina Amigos de la Astronom\u00eda.<\/p>\n<p>En cada una de ellas participaron distintas organizaciones barriales, expositores y grupos art\u00edsticos.<\/p>\n<p>El\u00a0 Museo Luis Perlotti fue un faro cultural en Caballito Norte. Una enorme concurrencia sobrepas\u00f3 los l\u00edmites de la calle Pujol, donde los artistas pl\u00e1sticos trabajaban a la vista del p\u00fablico. En el escenario ubicado frente a la remozada fachada del Museo, se disfrutaron diferentes n\u00fameros art\u00edsticos que contaron con la aprobaci\u00f3n y calidez de las m\u00e1s de quinientas personas reunidas en la calle.<\/p>\n<p>Mientras, las instalaciones del Museo ofrec\u00edan distintas exposiciones, entre otras una del Club Ferrocarril Oeste que, mostr\u00f3 verdaderas reliquias deportivas. Para ello cont\u00f3 con la presencia de un verdolaga de ley, Angel \u201cKelly\u201d Contela, quien ofici\u00f3 de anfitri\u00f3n y gu\u00eda. Completaron las actividades en el Museo: talleres infantiles, audiovisuales y conferencias.<\/p>\n<p>El auditorio del Perlotti vio colmada su capacidad por el p\u00fablico que asisti\u00f3 a la charla de Horizonte, a cargo de sus directores, Marina Bussio y H\u00e9ctor N\u00fa\u00f1ez Castro, sobre \u201cOr\u00edgenes del barrio de Caballito\u201d.<\/p>\n<p>Quienes m\u00e1s disfrutaron de la jornada fueron los ni\u00f1os. Distintas actividades art\u00edsticas para los peque\u00f1os, fueron la m\u00e1s concurrida oferta del Perlotti.<\/p>\n<p>En todo momento el director del Museo, Dar\u00edo Klehr y sus colaboradores, estuvieron presentes coordinando las m\u00faltiples actividades.<\/p>\n<p>La tradicional Asociaci\u00f3n Amigos del Tranv\u00eda, mantuvo, hasta las 02.30 sus viajes en el tranv\u00eda hist\u00f3rico, cuyos coches se vieron colmados durante toda la noche. En el play\u00f3n de la estaci\u00f3n Polvor\u00edn, expusieron sus piezas los coleccionistas de colectivos y autos antiguos. Uno de los colectivos estableci\u00f3 un circuito entre la A.A.T., el Club Ferrocarril Oeste y el Museo de Esculturas Luis Perlotti.<\/p>\n<p>El Taller Polvor\u00edn fue el escenario para la actuaci\u00f3n de una excelente orquesta, el Ensamble Escuela de Cuerdas Guillermo Weinke, que fuera calurosamente aplaudida por el numeroso p\u00fablico presente. Tambi\u00e9n se present\u00f3 el grupo de percusi\u00f3n del Centro Cultural Lola Mora, junto a otros artistas como el reconocido Hot Club de Boedo, convocado por el peri\u00f3dico ABC.<\/p>\n<p>Por primera vez, Horizonte, La Revista de Caballito realiz\u00f3 una exposici\u00f3n de fotos hist\u00f3ricas del barrio de Caballito, en el Taller Polvor\u00edn. A tal efecto, la Asociaci\u00f3n Amigos del Tranv\u00eda dispuso uno de sus coches hist\u00f3ricos, de los primeros del Premetro, apodado \u201cEl Lagarto\u201d; para exponer las fotograf\u00edas.<\/p>\n<p>La muestra fotogr\u00e1fica convoc\u00f3 a cerca de mil personas que, mostraron un inusual inter\u00e9s y, reconocieron con nostalgia, viejos rincones del barrio.<\/p>\n<p>En el Club Ferrocarril Oeste se expusieron bocetos del concurso \u201cEl deporte en la Escultura\u201d y, en la terraza de entrada al vejo edificio estilo Tudor, se presentaron distintos artistas que recorrieron varados g\u00e9neros musicales.<\/p>\n<p>Como parte de la muestra, el Club abri\u00f3 el sal\u00f3n de la presidencia, \u00e1mbito poco conocido, a\u00fan para los socios.<\/p>\n<p>La Barber\u00eda la Epoca convoc\u00f3 una importante cantidad de p\u00fablico con una serie de charlas. Fue calurosamente aplaudido, el filetador porte\u00f1o Luis Zorz, declarado por el GCABA como Art\u00edfice del Patrimonio, t\u00edtulo otorgado por recomendaci\u00f3n de la UNESCO. Su charla did\u00e1ctica vers\u00f3 sobre \u201cEl Filete, un Arte Tradicional de Buenos Aires\u201d.<\/p>\n<p>El barbero Miguel Barnes, complet\u00f3 los relatos con historias sobre sus primeros sue\u00f1os y los diversos oficios de los antiguos barberos. Como complemento, el ex\u00f3tico \u201cConde de Caballito\u201d, expuso dos autos de colecci\u00f3n, de su propiedad, estacionados frente al local de la calle Guayaquil.<\/p>\n<p>La sede del emblem\u00e1tico Club Italiano fue la sala de exposiciones del Centro de Arte Cer\u00e1mico; la pl\u00e1stica Cristina Freydier, el escultor Pablo Pena y los alumnos del Taller de Pintura de Arcangela Gambarella.<\/p>\n<p>En el hall de entrada del Club, Horizonte, La Revista de Caballito present\u00f3 su nueva exposici\u00f3n de fotograf\u00edas \u201cCaballito Ayer y Hoy\u201d. En la misma se muestran fotos hist\u00f3ricas del barrio complementadas con la fotograf\u00eda actual de los mismos sitios.<\/p>\n<p>La muestra despert\u00f3 la atenci\u00f3n de los visitantes, sobre todo de quienes son vecinos del barrio que, sorprendidos descubr\u00edan las im\u00e1genes antiguas de distintos y conocidos paisajes caballitenses.<\/p>\n<p><strong>Una menci\u00f3n especial merece la actuaci\u00f3n de los alumnos y profesores del <\/strong>Conservatorio Superior de M\u00fasica \u201cManuel de Falla\u201d, quienes ofrecieron un Concierto L\u00edrico y, diversos cuadros musicales. Su actuaci\u00f3n colm\u00f3 de p\u00fablico, durante toda la noche, el teatro del Club Italiano.<\/p>\n<p>La noche de los museos fue una fiesta en Parque Centenario, ya desde temprano se pod\u00eda observar autos estacionados por todas partes y gran cantidad de p\u00fablico descendiendo desde los colectivos.<\/p>\n<p>El Museo Nacional de Ciencias Naturales \u201cBernardino Rivadavia\u201d fue el lugar elegido por grupos familiares, en especial con ni\u00f1os de corta edad que r\u00e1pidamente colmaron las diferentes salas, y visitaron las distintas mesas cient\u00edficas para los peque\u00f1os, entre otras, el arenero para buscar f\u00f3siles. La sala m\u00e1s buscada fue sin duda la de los dinosaurios.<\/p>\n<p>En el bar tem\u00e1tico del museo se ofrecieron dos conciertos: La Mascarada Barahunda y Las Fuleras.<\/p>\n<p>Otra interesante muestra la ofreci\u00f3 la Asociaci\u00f3n Argentina Amigos de la Astronom\u00eda.<\/p>\n<p>All\u00ed, se proyectaron distintos documentales\u00a0 referentes al cosmos y la astronom\u00eda. En el sal\u00f3n de actos hubo una detallada exposici\u00f3n\u00a0 sobe el sol. Y diferentes instrumentos astron\u00f3micos.<\/p>\n<p>Los visitantes pudieron realizar observaciones de la Luna, J\u00fapiter y la nebulosa de Ori\u00f3n desde el telescopio Superior Gautier-Devoto, como as\u00ed tambi\u00e9n desde distintos telescopios de categor\u00eda intermedia, colocados estrat\u00e9gicamente\u00a0 en los jardines de la asociaci\u00f3n.<\/p>\n<p>As\u00ed, una vez m\u00e1s el barrio, a trav\u00e9s de sus instituciones, fue una de las sedes de la Noche de los Museos. Al igual que en toda la ciudad, la cantidad de p\u00fablico que visit\u00f3 las diferentes propuestas del barrio, super\u00f3 la del a\u00f1o pasado de 15.000 personas.<\/p>\n<p>El 12 de noviembre, la Noche de los Museos estall\u00f3 en Caballito con m\u00e1s de 18.500 visitantes que, recorrieron el barrio desde las 20.00 hasta, casi, las 03.00 de la madrugada.<\/p>\n<div id=\"attachment_4385\" style=\"width: 520px\" class=\"wp-caption alignleft\"><img loading=\"lazy\" decoding=\"async\" aria-describedby=\"caption-attachment-4385\" class=\"size-full wp-image-4385\" src=\"http:\/\/caballitotequiero.com.ar\/portal\/wp-content\/uploads\/2011\/11\/1.jpg\" alt=\"\" width=\"510\" height=\"383\" srcset=\"http:\/\/caballitotequiero.com.ar\/portal\/wp-content\/uploads\/2011\/11\/1.jpg 510w, http:\/\/caballitotequiero.com.ar\/portal\/wp-content\/uploads\/2011\/11\/1-300x225.jpg 300w, http:\/\/caballitotequiero.com.ar\/portal\/wp-content\/uploads\/2011\/11\/1-80x60.jpg 80w\" sizes=\"auto, (max-width: 510px) 100vw, 510px\" \/><p id=\"caption-attachment-4385\" class=\"wp-caption-text\">Los coches de la flota de la Asociaci\u00f3n Amigos del Tranv\u00eda recorrieron las calles de Caballito hasta las 2 de la ma\u00f1ana.<\/p><\/div>\n<div id=\"attachment_4386\" style=\"width: 520px\" class=\"wp-caption alignleft\"><img loading=\"lazy\" decoding=\"async\" aria-describedby=\"caption-attachment-4386\" class=\"size-full wp-image-4386\" src=\"http:\/\/caballitotequiero.com.ar\/portal\/wp-content\/uploads\/2011\/11\/2.jpg\" alt=\"\" width=\"510\" height=\"383\" srcset=\"http:\/\/caballitotequiero.com.ar\/portal\/wp-content\/uploads\/2011\/11\/2.jpg 510w, http:\/\/caballitotequiero.com.ar\/portal\/wp-content\/uploads\/2011\/11\/2-300x225.jpg 300w, http:\/\/caballitotequiero.com.ar\/portal\/wp-content\/uploads\/2011\/11\/2-80x60.jpg 80w\" sizes=\"auto, (max-width: 510px) 100vw, 510px\" \/><p id=\"caption-attachment-4386\" class=\"wp-caption-text\">El Ensamble Escuela de Cuerdas Guillermo Weinke, uno de los m\u00e1s aplaudidos.<\/p><\/div>\n<div id=\"attachment_4387\" style=\"width: 520px\" class=\"wp-caption alignleft\"><img loading=\"lazy\" decoding=\"async\" aria-describedby=\"caption-attachment-4387\" class=\"size-full wp-image-4387\" src=\"http:\/\/caballitotequiero.com.ar\/portal\/wp-content\/uploads\/2011\/11\/3.jpg\" alt=\"\" width=\"510\" height=\"383\" srcset=\"http:\/\/caballitotequiero.com.ar\/portal\/wp-content\/uploads\/2011\/11\/3.jpg 510w, http:\/\/caballitotequiero.com.ar\/portal\/wp-content\/uploads\/2011\/11\/3-300x225.jpg 300w, http:\/\/caballitotequiero.com.ar\/portal\/wp-content\/uploads\/2011\/11\/3-80x60.jpg 80w\" sizes=\"auto, (max-width: 510px) 100vw, 510px\" \/><p id=\"caption-attachment-4387\" class=\"wp-caption-text\">El coche &quot;lagarto&quot; fue el marco de la exposici\u00f3n de fotos hist\u00f3ricas que realiz\u00f3 la Revista Horizonte<\/p><\/div>\n<div id=\"attachment_4388\" style=\"width: 520px\" class=\"wp-caption alignleft\"><img loading=\"lazy\" decoding=\"async\" aria-describedby=\"caption-attachment-4388\" class=\"size-full wp-image-4388\" src=\"http:\/\/caballitotequiero.com.ar\/portal\/wp-content\/uploads\/2011\/11\/4.jpg\" alt=\"\" width=\"510\" height=\"383\" srcset=\"http:\/\/caballitotequiero.com.ar\/portal\/wp-content\/uploads\/2011\/11\/4.jpg 510w, http:\/\/caballitotequiero.com.ar\/portal\/wp-content\/uploads\/2011\/11\/4-300x225.jpg 300w, http:\/\/caballitotequiero.com.ar\/portal\/wp-content\/uploads\/2011\/11\/4-80x60.jpg 80w\" sizes=\"auto, (max-width: 510px) 100vw, 510px\" \/><p id=\"caption-attachment-4388\" class=\"wp-caption-text\">Colectivos y autos antiguos fueron expuestos en el Taller Polvor\u00edn<\/p><\/div>\n<div id=\"attachment_4389\" style=\"width: 520px\" class=\"wp-caption alignleft\"><img loading=\"lazy\" decoding=\"async\" aria-describedby=\"caption-attachment-4389\" class=\"size-full wp-image-4389\" src=\"http:\/\/caballitotequiero.com.ar\/portal\/wp-content\/uploads\/2011\/11\/5.jpg\" alt=\"\" width=\"510\" height=\"383\" srcset=\"http:\/\/caballitotequiero.com.ar\/portal\/wp-content\/uploads\/2011\/11\/5.jpg 510w, http:\/\/caballitotequiero.com.ar\/portal\/wp-content\/uploads\/2011\/11\/5-300x225.jpg 300w, http:\/\/caballitotequiero.com.ar\/portal\/wp-content\/uploads\/2011\/11\/5-80x60.jpg 80w\" sizes=\"auto, (max-width: 510px) 100vw, 510px\" \/><p id=\"caption-attachment-4389\" class=\"wp-caption-text\">A cargo de la l\u00f3gistica y sonido estuvo colaborando Marcelo Iambrich, director del CGPC6, junto a \u00e9l, Fabi\u00e1n Bullota y parte de la cuadrilla.<\/p><\/div>\n<div id=\"attachment_4390\" style=\"width: 520px\" class=\"wp-caption alignleft\"><img loading=\"lazy\" decoding=\"async\" aria-describedby=\"caption-attachment-4390\" class=\"size-full wp-image-4390\" src=\"http:\/\/caballitotequiero.com.ar\/portal\/wp-content\/uploads\/2011\/11\/6.jpg\" alt=\"\" width=\"510\" height=\"383\" srcset=\"http:\/\/caballitotequiero.com.ar\/portal\/wp-content\/uploads\/2011\/11\/6.jpg 510w, http:\/\/caballitotequiero.com.ar\/portal\/wp-content\/uploads\/2011\/11\/6-300x225.jpg 300w, http:\/\/caballitotequiero.com.ar\/portal\/wp-content\/uploads\/2011\/11\/6-80x60.jpg 80w\" sizes=\"auto, (max-width: 510px) 100vw, 510px\" \/><p id=\"caption-attachment-4390\" class=\"wp-caption-text\">Aquilino Gonz\u00e1lez Podest\u00e1, presidente de la Asociaci\u00f3n Amigos del Tranv\u00eda, ofici\u00f3 de anfitri\u00f3n en el Taller Polvor\u00edn.<\/p><\/div>\n<div id=\"attachment_4391\" style=\"width: 520px\" class=\"wp-caption alignleft\"><img loading=\"lazy\" decoding=\"async\" aria-describedby=\"caption-attachment-4391\" class=\"size-full wp-image-4391\" src=\"http:\/\/caballitotequiero.com.ar\/portal\/wp-content\/uploads\/2011\/11\/7.jpg\" alt=\"\" width=\"510\" height=\"383\" srcset=\"http:\/\/caballitotequiero.com.ar\/portal\/wp-content\/uploads\/2011\/11\/7.jpg 510w, http:\/\/caballitotequiero.com.ar\/portal\/wp-content\/uploads\/2011\/11\/7-300x225.jpg 300w, http:\/\/caballitotequiero.com.ar\/portal\/wp-content\/uploads\/2011\/11\/7-80x60.jpg 80w\" sizes=\"auto, (max-width: 510px) 100vw, 510px\" \/><p id=\"caption-attachment-4391\" class=\"wp-caption-text\">Club Italiano: el Sal\u00f3n Blanco fue marco de una importante exposici\u00f3n de pinturas y esculturas.<\/p><\/div>\n<div id=\"attachment_4392\" style=\"width: 520px\" class=\"wp-caption alignleft\"><img loading=\"lazy\" decoding=\"async\" aria-describedby=\"caption-attachment-4392\" class=\"size-full wp-image-4392\" src=\"http:\/\/caballitotequiero.com.ar\/portal\/wp-content\/uploads\/2011\/11\/8.jpg\" alt=\"\" width=\"510\" height=\"388\" srcset=\"http:\/\/caballitotequiero.com.ar\/portal\/wp-content\/uploads\/2011\/11\/8.jpg 510w, http:\/\/caballitotequiero.com.ar\/portal\/wp-content\/uploads\/2011\/11\/8-300x228.jpg 300w, http:\/\/caballitotequiero.com.ar\/portal\/wp-content\/uploads\/2011\/11\/8-80x60.jpg 80w\" sizes=\"auto, (max-width: 510px) 100vw, 510px\" \/><p id=\"caption-attachment-4392\" class=\"wp-caption-text\">&quot;Caballito Ayer y Hoy&quot; muestra de fotograf\u00eda de la Revista Horizonte en el Hall del Club Italiano.<\/p><\/div>\n<p><img loading=\"lazy\" decoding=\"async\" class=\"alignleft size-full wp-image-4393\" src=\"http:\/\/caballitotequiero.com.ar\/portal\/wp-content\/uploads\/2011\/11\/9.jpg\" alt=\"\" width=\"510\" height=\"383\" srcset=\"http:\/\/caballitotequiero.com.ar\/portal\/wp-content\/uploads\/2011\/11\/9.jpg 510w, http:\/\/caballitotequiero.com.ar\/portal\/wp-content\/uploads\/2011\/11\/9-300x225.jpg 300w, http:\/\/caballitotequiero.com.ar\/portal\/wp-content\/uploads\/2011\/11\/9-80x60.jpg 80w\" sizes=\"auto, (max-width: 510px) 100vw, 510px\" \/><\/p>\n<div id=\"attachment_4394\" style=\"width: 520px\" class=\"wp-caption alignleft\"><img loading=\"lazy\" decoding=\"async\" aria-describedby=\"caption-attachment-4394\" class=\"size-full wp-image-4394\" src=\"http:\/\/caballitotequiero.com.ar\/portal\/wp-content\/uploads\/2011\/11\/10.jpg\" alt=\"\" width=\"510\" height=\"358\" srcset=\"http:\/\/caballitotequiero.com.ar\/portal\/wp-content\/uploads\/2011\/11\/10.jpg 510w, http:\/\/caballitotequiero.com.ar\/portal\/wp-content\/uploads\/2011\/11\/10-300x210.jpg 300w\" sizes=\"auto, (max-width: 510px) 100vw, 510px\" \/><p id=\"caption-attachment-4394\" class=\"wp-caption-text\">Como en a\u00f1os anteriores, el Centro de Arte Cer\u00e1mico expuso sus obras en el Club Italiano<\/p><\/div>\n<div id=\"attachment_4395\" style=\"width: 520px\" class=\"wp-caption alignleft\"><img loading=\"lazy\" decoding=\"async\" aria-describedby=\"caption-attachment-4395\" class=\"size-full wp-image-4395\" src=\"http:\/\/caballitotequiero.com.ar\/portal\/wp-content\/uploads\/2011\/11\/11.jpg\" alt=\"\" width=\"510\" height=\"383\" srcset=\"http:\/\/caballitotequiero.com.ar\/portal\/wp-content\/uploads\/2011\/11\/11.jpg 510w, http:\/\/caballitotequiero.com.ar\/portal\/wp-content\/uploads\/2011\/11\/11-300x225.jpg 300w, http:\/\/caballitotequiero.com.ar\/portal\/wp-content\/uploads\/2011\/11\/11-80x60.jpg 80w\" sizes=\"auto, (max-width: 510px) 100vw, 510px\" \/><p id=\"caption-attachment-4395\" class=\"wp-caption-text\">Obras del Taller de Pintura de Arcangela Gambarella.<\/p><\/div>\n<div id=\"attachment_4396\" style=\"width: 520px\" class=\"wp-caption alignleft\"><img loading=\"lazy\" decoding=\"async\" aria-describedby=\"caption-attachment-4396\" class=\"size-full wp-image-4396\" src=\"http:\/\/caballitotequiero.com.ar\/portal\/wp-content\/uploads\/2011\/11\/12.jpg\" alt=\"\" width=\"510\" height=\"383\" srcset=\"http:\/\/caballitotequiero.com.ar\/portal\/wp-content\/uploads\/2011\/11\/12.jpg 510w, http:\/\/caballitotequiero.com.ar\/portal\/wp-content\/uploads\/2011\/11\/12-300x225.jpg 300w, http:\/\/caballitotequiero.com.ar\/portal\/wp-content\/uploads\/2011\/11\/12-80x60.jpg 80w\" sizes=\"auto, (max-width: 510px) 100vw, 510px\" \/><p id=\"caption-attachment-4396\" class=\"wp-caption-text\">Los m\u00fasicos del Conservatorio Superior de M\u00fasica \u201cManuel de Falla\u201d llenaron tres veces el teatro del Club Italiano con magn\u00edficas actuaciones.<\/p><\/div>\n<p><img loading=\"lazy\" decoding=\"async\" class=\"alignleft size-full wp-image-4397\" src=\"http:\/\/caballitotequiero.com.ar\/portal\/wp-content\/uploads\/2011\/11\/13.jpg\" alt=\"\" width=\"510\" height=\"383\" srcset=\"http:\/\/caballitotequiero.com.ar\/portal\/wp-content\/uploads\/2011\/11\/13.jpg 510w, http:\/\/caballitotequiero.com.ar\/portal\/wp-content\/uploads\/2011\/11\/13-300x225.jpg 300w, http:\/\/caballitotequiero.com.ar\/portal\/wp-content\/uploads\/2011\/11\/13-80x60.jpg 80w\" sizes=\"auto, (max-width: 510px) 100vw, 510px\" \/><\/p>\n<div id=\"attachment_4398\" style=\"width: 520px\" class=\"wp-caption alignleft\"><img loading=\"lazy\" decoding=\"async\" aria-describedby=\"caption-attachment-4398\" class=\"size-full wp-image-4398\" src=\"http:\/\/caballitotequiero.com.ar\/portal\/wp-content\/uploads\/2011\/11\/14.jpg\" alt=\"\" width=\"510\" height=\"373\" srcset=\"http:\/\/caballitotequiero.com.ar\/portal\/wp-content\/uploads\/2011\/11\/14.jpg 510w, http:\/\/caballitotequiero.com.ar\/portal\/wp-content\/uploads\/2011\/11\/14-300x219.jpg 300w, http:\/\/caballitotequiero.com.ar\/portal\/wp-content\/uploads\/2011\/11\/14-80x60.jpg 80w\" sizes=\"auto, (max-width: 510px) 100vw, 510px\" \/><p id=\"caption-attachment-4398\" class=\"wp-caption-text\">Museo de Esculturas Luis Perlotti: Artistas trabajando frente al p\u00fablico<\/p><\/div>\n<p><img loading=\"lazy\" decoding=\"async\" class=\"alignleft size-full wp-image-4399\" src=\"http:\/\/caballitotequiero.com.ar\/portal\/wp-content\/uploads\/2011\/11\/15.jpg\" alt=\"\" width=\"510\" height=\"383\" srcset=\"http:\/\/caballitotequiero.com.ar\/portal\/wp-content\/uploads\/2011\/11\/15.jpg 510w, http:\/\/caballitotequiero.com.ar\/portal\/wp-content\/uploads\/2011\/11\/15-300x225.jpg 300w, http:\/\/caballitotequiero.com.ar\/portal\/wp-content\/uploads\/2011\/11\/15-80x60.jpg 80w\" sizes=\"auto, (max-width: 510px) 100vw, 510px\" \/><img loading=\"lazy\" decoding=\"async\" class=\"alignleft size-full wp-image-4400\" src=\"http:\/\/caballitotequiero.com.ar\/portal\/wp-content\/uploads\/2011\/11\/16.jpg\" alt=\"\" width=\"510\" height=\"383\" srcset=\"http:\/\/caballitotequiero.com.ar\/portal\/wp-content\/uploads\/2011\/11\/16.jpg 510w, http:\/\/caballitotequiero.com.ar\/portal\/wp-content\/uploads\/2011\/11\/16-300x225.jpg 300w, http:\/\/caballitotequiero.com.ar\/portal\/wp-content\/uploads\/2011\/11\/16-80x60.jpg 80w\" sizes=\"auto, (max-width: 510px) 100vw, 510px\" \/><\/p>\n<div id=\"attachment_4401\" style=\"width: 520px\" class=\"wp-caption alignleft\"><img loading=\"lazy\" decoding=\"async\" aria-describedby=\"caption-attachment-4401\" class=\"size-full wp-image-4401\" src=\"http:\/\/caballitotequiero.com.ar\/portal\/wp-content\/uploads\/2011\/11\/17.jpg\" alt=\"\" width=\"510\" height=\"383\" srcset=\"http:\/\/caballitotequiero.com.ar\/portal\/wp-content\/uploads\/2011\/11\/17.jpg 510w, http:\/\/caballitotequiero.com.ar\/portal\/wp-content\/uploads\/2011\/11\/17-300x225.jpg 300w, http:\/\/caballitotequiero.com.ar\/portal\/wp-content\/uploads\/2011\/11\/17-80x60.jpg 80w\" sizes=\"auto, (max-width: 510px) 100vw, 510px\" \/><p id=\"caption-attachment-4401\" class=\"wp-caption-text\">Tambi\u00e9n hubo espacio para los m\u00e1s peque\u00f1os<\/p><\/div>\n<p><img loading=\"lazy\" decoding=\"async\" class=\"alignleft size-full wp-image-4402\" src=\"http:\/\/caballitotequiero.com.ar\/portal\/wp-content\/uploads\/2011\/11\/18.jpg\" alt=\"\" width=\"510\" height=\"383\" srcset=\"http:\/\/caballitotequiero.com.ar\/portal\/wp-content\/uploads\/2011\/11\/18.jpg 510w, http:\/\/caballitotequiero.com.ar\/portal\/wp-content\/uploads\/2011\/11\/18-300x225.jpg 300w, http:\/\/caballitotequiero.com.ar\/portal\/wp-content\/uploads\/2011\/11\/18-80x60.jpg 80w\" sizes=\"auto, (max-width: 510px) 100vw, 510px\" \/><\/p>\n<div id=\"attachment_4403\" style=\"width: 520px\" class=\"wp-caption alignleft\"><img loading=\"lazy\" decoding=\"async\" aria-describedby=\"caption-attachment-4403\" class=\"size-full wp-image-4403\" src=\"http:\/\/caballitotequiero.com.ar\/portal\/wp-content\/uploads\/2011\/11\/19.jpg\" alt=\"\" width=\"510\" height=\"326\" srcset=\"http:\/\/caballitotequiero.com.ar\/portal\/wp-content\/uploads\/2011\/11\/19.jpg 510w, http:\/\/caballitotequiero.com.ar\/portal\/wp-content\/uploads\/2011\/11\/19-300x191.jpg 300w\" sizes=\"auto, (max-width: 510px) 100vw, 510px\" \/><p id=\"caption-attachment-4403\" class=\"wp-caption-text\">En el auditorio del Museo, Marina Bussio y H\u00e9ctor N\u00fa\u00f1ez Castro, directores de Horizonte, dieron  una charla referida al origen del barrio de Caballito.<\/p><\/div>\n<p><img loading=\"lazy\" decoding=\"async\" class=\"alignleft size-full wp-image-4404\" src=\"http:\/\/caballitotequiero.com.ar\/portal\/wp-content\/uploads\/2011\/11\/20.jpg\" alt=\"\" width=\"510\" height=\"383\" srcset=\"http:\/\/caballitotequiero.com.ar\/portal\/wp-content\/uploads\/2011\/11\/20.jpg 510w, http:\/\/caballitotequiero.com.ar\/portal\/wp-content\/uploads\/2011\/11\/20-300x225.jpg 300w, http:\/\/caballitotequiero.com.ar\/portal\/wp-content\/uploads\/2011\/11\/20-80x60.jpg 80w\" sizes=\"auto, (max-width: 510px) 100vw, 510px\" \/><\/p>\n<div id=\"attachment_4405\" style=\"width: 520px\" class=\"wp-caption alignleft\"><img loading=\"lazy\" decoding=\"async\" aria-describedby=\"caption-attachment-4405\" class=\"size-full wp-image-4405\" src=\"http:\/\/caballitotequiero.com.ar\/portal\/wp-content\/uploads\/2011\/11\/21.jpg\" alt=\"\" width=\"510\" height=\"383\" srcset=\"http:\/\/caballitotequiero.com.ar\/portal\/wp-content\/uploads\/2011\/11\/21.jpg 510w, http:\/\/caballitotequiero.com.ar\/portal\/wp-content\/uploads\/2011\/11\/21-300x225.jpg 300w, http:\/\/caballitotequiero.com.ar\/portal\/wp-content\/uploads\/2011\/11\/21-80x60.jpg 80w\" sizes=\"auto, (max-width: 510px) 100vw, 510px\" \/><p id=\"caption-attachment-4405\" class=\"wp-caption-text\">Mientras tanto, la calle Pujol fue escenario de diversos ritmos.<\/p><\/div>\n<p><img loading=\"lazy\" decoding=\"async\" class=\"alignleft size-full wp-image-4406\" src=\"http:\/\/caballitotequiero.com.ar\/portal\/wp-content\/uploads\/2011\/11\/22.jpg\" alt=\"\" width=\"510\" height=\"362\" srcset=\"http:\/\/caballitotequiero.com.ar\/portal\/wp-content\/uploads\/2011\/11\/22.jpg 510w, http:\/\/caballitotequiero.com.ar\/portal\/wp-content\/uploads\/2011\/11\/22-300x212.jpg 300w\" sizes=\"auto, (max-width: 510px) 100vw, 510px\" \/><\/p>\n<div id=\"attachment_4407\" style=\"width: 520px\" class=\"wp-caption alignleft\"><img loading=\"lazy\" decoding=\"async\" aria-describedby=\"caption-attachment-4407\" class=\"size-full wp-image-4407\" src=\"http:\/\/caballitotequiero.com.ar\/portal\/wp-content\/uploads\/2011\/11\/23.jpg\" alt=\"\" width=\"510\" height=\"383\" srcset=\"http:\/\/caballitotequiero.com.ar\/portal\/wp-content\/uploads\/2011\/11\/23.jpg 510w, http:\/\/caballitotequiero.com.ar\/portal\/wp-content\/uploads\/2011\/11\/23-300x225.jpg 300w, http:\/\/caballitotequiero.com.ar\/portal\/wp-content\/uploads\/2011\/11\/23-80x60.jpg 80w\" sizes=\"auto, (max-width: 510px) 100vw, 510px\" \/><p id=\"caption-attachment-4407\" class=\"wp-caption-text\">Dar\u00edo Klehr, director del Museo, junto a Angel Contela, representando al Club Ferro Carril Oeste.<\/p><\/div>\n<div id=\"attachment_4408\" style=\"width: 520px\" class=\"wp-caption alignleft\"><img loading=\"lazy\" decoding=\"async\" aria-describedby=\"caption-attachment-4408\" class=\"size-full wp-image-4408\" src=\"http:\/\/caballitotequiero.com.ar\/portal\/wp-content\/uploads\/2011\/11\/24.jpg\" alt=\"\" width=\"510\" height=\"383\" srcset=\"http:\/\/caballitotequiero.com.ar\/portal\/wp-content\/uploads\/2011\/11\/24.jpg 510w, http:\/\/caballitotequiero.com.ar\/portal\/wp-content\/uploads\/2011\/11\/24-300x225.jpg 300w, http:\/\/caballitotequiero.com.ar\/portal\/wp-content\/uploads\/2011\/11\/24-80x60.jpg 80w\" sizes=\"auto, (max-width: 510px) 100vw, 510px\" \/><p id=\"caption-attachment-4408\" class=\"wp-caption-text\">Los botines del legendario arquero Marrapodi, fueron expuestos en el espacio de FCO en el Museo Perlotti.<\/p><\/div>\n<div id=\"attachment_4409\" style=\"width: 520px\" class=\"wp-caption alignleft\"><img loading=\"lazy\" decoding=\"async\" aria-describedby=\"caption-attachment-4409\" class=\"size-full wp-image-4409\" src=\"http:\/\/caballitotequiero.com.ar\/portal\/wp-content\/uploads\/2011\/11\/25.jpg\" alt=\"\" width=\"510\" height=\"383\" srcset=\"http:\/\/caballitotequiero.com.ar\/portal\/wp-content\/uploads\/2011\/11\/25.jpg 510w, http:\/\/caballitotequiero.com.ar\/portal\/wp-content\/uploads\/2011\/11\/25-300x225.jpg 300w, http:\/\/caballitotequiero.com.ar\/portal\/wp-content\/uploads\/2011\/11\/25-80x60.jpg 80w\" sizes=\"auto, (max-width: 510px) 100vw, 510px\" \/><p id=\"caption-attachment-4409\" class=\"wp-caption-text\">En el primer piso del museo estuvo presente con una muestra el Club Ferro Carril Oeste.<\/p><\/div>\n<div id=\"attachment_4410\" style=\"width: 520px\" class=\"wp-caption alignleft\"><img loading=\"lazy\" decoding=\"async\" aria-describedby=\"caption-attachment-4410\" class=\"size-full wp-image-4410\" src=\"http:\/\/caballitotequiero.com.ar\/portal\/wp-content\/uploads\/2011\/11\/26.jpg\" alt=\"\" width=\"510\" height=\"383\" srcset=\"http:\/\/caballitotequiero.com.ar\/portal\/wp-content\/uploads\/2011\/11\/26.jpg 510w, http:\/\/caballitotequiero.com.ar\/portal\/wp-content\/uploads\/2011\/11\/26-300x225.jpg 300w, http:\/\/caballitotequiero.com.ar\/portal\/wp-content\/uploads\/2011\/11\/26-80x60.jpg 80w\" sizes=\"auto, (max-width: 510px) 100vw, 510px\" \/><p id=\"caption-attachment-4410\" class=\"wp-caption-text\">El Club Ferro Carril Oeste se sum\u00f3 este a\u00f1o a La Noche de los Museos.<\/p><\/div>\n<div id=\"attachment_4411\" style=\"width: 520px\" class=\"wp-caption alignleft\"><img loading=\"lazy\" decoding=\"async\" aria-describedby=\"caption-attachment-4411\" class=\"size-full wp-image-4411\" src=\"http:\/\/caballitotequiero.com.ar\/portal\/wp-content\/uploads\/2011\/11\/27.jpg\" alt=\"\" width=\"510\" height=\"383\" srcset=\"http:\/\/caballitotequiero.com.ar\/portal\/wp-content\/uploads\/2011\/11\/27.jpg 510w, http:\/\/caballitotequiero.com.ar\/portal\/wp-content\/uploads\/2011\/11\/27-300x225.jpg 300w, http:\/\/caballitotequiero.com.ar\/portal\/wp-content\/uploads\/2011\/11\/27-80x60.jpg 80w\" sizes=\"auto, (max-width: 510px) 100vw, 510px\" \/><p id=\"caption-attachment-4411\" class=\"wp-caption-text\">En el hall del club se expusieron diversas obras realizadas para el concurso &quot;La Escultura en el Deporte&quot;<\/p><\/div>\n<div id=\"attachment_4412\" style=\"width: 520px\" class=\"wp-caption alignleft\"><img loading=\"lazy\" decoding=\"async\" aria-describedby=\"caption-attachment-4412\" class=\"size-full wp-image-4412\" src=\"http:\/\/caballitotequiero.com.ar\/portal\/wp-content\/uploads\/2011\/11\/28.jpg\" alt=\"\" width=\"510\" height=\"383\" srcset=\"http:\/\/caballitotequiero.com.ar\/portal\/wp-content\/uploads\/2011\/11\/28.jpg 510w, http:\/\/caballitotequiero.com.ar\/portal\/wp-content\/uploads\/2011\/11\/28-300x225.jpg 300w, http:\/\/caballitotequiero.com.ar\/portal\/wp-content\/uploads\/2011\/11\/28-80x60.jpg 80w\" sizes=\"auto, (max-width: 510px) 100vw, 510px\" \/><p id=\"caption-attachment-4412\" class=\"wp-caption-text\">Las puertas de la presidencia del club estuvieron abiertas para La Noche de los Museos.<\/p><\/div>\n<div id=\"attachment_4413\" style=\"width: 520px\" class=\"wp-caption alignleft\"><img loading=\"lazy\" decoding=\"async\" aria-describedby=\"caption-attachment-4413\" class=\"size-full wp-image-4413\" src=\"http:\/\/caballitotequiero.com.ar\/portal\/wp-content\/uploads\/2011\/11\/29.jpg\" alt=\"\" width=\"510\" height=\"383\" srcset=\"http:\/\/caballitotequiero.com.ar\/portal\/wp-content\/uploads\/2011\/11\/29.jpg 510w, http:\/\/caballitotequiero.com.ar\/portal\/wp-content\/uploads\/2011\/11\/29-300x225.jpg 300w, http:\/\/caballitotequiero.com.ar\/portal\/wp-content\/uploads\/2011\/11\/29-80x60.jpg 80w\" sizes=\"auto, (max-width: 510px) 100vw, 510px\" \/><p id=\"caption-attachment-4413\" class=\"wp-caption-text\">La Barber\u00eda &quot;La Epoca&quot; fue marco de diferentes charlas, entre ellos, su propietario, Miguel Barnes se refiri\u00f3 a la historia de las barber\u00edas.<\/p><\/div>\n<div id=\"attachment_4414\" style=\"width: 520px\" class=\"wp-caption alignleft\"><img loading=\"lazy\" decoding=\"async\" aria-describedby=\"caption-attachment-4414\" class=\"size-full wp-image-4414\" src=\"http:\/\/caballitotequiero.com.ar\/portal\/wp-content\/uploads\/2011\/11\/30.jpg\" alt=\"\" width=\"510\" height=\"383\" srcset=\"http:\/\/caballitotequiero.com.ar\/portal\/wp-content\/uploads\/2011\/11\/30.jpg 510w, http:\/\/caballitotequiero.com.ar\/portal\/wp-content\/uploads\/2011\/11\/30-300x225.jpg 300w, http:\/\/caballitotequiero.com.ar\/portal\/wp-content\/uploads\/2011\/11\/30-80x60.jpg 80w\" sizes=\"auto, (max-width: 510px) 100vw, 510px\" \/><p id=\"caption-attachment-4414\" class=\"wp-caption-text\">Una de las atracciones de Caballito: el Museo Ciencias Naturales.<\/p><\/div>\n<p><img loading=\"lazy\" decoding=\"async\" class=\"alignleft size-full wp-image-4415\" src=\"http:\/\/caballitotequiero.com.ar\/portal\/wp-content\/uploads\/2011\/11\/31.jpg\" alt=\"\" width=\"510\" height=\"383\" srcset=\"http:\/\/caballitotequiero.com.ar\/portal\/wp-content\/uploads\/2011\/11\/31.jpg 510w, http:\/\/caballitotequiero.com.ar\/portal\/wp-content\/uploads\/2011\/11\/31-300x225.jpg 300w, http:\/\/caballitotequiero.com.ar\/portal\/wp-content\/uploads\/2011\/11\/31-80x60.jpg 80w\" sizes=\"auto, (max-width: 510px) 100vw, 510px\" \/><\/p>\n<div id=\"attachment_4416\" style=\"width: 520px\" class=\"wp-caption alignleft\"><img loading=\"lazy\" decoding=\"async\" aria-describedby=\"caption-attachment-4416\" class=\"size-full wp-image-4416\" src=\"http:\/\/caballitotequiero.com.ar\/portal\/wp-content\/uploads\/2011\/11\/32.jpg\" alt=\"\" width=\"510\" height=\"383\" srcset=\"http:\/\/caballitotequiero.com.ar\/portal\/wp-content\/uploads\/2011\/11\/32.jpg 510w, http:\/\/caballitotequiero.com.ar\/portal\/wp-content\/uploads\/2011\/11\/32-300x225.jpg 300w, http:\/\/caballitotequiero.com.ar\/portal\/wp-content\/uploads\/2011\/11\/32-80x60.jpg 80w\" sizes=\"auto, (max-width: 510px) 100vw, 510px\" \/><p id=\"caption-attachment-4416\" class=\"wp-caption-text\">P\u00fablico conversando con los cient\u00edficos<\/p><\/div>\n<p><img loading=\"lazy\" decoding=\"async\" class=\"alignleft size-full wp-image-4417\" src=\"http:\/\/caballitotequiero.com.ar\/portal\/wp-content\/uploads\/2011\/11\/33.jpg\" alt=\"\" width=\"510\" height=\"383\" srcset=\"http:\/\/caballitotequiero.com.ar\/portal\/wp-content\/uploads\/2011\/11\/33.jpg 510w, http:\/\/caballitotequiero.com.ar\/portal\/wp-content\/uploads\/2011\/11\/33-300x225.jpg 300w, http:\/\/caballitotequiero.com.ar\/portal\/wp-content\/uploads\/2011\/11\/33-80x60.jpg 80w\" sizes=\"auto, (max-width: 510px) 100vw, 510px\" \/><\/p>\n<div id=\"attachment_4418\" style=\"width: 520px\" class=\"wp-caption alignleft\"><img loading=\"lazy\" decoding=\"async\" aria-describedby=\"caption-attachment-4418\" class=\"size-full wp-image-4418\" src=\"http:\/\/caballitotequiero.com.ar\/portal\/wp-content\/uploads\/2011\/11\/34.jpg\" alt=\"\" width=\"510\" height=\"400\" srcset=\"http:\/\/caballitotequiero.com.ar\/portal\/wp-content\/uploads\/2011\/11\/34.jpg 510w, http:\/\/caballitotequiero.com.ar\/portal\/wp-content\/uploads\/2011\/11\/34-300x235.jpg 300w\" sizes=\"auto, (max-width: 510px) 100vw, 510px\" \/><p id=\"caption-attachment-4418\" class=\"wp-caption-text\">la Asociaci\u00f3n Amigos de la Astronom\u00eda fue otro punto de inter\u00e9s en el Parque Centenario<\/p><\/div>\n<p><img loading=\"lazy\" decoding=\"async\" class=\"alignleft size-full wp-image-4419\" src=\"http:\/\/caballitotequiero.com.ar\/portal\/wp-content\/uploads\/2011\/11\/35.jpg\" alt=\"\" width=\"510\" height=\"382\" srcset=\"http:\/\/caballitotequiero.com.ar\/portal\/wp-content\/uploads\/2011\/11\/35.jpg 510w, http:\/\/caballitotequiero.com.ar\/portal\/wp-content\/uploads\/2011\/11\/35-300x224.jpg 300w, http:\/\/caballitotequiero.com.ar\/portal\/wp-content\/uploads\/2011\/11\/35-80x60.jpg 80w\" sizes=\"auto, (max-width: 510px) 100vw, 510px\" \/><\/p>\n","protected":false},"excerpt":{"rendered":"<p>El s\u00e1bado 12 de noviembre, la ya tradicional Noche de los Museos, organizada por el Ministerio de Cultura de la Ciudad de Buenos Aires, renov\u00f3 y, aument\u00f3, su ya acostumbrado \u00e9xito. Este a\u00f1o hubo 174 museos y espacios culturales que, participaron en 27 barrios porte\u00f1os y \u00a0visitaron las diferentes opciones m\u00e1s de 650.000 personas, contra [&hellip;]<\/p>\n","protected":false},"author":1,"featured_media":4420,"comment_status":"open","ping_status":"open","sticky":false,"template":"","format":"standard","meta":{"footnotes":""},"categories":[5],"tags":[],"class_list":["post-4384","post","type-post","status-publish","format-standard","has-post-thumbnail","hentry","category-noticias"],"_links":{"self":[{"href":"http:\/\/caballitotequiero.com.ar\/portal\/wp-json\/wp\/v2\/posts\/4384","targetHints":{"allow":["GET"]}}],"collection":[{"href":"http:\/\/caballitotequiero.com.ar\/portal\/wp-json\/wp\/v2\/posts"}],"about":[{"href":"http:\/\/caballitotequiero.com.ar\/portal\/wp-json\/wp\/v2\/types\/post"}],"author":[{"embeddable":true,"href":"http:\/\/caballitotequiero.com.ar\/portal\/wp-json\/wp\/v2\/users\/1"}],"replies":[{"embeddable":true,"href":"http:\/\/caballitotequiero.com.ar\/portal\/wp-json\/wp\/v2\/comments?post=4384"}],"version-history":[{"count":2,"href":"http:\/\/caballitotequiero.com.ar\/portal\/wp-json\/wp\/v2\/posts\/4384\/revisions"}],"predecessor-version":[{"id":4422,"href":"http:\/\/caballitotequiero.com.ar\/portal\/wp-json\/wp\/v2\/posts\/4384\/revisions\/4422"}],"wp:featuredmedia":[{"embeddable":true,"href":"http:\/\/caballitotequiero.com.ar\/portal\/wp-json\/wp\/v2\/media\/4420"}],"wp:attachment":[{"href":"http:\/\/caballitotequiero.com.ar\/portal\/wp-json\/wp\/v2\/media?parent=4384"}],"wp:term":[{"taxonomy":"category","embeddable":true,"href":"http:\/\/caballitotequiero.com.ar\/portal\/wp-json\/wp\/v2\/categories?post=4384"},{"taxonomy":"post_tag","embeddable":true,"href":"http:\/\/caballitotequiero.com.ar\/portal\/wp-json\/wp\/v2\/tags?post=4384"}],"curies":[{"name":"wp","href":"https:\/\/api.w.org\/{rel}","templated":true}]}}