{"id":4423,"date":"2011-11-15T11:16:24","date_gmt":"2011-11-15T14:16:24","guid":{"rendered":"http:\/\/caballitotequiero.com.ar\/portal\/?p=4423"},"modified":"2011-11-15T11:16:24","modified_gmt":"2011-11-15T14:16:24","slug":"ama-la-libertad-musical-del-instituto-cultural-marianista","status":"publish","type":"post","link":"http:\/\/caballitotequiero.com.ar\/portal\/2011\/11\/15\/ama-la-libertad-musical-del-instituto-cultural-marianista\/","title":{"rendered":"\u00abAMA LA LIBERTAD\u00bb MUSICAL DEL INSTITUTO CULTURAL MARIANISTA"},"content":{"rendered":"<p>El Instituto Cultural Marianista invita a la presentaci\u00f3n del musical \u00abAma la Libertad\u00bb \u00a0sobre Guillermo Chaminade que se realizar\u00e1 el viernes 18 de noviembre a las 20.30 hs. en el Auditorio Sabelli, ubicado en V\u00edctor Mart\u00ednez 52.<\/p>\n<p><img loading=\"lazy\" decoding=\"async\" class=\"alignleft size-full wp-image-4424\" src=\"http:\/\/caballitotequiero.com.ar\/portal\/wp-content\/uploads\/2011\/11\/marianista-grande.jpg\" alt=\"\" width=\"510\" height=\"742\" srcset=\"http:\/\/caballitotequiero.com.ar\/portal\/wp-content\/uploads\/2011\/11\/marianista-grande.jpg 510w, http:\/\/caballitotequiero.com.ar\/portal\/wp-content\/uploads\/2011\/11\/marianista-grande-206x300.jpg 206w\" sizes=\"auto, (max-width: 510px) 100vw, 510px\" \/><\/p>\n","protected":false},"excerpt":{"rendered":"<p>El Instituto Cultural Marianista invita a la presentaci\u00f3n del musical \u00abAma la Libertad\u00bb \u00a0sobre Guillermo Chaminade que se realizar\u00e1 el viernes 18 de noviembre a las 20.30 hs. en el Auditorio Sabelli, ubicado en V\u00edctor Mart\u00ednez 52.<\/p>\n","protected":false},"author":1,"featured_media":4425,"comment_status":"open","ping_status":"open","sticky":false,"template":"","format":"standard","meta":{"footnotes":""},"categories":[5],"tags":[],"class_list":["post-4423","post","type-post","status-publish","format-standard","has-post-thumbnail","hentry","category-noticias"],"_links":{"self":[{"href":"http:\/\/caballitotequiero.com.ar\/portal\/wp-json\/wp\/v2\/posts\/4423","targetHints":{"allow":["GET"]}}],"collection":[{"href":"http:\/\/caballitotequiero.com.ar\/portal\/wp-json\/wp\/v2\/posts"}],"about":[{"href":"http:\/\/caballitotequiero.com.ar\/portal\/wp-json\/wp\/v2\/types\/post"}],"author":[{"embeddable":true,"href":"http:\/\/caballitotequiero.com.ar\/portal\/wp-json\/wp\/v2\/users\/1"}],"replies":[{"embeddable":true,"href":"http:\/\/caballitotequiero.com.ar\/portal\/wp-json\/wp\/v2\/comments?post=4423"}],"version-history":[{"count":1,"href":"http:\/\/caballitotequiero.com.ar\/portal\/wp-json\/wp\/v2\/posts\/4423\/revisions"}],"predecessor-version":[{"id":4426,"href":"http:\/\/caballitotequiero.com.ar\/portal\/wp-json\/wp\/v2\/posts\/4423\/revisions\/4426"}],"wp:featuredmedia":[{"embeddable":true,"href":"http:\/\/caballitotequiero.com.ar\/portal\/wp-json\/wp\/v2\/media\/4425"}],"wp:attachment":[{"href":"http:\/\/caballitotequiero.com.ar\/portal\/wp-json\/wp\/v2\/media?parent=4423"}],"wp:term":[{"taxonomy":"category","embeddable":true,"href":"http:\/\/caballitotequiero.com.ar\/portal\/wp-json\/wp\/v2\/categories?post=4423"},{"taxonomy":"post_tag","embeddable":true,"href":"http:\/\/caballitotequiero.com.ar\/portal\/wp-json\/wp\/v2\/tags?post=4423"}],"curies":[{"name":"wp","href":"https:\/\/api.w.org\/{rel}","templated":true}]}}