{"id":4459,"date":"2011-11-22T00:50:03","date_gmt":"2011-11-22T03:50:03","guid":{"rendered":"http:\/\/caballitotequiero.com.ar\/portal\/?p=4459"},"modified":"2011-11-22T00:50:03","modified_gmt":"2011-11-22T03:50:03","slug":"accidente-fatal-en-el-parque-rivadavia","status":"publish","type":"post","link":"http:\/\/caballitotequiero.com.ar\/portal\/2011\/11\/22\/accidente-fatal-en-el-parque-rivadavia\/","title":{"rendered":"ACCIDENTE FATAL EN EL PARQUE RIVADAVIA"},"content":{"rendered":"<p>El domingo 20 de noviembre aproximadamente a las 21.00, en el Parque Rivadavia, ocurri\u00f3 un desgraciado accidente del cual fue v\u00edctima una ciudadana uruguaya.<\/p>\n<p>La se\u00f1ora Graciela Gal\u00edndez, de 64 a\u00f1os, se encontraba departiendo con dos amigas, sentadas en un banco que se encuentra debajo de un centenario eucaliptus cuando, debido a la fuerte tormenta que se abatiera sobre Buenos Aires el s\u00e1bado 19 de noviembre, una pesada rama se desgaj\u00f3, cayendo sobre la mujer.<\/p>\n<p>La se\u00f1ora Gal\u00edndez falleci\u00f3 instant\u00e1neamente a causa del fuerte golpe recibido.<\/p>\n<p>El SAME concurri\u00f3 al lugar, comprobando la muerte de la mujer, por lo cual tom\u00f3 intervenci\u00f3n la Comisar\u00eda 10\u00aa.<\/p>\n<p>El marido de la v\u00edctima debi\u00f3 ser atendido, debido a una crisis nerviosa, al llegar al lugar del accidente.<\/p>\n<p><img loading=\"lazy\" decoding=\"async\" class=\"alignleft size-full wp-image-4460\" src=\"http:\/\/caballitotequiero.com.ar\/portal\/wp-content\/uploads\/2011\/11\/parque-rivadavia-arbol.jpg\" alt=\"\" width=\"340\" height=\"454\" srcset=\"http:\/\/caballitotequiero.com.ar\/portal\/wp-content\/uploads\/2011\/11\/parque-rivadavia-arbol.jpg 340w, http:\/\/caballitotequiero.com.ar\/portal\/wp-content\/uploads\/2011\/11\/parque-rivadavia-arbol-224x300.jpg 224w\" sizes=\"auto, (max-width: 340px) 100vw, 340px\" \/><\/p>\n","protected":false},"excerpt":{"rendered":"<p>El domingo 20 de noviembre aproximadamente a las 21.00, en el Parque Rivadavia, ocurri\u00f3 un desgraciado accidente del cual fue v\u00edctima una ciudadana uruguaya. La se\u00f1ora Graciela Gal\u00edndez, de 64 a\u00f1os, se encontraba departiendo con dos amigas, sentadas en un banco que se encuentra debajo de un centenario eucaliptus cuando, debido a la fuerte tormenta [&hellip;]<\/p>\n","protected":false},"author":1,"featured_media":4461,"comment_status":"open","ping_status":"open","sticky":false,"template":"","format":"standard","meta":{"footnotes":""},"categories":[5],"tags":[],"class_list":["post-4459","post","type-post","status-publish","format-standard","has-post-thumbnail","hentry","category-noticias"],"_links":{"self":[{"href":"http:\/\/caballitotequiero.com.ar\/portal\/wp-json\/wp\/v2\/posts\/4459","targetHints":{"allow":["GET"]}}],"collection":[{"href":"http:\/\/caballitotequiero.com.ar\/portal\/wp-json\/wp\/v2\/posts"}],"about":[{"href":"http:\/\/caballitotequiero.com.ar\/portal\/wp-json\/wp\/v2\/types\/post"}],"author":[{"embeddable":true,"href":"http:\/\/caballitotequiero.com.ar\/portal\/wp-json\/wp\/v2\/users\/1"}],"replies":[{"embeddable":true,"href":"http:\/\/caballitotequiero.com.ar\/portal\/wp-json\/wp\/v2\/comments?post=4459"}],"version-history":[{"count":2,"href":"http:\/\/caballitotequiero.com.ar\/portal\/wp-json\/wp\/v2\/posts\/4459\/revisions"}],"predecessor-version":[{"id":4463,"href":"http:\/\/caballitotequiero.com.ar\/portal\/wp-json\/wp\/v2\/posts\/4459\/revisions\/4463"}],"wp:featuredmedia":[{"embeddable":true,"href":"http:\/\/caballitotequiero.com.ar\/portal\/wp-json\/wp\/v2\/media\/4461"}],"wp:attachment":[{"href":"http:\/\/caballitotequiero.com.ar\/portal\/wp-json\/wp\/v2\/media?parent=4459"}],"wp:term":[{"taxonomy":"category","embeddable":true,"href":"http:\/\/caballitotequiero.com.ar\/portal\/wp-json\/wp\/v2\/categories?post=4459"},{"taxonomy":"post_tag","embeddable":true,"href":"http:\/\/caballitotequiero.com.ar\/portal\/wp-json\/wp\/v2\/tags?post=4459"}],"curies":[{"name":"wp","href":"https:\/\/api.w.org\/{rel}","templated":true}]}}