{"id":4464,"date":"2011-11-22T01:01:39","date_gmt":"2011-11-22T04:01:39","guid":{"rendered":"http:\/\/caballitotequiero.com.ar\/portal\/?p=4464"},"modified":"2011-11-22T01:01:39","modified_gmt":"2011-11-22T04:01:39","slug":"muestra-de-fin-de-ano-del-centro-cultural-sebastian-piana","status":"publish","type":"post","link":"http:\/\/caballitotequiero.com.ar\/portal\/2011\/11\/22\/muestra-de-fin-de-ano-del-centro-cultural-sebastian-piana\/","title":{"rendered":"MUESTRA DE FIN DE A\u00d1O DEL CENTRO CULTURAL SEBASTI\u00c1N PIANA"},"content":{"rendered":"<p>El pr\u00f3ximo viernes 25 de noviembre, a las 19.30 hs., tendr\u00e1 lugar la muestra de fin de a\u00f1o de los talleres del Centro Cultural Sebasti\u00e1n Piana.<\/p>\n<p>La actividad se realizar\u00e1 con entrada libre y gratuita en Pu\u00e1n 360.<\/p>\n<p><img loading=\"lazy\" decoding=\"async\" class=\"alignleft size-full wp-image-4465\" src=\"http:\/\/caballitotequiero.com.ar\/portal\/wp-content\/uploads\/2011\/11\/cc-piana.jpg\" alt=\"\" width=\"510\" height=\"414\" srcset=\"http:\/\/caballitotequiero.com.ar\/portal\/wp-content\/uploads\/2011\/11\/cc-piana.jpg 510w, http:\/\/caballitotequiero.com.ar\/portal\/wp-content\/uploads\/2011\/11\/cc-piana-300x243.jpg 300w\" sizes=\"auto, (max-width: 510px) 100vw, 510px\" \/><\/p>\n","protected":false},"excerpt":{"rendered":"<p>El pr\u00f3ximo viernes 25 de noviembre, a las 19.30 hs., tendr\u00e1 lugar la muestra de fin de a\u00f1o de los talleres del Centro Cultural Sebasti\u00e1n Piana. La actividad se realizar\u00e1 con entrada libre y gratuita en Pu\u00e1n 360.<\/p>\n","protected":false},"author":1,"featured_media":4466,"comment_status":"open","ping_status":"open","sticky":false,"template":"","format":"standard","meta":{"footnotes":""},"categories":[5],"tags":[],"class_list":["post-4464","post","type-post","status-publish","format-standard","has-post-thumbnail","hentry","category-noticias"],"_links":{"self":[{"href":"http:\/\/caballitotequiero.com.ar\/portal\/wp-json\/wp\/v2\/posts\/4464","targetHints":{"allow":["GET"]}}],"collection":[{"href":"http:\/\/caballitotequiero.com.ar\/portal\/wp-json\/wp\/v2\/posts"}],"about":[{"href":"http:\/\/caballitotequiero.com.ar\/portal\/wp-json\/wp\/v2\/types\/post"}],"author":[{"embeddable":true,"href":"http:\/\/caballitotequiero.com.ar\/portal\/wp-json\/wp\/v2\/users\/1"}],"replies":[{"embeddable":true,"href":"http:\/\/caballitotequiero.com.ar\/portal\/wp-json\/wp\/v2\/comments?post=4464"}],"version-history":[{"count":1,"href":"http:\/\/caballitotequiero.com.ar\/portal\/wp-json\/wp\/v2\/posts\/4464\/revisions"}],"predecessor-version":[{"id":4467,"href":"http:\/\/caballitotequiero.com.ar\/portal\/wp-json\/wp\/v2\/posts\/4464\/revisions\/4467"}],"wp:featuredmedia":[{"embeddable":true,"href":"http:\/\/caballitotequiero.com.ar\/portal\/wp-json\/wp\/v2\/media\/4466"}],"wp:attachment":[{"href":"http:\/\/caballitotequiero.com.ar\/portal\/wp-json\/wp\/v2\/media?parent=4464"}],"wp:term":[{"taxonomy":"category","embeddable":true,"href":"http:\/\/caballitotequiero.com.ar\/portal\/wp-json\/wp\/v2\/categories?post=4464"},{"taxonomy":"post_tag","embeddable":true,"href":"http:\/\/caballitotequiero.com.ar\/portal\/wp-json\/wp\/v2\/tags?post=4464"}],"curies":[{"name":"wp","href":"https:\/\/api.w.org\/{rel}","templated":true}]}}