{"id":4501,"date":"2011-11-24T00:57:26","date_gmt":"2011-11-24T03:57:26","guid":{"rendered":"http:\/\/caballitotequiero.com.ar\/portal\/?p=4501"},"modified":"2011-11-24T01:10:43","modified_gmt":"2011-11-24T04:10:43","slug":"la-escuela-de-educacion-espacial-santa-cecilia-festejo-el-dia-de-su-patrona","status":"publish","type":"post","link":"http:\/\/caballitotequiero.com.ar\/portal\/2011\/11\/24\/la-escuela-de-educacion-espacial-santa-cecilia-festejo-el-dia-de-su-patrona\/","title":{"rendered":"LA ESCUELA DE EDUCACI\u00d3N ESPECIAL \u00abSANTA CECILIA\u00bb FESTEJ\u00d3 EL D\u00cdA DE SU PATRONA"},"content":{"rendered":"<p>El martes 22 de noviembre a las 14.00, la Escuela de Educaci\u00f3n Especial N\u00ba 33 \u201cSanta Cecilia\u201d, ubicada en Senillosa 650, festejo el D\u00eda de su Patrona.<\/p>\n<p>En honor a la Santa, el acto fue una verdadera fiesta de la m\u00fasica.<\/p>\n<p>Ante la presencia de la comunidad educativa de la Escuela, sus alumnos ofrecieron un excelente espect\u00e1culo musical.<\/p>\n<p>Con la activa participaci\u00f3n de las maestras, los ni\u00f1os mostraron sus virtuosas capacidades para ejecutar diversos instrumentos. Tambi\u00e9n fueron destacables los coros de los peque\u00f1os.<\/p>\n<p>Diferentes interpretaciones que, abarcaron desde la Oda a la Alegr\u00eda de Ludwig van Beethoven, hasta el candombe, conmovieron a las m\u00e1s de ochenta personas presentes.<\/p>\n<p>Una menci\u00f3n especial merecen dos alumnas que, interpretaron un tango. La excelente ejecuci\u00f3n del piano, acompa\u00f1o a una magnifica voz. M\u00e1s de dos minutos de cerrados aplausos premiaron a las int\u00e9rpretes.<\/p>\n<p>Las palabras finales, a cargo de Cecilia, directora del colegio, mostraron el amor y el compromiso de los docentes para que, estos ni\u00f1os, logren enfrentar la vida superando su condici\u00f3n de ciegos.<\/p>\n<p><img loading=\"lazy\" decoding=\"async\" class=\"alignleft size-full wp-image-4502\" src=\"http:\/\/caballitotequiero.com.ar\/portal\/wp-content\/uploads\/2011\/11\/0-0-santa-cecilia-1.jpg\" alt=\"\" width=\"510\" height=\"205\" srcset=\"http:\/\/caballitotequiero.com.ar\/portal\/wp-content\/uploads\/2011\/11\/0-0-santa-cecilia-1.jpg 510w, http:\/\/caballitotequiero.com.ar\/portal\/wp-content\/uploads\/2011\/11\/0-0-santa-cecilia-1-300x120.jpg 300w\" sizes=\"auto, (max-width: 510px) 100vw, 510px\" \/><img loading=\"lazy\" decoding=\"async\" class=\"alignleft size-full wp-image-4503\" src=\"http:\/\/caballitotequiero.com.ar\/portal\/wp-content\/uploads\/2011\/11\/0-0-santa-cecilia-2.jpg\" alt=\"\" width=\"510\" height=\"385\" srcset=\"http:\/\/caballitotequiero.com.ar\/portal\/wp-content\/uploads\/2011\/11\/0-0-santa-cecilia-2.jpg 510w, http:\/\/caballitotequiero.com.ar\/portal\/wp-content\/uploads\/2011\/11\/0-0-santa-cecilia-2-300x226.jpg 300w, http:\/\/caballitotequiero.com.ar\/portal\/wp-content\/uploads\/2011\/11\/0-0-santa-cecilia-2-80x60.jpg 80w\" sizes=\"auto, (max-width: 510px) 100vw, 510px\" \/><img loading=\"lazy\" decoding=\"async\" class=\"alignleft size-full wp-image-4504\" src=\"http:\/\/caballitotequiero.com.ar\/portal\/wp-content\/uploads\/2011\/11\/0-0-santa-cecilia-3.jpg\" alt=\"\" width=\"510\" height=\"360\" srcset=\"http:\/\/caballitotequiero.com.ar\/portal\/wp-content\/uploads\/2011\/11\/0-0-santa-cecilia-3.jpg 510w, http:\/\/caballitotequiero.com.ar\/portal\/wp-content\/uploads\/2011\/11\/0-0-santa-cecilia-3-300x211.jpg 300w\" sizes=\"auto, (max-width: 510px) 100vw, 510px\" \/><img loading=\"lazy\" decoding=\"async\" class=\"alignleft size-full wp-image-4505\" src=\"http:\/\/caballitotequiero.com.ar\/portal\/wp-content\/uploads\/2011\/11\/0-0-santa-cecilia-4.jpg\" alt=\"\" width=\"510\" height=\"391\" srcset=\"http:\/\/caballitotequiero.com.ar\/portal\/wp-content\/uploads\/2011\/11\/0-0-santa-cecilia-4.jpg 510w, http:\/\/caballitotequiero.com.ar\/portal\/wp-content\/uploads\/2011\/11\/0-0-santa-cecilia-4-300x230.jpg 300w, http:\/\/caballitotequiero.com.ar\/portal\/wp-content\/uploads\/2011\/11\/0-0-santa-cecilia-4-80x60.jpg 80w\" sizes=\"auto, (max-width: 510px) 100vw, 510px\" \/><img loading=\"lazy\" decoding=\"async\" class=\"alignleft size-full wp-image-4506\" src=\"http:\/\/caballitotequiero.com.ar\/portal\/wp-content\/uploads\/2011\/11\/0-0-santa-cecilia-5.jpg\" alt=\"\" width=\"510\" height=\"383\" srcset=\"http:\/\/caballitotequiero.com.ar\/portal\/wp-content\/uploads\/2011\/11\/0-0-santa-cecilia-5.jpg 510w, http:\/\/caballitotequiero.com.ar\/portal\/wp-content\/uploads\/2011\/11\/0-0-santa-cecilia-5-300x225.jpg 300w, http:\/\/caballitotequiero.com.ar\/portal\/wp-content\/uploads\/2011\/11\/0-0-santa-cecilia-5-80x60.jpg 80w\" sizes=\"auto, (max-width: 510px) 100vw, 510px\" \/><\/p>\n<div id=\"attachment_4507\" style=\"width: 520px\" class=\"wp-caption alignleft\"><img loading=\"lazy\" decoding=\"async\" aria-describedby=\"caption-attachment-4507\" class=\"size-full wp-image-4507\" src=\"http:\/\/caballitotequiero.com.ar\/portal\/wp-content\/uploads\/2011\/11\/0-0-santa-cecilia-6.jpg\" alt=\"\" width=\"510\" height=\"383\" srcset=\"http:\/\/caballitotequiero.com.ar\/portal\/wp-content\/uploads\/2011\/11\/0-0-santa-cecilia-6.jpg 510w, http:\/\/caballitotequiero.com.ar\/portal\/wp-content\/uploads\/2011\/11\/0-0-santa-cecilia-6-300x225.jpg 300w, http:\/\/caballitotequiero.com.ar\/portal\/wp-content\/uploads\/2011\/11\/0-0-santa-cecilia-6-80x60.jpg 80w\" sizes=\"auto, (max-width: 510px) 100vw, 510px\" \/><p id=\"caption-attachment-4507\" class=\"wp-caption-text\">Mar\u00eda Cecilia, directora de la Escuela, se refiri\u00f3 a la historia de Santa Cecilia y al esfuerzo que realizan los docentes con trabajo y con amor para llevar adelante esta instituci\u00f3n.<\/p><\/div>\n<p><strong>Lamentablemente algunos pol\u00edticos no ponen de manifiesto el mismo esfuerzo<\/strong><\/p>\n<p>Recordamos que el mi\u00e9rcoles 30 de marzo de este a\u00f1o, con motivo de la donaci\u00f3n de cinco impresoras Braile, al colegio, por parte del Rotary Club de Caballito; hubo un evento en el que tambi\u00e9n actuaron los chicos.<\/p>\n<p>Uno de ellos, agradeci\u00f3 la donaci\u00f3n y, como corolario a sus palabras dijo: \u201cGracias, Rotary Club, gracias por el esfuerzo y, no nos dejen nunca\u201d.<\/p>\n<p>En la oportunidad estuvo presente el legislador por la Coalici\u00f3n C\u00edvica: Sergio Abrevaya, vecino del barrio de Caballito.<\/p>\n<p>Posiblemente conmovido, como todos los presentes, por las palabras del alumno, se interioriz\u00f3 de las falencias de la escuela.<\/p>\n<p>Fue la propia directora quien le expres\u00f3 que, el papel especial requerido para las impresoras donadas por el Rotary Club Caballito, era muy caro. Los suministros de papel que hace el gobierno a la escuela, no son suficientes. \u00a0Dada la importancia que ese papel tiene, para la ense\u00f1anza, solicit\u00f3 al legislador su ayuda para disponer de ese necesario elemento.<\/p>\n<p>El legislador Abrevaya, delante de los cronistas de Horizonte y otros testigos, asegur\u00f3 su ayuda y expres\u00f3 textualmente: \u201cLas puertas de mi despacho est\u00e1n abiertas para lo que la escuela necesite\u201d.<\/p>\n<p>Ver nota: <a href=\"http:\/\/caballitotequiero.com.ar\/portal\/2011\/03\/31\/el-rotary-club-y-una-importante-donacion-a-la-escuela-santa-cecilia\/\">http:\/\/caballitotequiero.com.ar\/portal\/2011\/03\/31\/el-rotary-club-y-una-importante-donacion-a-la-escuela-santa-cecilia\/<\/a><\/p>\n<p>Hasta la fecha, el ni\u00f1o ciego que pidi\u00f3 que no los dejaran nunca\u2026 est\u00e1 solo. Las hojas de papel para las impresoras siguen racionadas.<\/p>\n<p>El legislador Sergio Abrevaya debe haber dejado las puertas de su despacho cerradas, con \u00e9l adentro y\u2026 perdido las llaves.<\/p>\n<p>El 10 de diciembre debe dejar su banca. Probablemente, para esa fecha, el personal de maestranza haya encontrado las llaves.<\/p>\n<div id=\"attachment_4516\" style=\"width: 520px\" class=\"wp-caption alignleft\"><img loading=\"lazy\" decoding=\"async\" aria-describedby=\"caption-attachment-4516\" class=\"size-full wp-image-4516\" src=\"http:\/\/caballitotequiero.com.ar\/portal\/wp-content\/uploads\/2011\/11\/0-0-santa-cecilia-abrevaya.jpg\" alt=\"\" width=\"510\" height=\"383\" srcset=\"http:\/\/caballitotequiero.com.ar\/portal\/wp-content\/uploads\/2011\/11\/0-0-santa-cecilia-abrevaya.jpg 510w, http:\/\/caballitotequiero.com.ar\/portal\/wp-content\/uploads\/2011\/11\/0-0-santa-cecilia-abrevaya-300x225.jpg 300w, http:\/\/caballitotequiero.com.ar\/portal\/wp-content\/uploads\/2011\/11\/0-0-santa-cecilia-abrevaya-80x60.jpg 80w\" sizes=\"auto, (max-width: 510px) 100vw, 510px\" \/><p id=\"caption-attachment-4516\" class=\"wp-caption-text\">El legislador Sergio Abrevaya manifest\u00f3 en el mes de marzo  que las puertas de su despacho est\u00e1n abiertas para escuchar las necesidades de la escuela.<\/p><\/div>\n","protected":false},"excerpt":{"rendered":"<p>El martes 22 de noviembre a las 14.00, la Escuela de Educaci\u00f3n Especial N\u00ba 33 \u201cSanta Cecilia\u201d, ubicada en Senillosa 650, festejo el D\u00eda de su Patrona. En honor a la Santa, el acto fue una verdadera fiesta de la m\u00fasica. Ante la presencia de la comunidad educativa de la Escuela, sus alumnos ofrecieron un [&hellip;]<\/p>\n","protected":false},"author":1,"featured_media":4508,"comment_status":"open","ping_status":"open","sticky":false,"template":"","format":"standard","meta":{"footnotes":""},"categories":[5],"tags":[],"class_list":["post-4501","post","type-post","status-publish","format-standard","has-post-thumbnail","hentry","category-noticias"],"_links":{"self":[{"href":"http:\/\/caballitotequiero.com.ar\/portal\/wp-json\/wp\/v2\/posts\/4501","targetHints":{"allow":["GET"]}}],"collection":[{"href":"http:\/\/caballitotequiero.com.ar\/portal\/wp-json\/wp\/v2\/posts"}],"about":[{"href":"http:\/\/caballitotequiero.com.ar\/portal\/wp-json\/wp\/v2\/types\/post"}],"author":[{"embeddable":true,"href":"http:\/\/caballitotequiero.com.ar\/portal\/wp-json\/wp\/v2\/users\/1"}],"replies":[{"embeddable":true,"href":"http:\/\/caballitotequiero.com.ar\/portal\/wp-json\/wp\/v2\/comments?post=4501"}],"version-history":[{"count":8,"href":"http:\/\/caballitotequiero.com.ar\/portal\/wp-json\/wp\/v2\/posts\/4501\/revisions"}],"predecessor-version":[{"id":4512,"href":"http:\/\/caballitotequiero.com.ar\/portal\/wp-json\/wp\/v2\/posts\/4501\/revisions\/4512"}],"wp:featuredmedia":[{"embeddable":true,"href":"http:\/\/caballitotequiero.com.ar\/portal\/wp-json\/wp\/v2\/media\/4508"}],"wp:attachment":[{"href":"http:\/\/caballitotequiero.com.ar\/portal\/wp-json\/wp\/v2\/media?parent=4501"}],"wp:term":[{"taxonomy":"category","embeddable":true,"href":"http:\/\/caballitotequiero.com.ar\/portal\/wp-json\/wp\/v2\/categories?post=4501"},{"taxonomy":"post_tag","embeddable":true,"href":"http:\/\/caballitotequiero.com.ar\/portal\/wp-json\/wp\/v2\/tags?post=4501"}],"curies":[{"name":"wp","href":"https:\/\/api.w.org\/{rel}","templated":true}]}}