{"id":4523,"date":"2011-11-24T15:41:28","date_gmt":"2011-11-24T18:41:28","guid":{"rendered":"http:\/\/caballitotequiero.com.ar\/portal\/?p=4523"},"modified":"2011-11-24T15:41:28","modified_gmt":"2011-11-24T18:41:28","slug":"derrumbe-de-una-medianera-en-av-diaz-velez-al-4900","status":"publish","type":"post","link":"http:\/\/caballitotequiero.com.ar\/portal\/2011\/11\/24\/derrumbe-de-una-medianera-en-av-diaz-velez-al-4900\/","title":{"rendered":"DERRUMBE DE UNA MEDIANERA EN AV. D\u00cdAZ V\u00c9LEZ AL 4900"},"content":{"rendered":"<p>El mi\u00e9rcoles 23 de noviembre, en las obras de demolici\u00f3n del edificio de la Obra Social del Personal Telef\u00f3nico, ubicado en Av. D\u00edaz V\u00e9lez al 4900, se desmoron\u00f3 parte de un muro medianero sobre una casa lindera.<\/p>\n<p>La ca\u00edda de escombros en el interior de la vivienda, sorprendi\u00f3 a su propietaria.<\/p>\n<p>Por fortuna no hubo que lamentar victimas, siendo tan solo los da\u00f1os materiales los que perjudicaron a la vecina en cuesti\u00f3n.<\/p>\n<p>Poco tiempo atr\u00e1s, la propietaria denuncio un robo en su domicilio. Aparentemente los delincuentes habr\u00edan ingresado por la obra de demolici\u00f3n. Seg\u00fan trascendi\u00f3, la misma vecina habr\u00eda solicitado a la empresa responsable que no colocara las pantallas protectoras para, as\u00ed, impedir el acceso a su vivienda.<\/p>\n<p>Este nuevo percance debiera poner en alerta a las autoridades responsables para intensificar los controles sobre las empresas constructoras y los recaudos que estas deben tomar, para evitar m\u00e1s accidentes de este tipo.<\/p>\n<div id=\"attachment_4525\" style=\"width: 520px\" class=\"wp-caption alignleft\"><img loading=\"lazy\" decoding=\"async\" aria-describedby=\"caption-attachment-4525\" class=\"size-full wp-image-4525\" src=\"http:\/\/caballitotequiero.com.ar\/portal\/wp-content\/uploads\/2011\/11\/0-diaz-velez-011.jpg\" alt=\"\" width=\"510\" height=\"383\" srcset=\"http:\/\/caballitotequiero.com.ar\/portal\/wp-content\/uploads\/2011\/11\/0-diaz-velez-011.jpg 510w, http:\/\/caballitotequiero.com.ar\/portal\/wp-content\/uploads\/2011\/11\/0-diaz-velez-011-300x225.jpg 300w, http:\/\/caballitotequiero.com.ar\/portal\/wp-content\/uploads\/2011\/11\/0-diaz-velez-011-80x60.jpg 80w\" sizes=\"auto, (max-width: 510px) 100vw, 510px\" \/><p id=\"caption-attachment-4525\" class=\"wp-caption-text\">Demolici\u00f3n en la avenida D\u00edaz V\u00e9lez al 4900<\/p><\/div>\n<p><img loading=\"lazy\" decoding=\"async\" class=\"alignleft size-full wp-image-4526\" src=\"http:\/\/caballitotequiero.com.ar\/portal\/wp-content\/uploads\/2011\/11\/0-diaz-velez-02.jpg\" alt=\"\" width=\"510\" height=\"383\" srcset=\"http:\/\/caballitotequiero.com.ar\/portal\/wp-content\/uploads\/2011\/11\/0-diaz-velez-02.jpg 510w, http:\/\/caballitotequiero.com.ar\/portal\/wp-content\/uploads\/2011\/11\/0-diaz-velez-02-300x225.jpg 300w, http:\/\/caballitotequiero.com.ar\/portal\/wp-content\/uploads\/2011\/11\/0-diaz-velez-02-80x60.jpg 80w\" sizes=\"auto, (max-width: 510px) 100vw, 510px\" \/><img loading=\"lazy\" decoding=\"async\" class=\"alignleft size-full wp-image-4527\" src=\"http:\/\/caballitotequiero.com.ar\/portal\/wp-content\/uploads\/2011\/11\/0-diaz-velez-03.jpg\" alt=\"\" width=\"510\" height=\"383\" srcset=\"http:\/\/caballitotequiero.com.ar\/portal\/wp-content\/uploads\/2011\/11\/0-diaz-velez-03.jpg 510w, http:\/\/caballitotequiero.com.ar\/portal\/wp-content\/uploads\/2011\/11\/0-diaz-velez-03-300x225.jpg 300w, http:\/\/caballitotequiero.com.ar\/portal\/wp-content\/uploads\/2011\/11\/0-diaz-velez-03-80x60.jpg 80w\" sizes=\"auto, (max-width: 510px) 100vw, 510px\" \/><img loading=\"lazy\" decoding=\"async\" class=\"alignleft size-full wp-image-4528\" src=\"http:\/\/caballitotequiero.com.ar\/portal\/wp-content\/uploads\/2011\/11\/0-diaz-velez-1.jpg\" alt=\"\" width=\"510\" height=\"341\" srcset=\"http:\/\/caballitotequiero.com.ar\/portal\/wp-content\/uploads\/2011\/11\/0-diaz-velez-1.jpg 510w, http:\/\/caballitotequiero.com.ar\/portal\/wp-content\/uploads\/2011\/11\/0-diaz-velez-1-300x200.jpg 300w\" sizes=\"auto, (max-width: 510px) 100vw, 510px\" \/><\/p>\n","protected":false},"excerpt":{"rendered":"<p>El mi\u00e9rcoles 23 de noviembre, en las obras de demolici\u00f3n del edificio de la Obra Social del Personal Telef\u00f3nico, ubicado en Av. D\u00edaz V\u00e9lez al 4900, se desmoron\u00f3 parte de un muro medianero sobre una casa lindera. La ca\u00edda de escombros en el interior de la vivienda, sorprendi\u00f3 a su propietaria. Por fortuna no hubo [&hellip;]<\/p>\n","protected":false},"author":1,"featured_media":4529,"comment_status":"open","ping_status":"open","sticky":false,"template":"","format":"standard","meta":{"footnotes":""},"categories":[5],"tags":[],"class_list":["post-4523","post","type-post","status-publish","format-standard","has-post-thumbnail","hentry","category-noticias"],"_links":{"self":[{"href":"http:\/\/caballitotequiero.com.ar\/portal\/wp-json\/wp\/v2\/posts\/4523","targetHints":{"allow":["GET"]}}],"collection":[{"href":"http:\/\/caballitotequiero.com.ar\/portal\/wp-json\/wp\/v2\/posts"}],"about":[{"href":"http:\/\/caballitotequiero.com.ar\/portal\/wp-json\/wp\/v2\/types\/post"}],"author":[{"embeddable":true,"href":"http:\/\/caballitotequiero.com.ar\/portal\/wp-json\/wp\/v2\/users\/1"}],"replies":[{"embeddable":true,"href":"http:\/\/caballitotequiero.com.ar\/portal\/wp-json\/wp\/v2\/comments?post=4523"}],"version-history":[{"count":1,"href":"http:\/\/caballitotequiero.com.ar\/portal\/wp-json\/wp\/v2\/posts\/4523\/revisions"}],"predecessor-version":[{"id":4530,"href":"http:\/\/caballitotequiero.com.ar\/portal\/wp-json\/wp\/v2\/posts\/4523\/revisions\/4530"}],"wp:featuredmedia":[{"embeddable":true,"href":"http:\/\/caballitotequiero.com.ar\/portal\/wp-json\/wp\/v2\/media\/4529"}],"wp:attachment":[{"href":"http:\/\/caballitotequiero.com.ar\/portal\/wp-json\/wp\/v2\/media?parent=4523"}],"wp:term":[{"taxonomy":"category","embeddable":true,"href":"http:\/\/caballitotequiero.com.ar\/portal\/wp-json\/wp\/v2\/categories?post=4523"},{"taxonomy":"post_tag","embeddable":true,"href":"http:\/\/caballitotequiero.com.ar\/portal\/wp-json\/wp\/v2\/tags?post=4523"}],"curies":[{"name":"wp","href":"https:\/\/api.w.org\/{rel}","templated":true}]}}