{"id":4542,"date":"2011-11-25T01:29:06","date_gmt":"2011-11-25T04:29:06","guid":{"rendered":"http:\/\/caballitotequiero.com.ar\/portal\/?p=4542"},"modified":"2011-11-25T01:30:17","modified_gmt":"2011-11-25T04:30:17","slug":"quedo-formalmente-inaugurado-el-tomografo-del-hospital-durand","status":"publish","type":"post","link":"http:\/\/caballitotequiero.com.ar\/portal\/2011\/11\/25\/quedo-formalmente-inaugurado-el-tomografo-del-hospital-durand\/","title":{"rendered":"QUED\u00d3 FORMALMENTE INAUGURADO EL TOM\u00d3GRAFO DEL HOSPITAL DURAND"},"content":{"rendered":"<p>El jueves 24 de noviembre a las 15.00, se inauguro oficialmente el nuevo Servicio de Tomograf\u00eda en el Hospital Carlos A. Durand.<\/p>\n<p>Con la presencia del Jefe de Gobierno, Mauricio Macri; el Ministro de Salud, Dr. Jorge Lemus; el director del hospital, Dr. Carlos Rosales; la Directora de la Regi\u00f3n Sanitaria N\u00famero III, Dra. Norma Gold\u00edn; el director del Instituto Pasteur, Dr. Oscar Lencinas; los directores t\u00e9cnicos, de la empresa Grupo Argus propietaria del tom\u00f3grafo, Dres. Aldo Kleiman, Juan Mazzucco y Alejandro Cadena Berecoechea.<\/p>\n<p>Tambi\u00e9n estuvieron presentes Susana Esposito, comunera electa de la Comuna 6 y Marcelo Hotasegui y Liliana Fuente, presidente y vicepresidente de la Asociaci\u00f3n Civil Caballito Puede.<\/p>\n<p>El nuevo tom\u00f3grafo computado helicoidal pertenece a la familia multicortes de 16 pistas y, por ser de \u00faltima generaci\u00f3n, permite realizar alrededor de 2000 estudios mensuales.<br \/>\nPosibilita<strong> <\/strong>regular las dosis de Rayos X<strong> <\/strong>con el fin de atenuar el impacto de las radiaciones en el organismo y, como herramienta de precisi\u00f3n, gu\u00eda las intervenciones en forma m\u00ednimamente invasiva para drenajes, biopsias por punci\u00f3n, artrograf\u00edas y bloqueos espinales.<\/p>\n<p>En realidad el tom\u00f3grafo esta funcionando desde el mes de septiembre, con la consecuente atenci\u00f3n de pacientes.<\/p>\n<p>Antes de comenzar el acto de inauguraci\u00f3n y, con los invitados reunidos en el lugar, los m\u00e9dicos y operadores del tom\u00f3grafo, atendieron a un paciente trasladado por el SAME. Al t\u00e9rmino de los estudios realizados al paciente, arribaba al lugar el Jefe de Gobierno.<\/p>\n<p>Cabe destacar \u00a0el compromiso y trabajo realizado por m\u00e1s de dos a\u00f1os, \u00a0por parte de la Asociaci\u00f3n Civil Caballito Puede, que lograron la atenci\u00f3n del GCABA, quien dispuso las acciones necesarias para proveer el equipo al Hospital Durand.<\/p>\n<p>La Asociaci\u00f3n comenz\u00f3 a recolectar firmas de los vecinos de Caballito, llegando a reunir m\u00e1s de dos mil firmas solicitando el tom\u00f3grafo. Estas fueron presentadas ante el Ministerio de Salud de la ciudad.<\/p>\n<p>Luego continuaron las gestiones, presentaciones y seguimiento del tr\u00e1mite hasta lograr el objetivo propuesto.<\/p>\n<p>La inauguraci\u00f3n del tom\u00f3grafo en el Durand, es una clara muestra de c\u00f3mo, los ciudadanos organizados, sin necesidad de cortar calles, gritar e insultar al gobierno de turno, pueden lograr que el gobierno los escuche.<\/p>\n<p>Esa actitud positiva y constructiva de los vecinos y la Asociaci\u00f3n Civil Caballito Puede, junto a la voluntad de los funcionarios, hoy permite que, m\u00e1s de 24 mil pacientes del barrio, la ciudad, las provincias e, incluso, pa\u00edses lim\u00edtrofes, puedan acceder a un complejo estudio sin ning\u00fan costo.<\/p>\n<p>El tom\u00f3grafo del Hospital Durand ha sido un logro de los vecinos, \u00a0de una Asociaci\u00f3n dispuesta a trabajar, en silencio, por el barrio de Caballito y de una administraci\u00f3n dispuesta a escuchar y solucionar las falencias.<\/p>\n<p><img loading=\"lazy\" decoding=\"async\" class=\"alignleft size-full wp-image-4543\" src=\"http:\/\/caballitotequiero.com.ar\/portal\/wp-content\/uploads\/2011\/11\/0-0-0-tomografo-1.jpg\" alt=\"\" width=\"510\" height=\"362\" srcset=\"http:\/\/caballitotequiero.com.ar\/portal\/wp-content\/uploads\/2011\/11\/0-0-0-tomografo-1.jpg 510w, http:\/\/caballitotequiero.com.ar\/portal\/wp-content\/uploads\/2011\/11\/0-0-0-tomografo-1-300x212.jpg 300w\" sizes=\"auto, (max-width: 510px) 100vw, 510px\" \/><\/p>\n<div id=\"attachment_4544\" style=\"width: 520px\" class=\"wp-caption alignleft\"><img loading=\"lazy\" decoding=\"async\" aria-describedby=\"caption-attachment-4544\" class=\"size-full wp-image-4544\" src=\"http:\/\/caballitotequiero.com.ar\/portal\/wp-content\/uploads\/2011\/11\/0-0-0-tomografo-2.jpg\" alt=\"\" width=\"510\" height=\"383\" srcset=\"http:\/\/caballitotequiero.com.ar\/portal\/wp-content\/uploads\/2011\/11\/0-0-0-tomografo-2.jpg 510w, http:\/\/caballitotequiero.com.ar\/portal\/wp-content\/uploads\/2011\/11\/0-0-0-tomografo-2-300x225.jpg 300w, http:\/\/caballitotequiero.com.ar\/portal\/wp-content\/uploads\/2011\/11\/0-0-0-tomografo-2-80x60.jpg 80w\" sizes=\"auto, (max-width: 510px) 100vw, 510px\" \/><p id=\"caption-attachment-4544\" class=\"wp-caption-text\">El jefe de gobierno fue recibido por el ministro de salud, Jorge Lemus, y por la Dra. Goldin, directora de la Regi\u00f3n Sanitaria III<\/p><\/div>\n<div id=\"attachment_4545\" style=\"width: 520px\" class=\"wp-caption alignleft\"><img loading=\"lazy\" decoding=\"async\" aria-describedby=\"caption-attachment-4545\" class=\"size-full wp-image-4545\" src=\"http:\/\/caballitotequiero.com.ar\/portal\/wp-content\/uploads\/2011\/11\/0-0-0-tomografo-3.jpg\" alt=\"\" width=\"510\" height=\"383\" srcset=\"http:\/\/caballitotequiero.com.ar\/portal\/wp-content\/uploads\/2011\/11\/0-0-0-tomografo-3.jpg 510w, http:\/\/caballitotequiero.com.ar\/portal\/wp-content\/uploads\/2011\/11\/0-0-0-tomografo-3-300x225.jpg 300w, http:\/\/caballitotequiero.com.ar\/portal\/wp-content\/uploads\/2011\/11\/0-0-0-tomografo-3-80x60.jpg 80w\" sizes=\"auto, (max-width: 510px) 100vw, 510px\" \/><p id=\"caption-attachment-4545\" class=\"wp-caption-text\">Mauricio Macri recorri\u00f3 la instalaciones mientras los t\u00e9cnicos explicaban el funcionamiento de los equipos<\/p><\/div>\n<div id=\"attachment_4546\" style=\"width: 520px\" class=\"wp-caption alignleft\"><img loading=\"lazy\" decoding=\"async\" aria-describedby=\"caption-attachment-4546\" class=\"size-full wp-image-4546\" src=\"http:\/\/caballitotequiero.com.ar\/portal\/wp-content\/uploads\/2011\/11\/0-0-0-tomografo-4.jpg\" alt=\"\" width=\"510\" height=\"345\" srcset=\"http:\/\/caballitotequiero.com.ar\/portal\/wp-content\/uploads\/2011\/11\/0-0-0-tomografo-4.jpg 510w, http:\/\/caballitotequiero.com.ar\/portal\/wp-content\/uploads\/2011\/11\/0-0-0-tomografo-4-300x202.jpg 300w\" sizes=\"auto, (max-width: 510px) 100vw, 510px\" \/><p id=\"caption-attachment-4546\" class=\"wp-caption-text\">El Dr. Rosales, director del Hospital Durand, acompa\u00f1\u00f3 al jefe de gobierno en su recorrida<\/p><\/div>\n<p><img loading=\"lazy\" decoding=\"async\" class=\"alignleft size-full wp-image-4547\" src=\"http:\/\/caballitotequiero.com.ar\/portal\/wp-content\/uploads\/2011\/11\/0-0-0-tomografo-5.jpg\" alt=\"\" width=\"510\" height=\"383\" srcset=\"http:\/\/caballitotequiero.com.ar\/portal\/wp-content\/uploads\/2011\/11\/0-0-0-tomografo-5.jpg 510w, http:\/\/caballitotequiero.com.ar\/portal\/wp-content\/uploads\/2011\/11\/0-0-0-tomografo-5-300x225.jpg 300w, http:\/\/caballitotequiero.com.ar\/portal\/wp-content\/uploads\/2011\/11\/0-0-0-tomografo-5-80x60.jpg 80w\" sizes=\"auto, (max-width: 510px) 100vw, 510px\" \/><\/p>\n<div id=\"attachment_4548\" style=\"width: 520px\" class=\"wp-caption alignleft\"><img loading=\"lazy\" decoding=\"async\" aria-describedby=\"caption-attachment-4548\" class=\"size-full wp-image-4548\" src=\"http:\/\/caballitotequiero.com.ar\/portal\/wp-content\/uploads\/2011\/11\/0-0-0-tomografo-6.jpg\" alt=\"\" width=\"510\" height=\"383\" srcset=\"http:\/\/caballitotequiero.com.ar\/portal\/wp-content\/uploads\/2011\/11\/0-0-0-tomografo-6.jpg 510w, http:\/\/caballitotequiero.com.ar\/portal\/wp-content\/uploads\/2011\/11\/0-0-0-tomografo-6-300x225.jpg 300w, http:\/\/caballitotequiero.com.ar\/portal\/wp-content\/uploads\/2011\/11\/0-0-0-tomografo-6-80x60.jpg 80w\" sizes=\"auto, (max-width: 510px) 100vw, 510px\" \/><p id=\"caption-attachment-4548\" class=\"wp-caption-text\">Marcelo Hotasegui, Liliana Fuente y Carlos Blas\u00f3n, integrantes de la Asociaci\u00f3n Caballito Puede, junto al Director M\u00e9dico, Dr. Juan Mazzucco y el Jefe de Servicio, Dr. Alejandro Cadena Berecoechea<\/p><\/div>\n<p><img loading=\"lazy\" decoding=\"async\" class=\"alignleft size-full wp-image-4549\" src=\"http:\/\/caballitotequiero.com.ar\/portal\/wp-content\/uploads\/2011\/11\/0-0-0-tomografo-7.jpg\" alt=\"\" width=\"510\" height=\"383\" srcset=\"http:\/\/caballitotequiero.com.ar\/portal\/wp-content\/uploads\/2011\/11\/0-0-0-tomografo-7.jpg 510w, http:\/\/caballitotequiero.com.ar\/portal\/wp-content\/uploads\/2011\/11\/0-0-0-tomografo-7-300x225.jpg 300w, http:\/\/caballitotequiero.com.ar\/portal\/wp-content\/uploads\/2011\/11\/0-0-0-tomografo-7-80x60.jpg 80w\" sizes=\"auto, (max-width: 510px) 100vw, 510px\" \/><\/p>\n<div id=\"attachment_4550\" style=\"width: 520px\" class=\"wp-caption alignleft\"><img loading=\"lazy\" decoding=\"async\" aria-describedby=\"caption-attachment-4550\" class=\"size-full wp-image-4550\" src=\"http:\/\/caballitotequiero.com.ar\/portal\/wp-content\/uploads\/2011\/11\/0-0-0-tomografo-8.jpg\" alt=\"\" width=\"510\" height=\"395\" srcset=\"http:\/\/caballitotequiero.com.ar\/portal\/wp-content\/uploads\/2011\/11\/0-0-0-tomografo-8.jpg 510w, http:\/\/caballitotequiero.com.ar\/portal\/wp-content\/uploads\/2011\/11\/0-0-0-tomografo-8-300x232.jpg 300w\" sizes=\"auto, (max-width: 510px) 100vw, 510px\" \/><p id=\"caption-attachment-4550\" class=\"wp-caption-text\">Marcelo Hotasegui y Liliana Fuente fueron felicitados por  Mauricio Macri por la gesti\u00f3n realizada.<\/p><\/div>\n<div id=\"attachment_4551\" style=\"width: 520px\" class=\"wp-caption alignleft\"><img loading=\"lazy\" decoding=\"async\" aria-describedby=\"caption-attachment-4551\" class=\"size-full wp-image-4551\" src=\"http:\/\/caballitotequiero.com.ar\/portal\/wp-content\/uploads\/2011\/11\/0-0-0-tomografo-9.jpg\" alt=\"\" width=\"510\" height=\"383\" srcset=\"http:\/\/caballitotequiero.com.ar\/portal\/wp-content\/uploads\/2011\/11\/0-0-0-tomografo-9.jpg 510w, http:\/\/caballitotequiero.com.ar\/portal\/wp-content\/uploads\/2011\/11\/0-0-0-tomografo-9-300x225.jpg 300w, http:\/\/caballitotequiero.com.ar\/portal\/wp-content\/uploads\/2011\/11\/0-0-0-tomografo-9-80x60.jpg 80w\" sizes=\"auto, (max-width: 510px) 100vw, 510px\" \/><p id=\"caption-attachment-4551\" class=\"wp-caption-text\">Susana Esp\u00f3sito, integrante de la nueva Junta Comunal de Caballito, junto al Dr. Rosales, director del Hospital y los integrantes de Caballito Puede.<\/p><\/div>\n<p><img loading=\"lazy\" decoding=\"async\" class=\"alignleft size-full wp-image-4552\" src=\"http:\/\/caballitotequiero.com.ar\/portal\/wp-content\/uploads\/2011\/11\/0-0-0-tomografo-10.jpg\" alt=\"\" width=\"510\" height=\"383\" srcset=\"http:\/\/caballitotequiero.com.ar\/portal\/wp-content\/uploads\/2011\/11\/0-0-0-tomografo-10.jpg 510w, http:\/\/caballitotequiero.com.ar\/portal\/wp-content\/uploads\/2011\/11\/0-0-0-tomografo-10-300x225.jpg 300w, http:\/\/caballitotequiero.com.ar\/portal\/wp-content\/uploads\/2011\/11\/0-0-0-tomografo-10-80x60.jpg 80w\" sizes=\"auto, (max-width: 510px) 100vw, 510px\" \/><img loading=\"lazy\" decoding=\"async\" class=\"alignleft size-full wp-image-4553\" src=\"http:\/\/caballitotequiero.com.ar\/portal\/wp-content\/uploads\/2011\/11\/0-0-0-tomografo-11.jpg\" alt=\"\" width=\"510\" height=\"383\" srcset=\"http:\/\/caballitotequiero.com.ar\/portal\/wp-content\/uploads\/2011\/11\/0-0-0-tomografo-11.jpg 510w, http:\/\/caballitotequiero.com.ar\/portal\/wp-content\/uploads\/2011\/11\/0-0-0-tomografo-11-300x225.jpg 300w, http:\/\/caballitotequiero.com.ar\/portal\/wp-content\/uploads\/2011\/11\/0-0-0-tomografo-11-80x60.jpg 80w\" sizes=\"auto, (max-width: 510px) 100vw, 510px\" \/><img loading=\"lazy\" decoding=\"async\" class=\"alignleft size-full wp-image-4554\" src=\"http:\/\/caballitotequiero.com.ar\/portal\/wp-content\/uploads\/2011\/11\/0-0-0-tomografo-12.jpg\" alt=\"\" width=\"510\" height=\"383\" srcset=\"http:\/\/caballitotequiero.com.ar\/portal\/wp-content\/uploads\/2011\/11\/0-0-0-tomografo-12.jpg 510w, http:\/\/caballitotequiero.com.ar\/portal\/wp-content\/uploads\/2011\/11\/0-0-0-tomografo-12-300x225.jpg 300w, http:\/\/caballitotequiero.com.ar\/portal\/wp-content\/uploads\/2011\/11\/0-0-0-tomografo-12-80x60.jpg 80w\" sizes=\"auto, (max-width: 510px) 100vw, 510px\" \/><\/p>\n","protected":false},"excerpt":{"rendered":"<p>El jueves 24 de noviembre a las 15.00, se inauguro oficialmente el nuevo Servicio de Tomograf\u00eda en el Hospital Carlos A. Durand. Con la presencia del Jefe de Gobierno, Mauricio Macri; el Ministro de Salud, Dr. Jorge Lemus; el director del hospital, Dr. Carlos Rosales; la Directora de la Regi\u00f3n Sanitaria N\u00famero III, Dra. Norma [&hellip;]<\/p>\n","protected":false},"author":1,"featured_media":4555,"comment_status":"open","ping_status":"open","sticky":false,"template":"","format":"standard","meta":{"footnotes":""},"categories":[5],"tags":[],"class_list":["post-4542","post","type-post","status-publish","format-standard","has-post-thumbnail","hentry","category-noticias"],"_links":{"self":[{"href":"http:\/\/caballitotequiero.com.ar\/portal\/wp-json\/wp\/v2\/posts\/4542","targetHints":{"allow":["GET"]}}],"collection":[{"href":"http:\/\/caballitotequiero.com.ar\/portal\/wp-json\/wp\/v2\/posts"}],"about":[{"href":"http:\/\/caballitotequiero.com.ar\/portal\/wp-json\/wp\/v2\/types\/post"}],"author":[{"embeddable":true,"href":"http:\/\/caballitotequiero.com.ar\/portal\/wp-json\/wp\/v2\/users\/1"}],"replies":[{"embeddable":true,"href":"http:\/\/caballitotequiero.com.ar\/portal\/wp-json\/wp\/v2\/comments?post=4542"}],"version-history":[{"count":3,"href":"http:\/\/caballitotequiero.com.ar\/portal\/wp-json\/wp\/v2\/posts\/4542\/revisions"}],"predecessor-version":[{"id":4557,"href":"http:\/\/caballitotequiero.com.ar\/portal\/wp-json\/wp\/v2\/posts\/4542\/revisions\/4557"}],"wp:featuredmedia":[{"embeddable":true,"href":"http:\/\/caballitotequiero.com.ar\/portal\/wp-json\/wp\/v2\/media\/4555"}],"wp:attachment":[{"href":"http:\/\/caballitotequiero.com.ar\/portal\/wp-json\/wp\/v2\/media?parent=4542"}],"wp:term":[{"taxonomy":"category","embeddable":true,"href":"http:\/\/caballitotequiero.com.ar\/portal\/wp-json\/wp\/v2\/categories?post=4542"},{"taxonomy":"post_tag","embeddable":true,"href":"http:\/\/caballitotequiero.com.ar\/portal\/wp-json\/wp\/v2\/tags?post=4542"}],"curies":[{"name":"wp","href":"https:\/\/api.w.org\/{rel}","templated":true}]}}