{"id":4575,"date":"2011-11-26T01:36:36","date_gmt":"2011-11-26T04:36:36","guid":{"rendered":"http:\/\/caballitotequiero.com.ar\/portal\/?p=4575"},"modified":"2011-11-26T01:36:36","modified_gmt":"2011-11-26T04:36:36","slug":"musica-de-cine-en-la-escuela-normal-n%c2%ba4","status":"publish","type":"post","link":"http:\/\/caballitotequiero.com.ar\/portal\/2011\/11\/26\/musica-de-cine-en-la-escuela-normal-n%c2%ba4\/","title":{"rendered":"M\u00daSICA DE CINE EN LA ESCUELA NORMAL N\u00ba4"},"content":{"rendered":"<p>Los d\u00edas s\u00e1bado 3 y domingo 4 de diciembre a las 20 hs, tendr\u00e1 lugar un espect\u00e1culo multimedia en el Sal\u00f3n de Actos de la Escuela Normal N\u00ba4, Rivadavia 4950.<\/p>\n<p>Ser\u00e1n dos \u00fanicos conciertos donde habr\u00e1 coros, canciones y m\u00fasica de pel\u00edculas en vivo.<\/p>\n<p><img loading=\"lazy\" decoding=\"async\" class=\"alignleft size-full wp-image-4576\" src=\"http:\/\/caballitotequiero.com.ar\/portal\/wp-content\/uploads\/2011\/11\/coro-normal-4.jpg\" alt=\"\" width=\"510\" height=\"720\" srcset=\"http:\/\/caballitotequiero.com.ar\/portal\/wp-content\/uploads\/2011\/11\/coro-normal-4.jpg 510w, http:\/\/caballitotequiero.com.ar\/portal\/wp-content\/uploads\/2011\/11\/coro-normal-4-212x300.jpg 212w\" sizes=\"auto, (max-width: 510px) 100vw, 510px\" \/><\/p>\n","protected":false},"excerpt":{"rendered":"<p>Los d\u00edas s\u00e1bado 3 y domingo 4 de diciembre a las 20 hs, tendr\u00e1 lugar un espect\u00e1culo multimedia en el Sal\u00f3n de Actos de la Escuela Normal N\u00ba4, Rivadavia 4950. Ser\u00e1n dos \u00fanicos conciertos donde habr\u00e1 coros, canciones y m\u00fasica de pel\u00edculas en vivo.<\/p>\n","protected":false},"author":1,"featured_media":4577,"comment_status":"open","ping_status":"open","sticky":false,"template":"","format":"standard","meta":{"footnotes":""},"categories":[5],"tags":[],"class_list":["post-4575","post","type-post","status-publish","format-standard","has-post-thumbnail","hentry","category-noticias"],"_links":{"self":[{"href":"http:\/\/caballitotequiero.com.ar\/portal\/wp-json\/wp\/v2\/posts\/4575","targetHints":{"allow":["GET"]}}],"collection":[{"href":"http:\/\/caballitotequiero.com.ar\/portal\/wp-json\/wp\/v2\/posts"}],"about":[{"href":"http:\/\/caballitotequiero.com.ar\/portal\/wp-json\/wp\/v2\/types\/post"}],"author":[{"embeddable":true,"href":"http:\/\/caballitotequiero.com.ar\/portal\/wp-json\/wp\/v2\/users\/1"}],"replies":[{"embeddable":true,"href":"http:\/\/caballitotequiero.com.ar\/portal\/wp-json\/wp\/v2\/comments?post=4575"}],"version-history":[{"count":2,"href":"http:\/\/caballitotequiero.com.ar\/portal\/wp-json\/wp\/v2\/posts\/4575\/revisions"}],"predecessor-version":[{"id":4579,"href":"http:\/\/caballitotequiero.com.ar\/portal\/wp-json\/wp\/v2\/posts\/4575\/revisions\/4579"}],"wp:featuredmedia":[{"embeddable":true,"href":"http:\/\/caballitotequiero.com.ar\/portal\/wp-json\/wp\/v2\/media\/4577"}],"wp:attachment":[{"href":"http:\/\/caballitotequiero.com.ar\/portal\/wp-json\/wp\/v2\/media?parent=4575"}],"wp:term":[{"taxonomy":"category","embeddable":true,"href":"http:\/\/caballitotequiero.com.ar\/portal\/wp-json\/wp\/v2\/categories?post=4575"},{"taxonomy":"post_tag","embeddable":true,"href":"http:\/\/caballitotequiero.com.ar\/portal\/wp-json\/wp\/v2\/tags?post=4575"}],"curies":[{"name":"wp","href":"https:\/\/api.w.org\/{rel}","templated":true}]}}