{"id":4580,"date":"2011-11-26T01:50:21","date_gmt":"2011-11-26T04:50:21","guid":{"rendered":"http:\/\/caballitotequiero.com.ar\/portal\/?p=4580"},"modified":"2011-11-26T01:50:21","modified_gmt":"2011-11-26T04:50:21","slug":"horizonte-presenta-un-audiovisual-sobre-plaza-irlanda","status":"publish","type":"post","link":"http:\/\/caballitotequiero.com.ar\/portal\/2011\/11\/26\/horizonte-presenta-un-audiovisual-sobre-plaza-irlanda\/","title":{"rendered":"HORIZONTE PRESENTA UN AUDIOVISUAL SOBRE PLAZA IRLANDA"},"content":{"rendered":"<p>El Pr\u00f3ximo s\u00e1bado 3 de diciembre, a las 18 hs, se presentar\u00e1 un Audiovisual sobre \u00abPlaza Irlanda y alrededores\u00bb. El mismo se proyectar\u00e1 con entrada libre y gratuita en Caballito Shopping Center, Rivadavia 5108, subsuelo.<\/p>\n<p>Podr\u00e1n verse im\u00e1genes antiguas y actuales de ese espacio verde, ubicado sobre el l\u00edmite oeste del barrio de Caballito. Tambi\u00e9n se abordar\u00e1 la historia de sus alrededores y de las diferentes instituciones de la zona.<\/p>\n<p>Al finalizar se repartir\u00e1n ejemplares de \u00abHorizonte La Revista de Caballito\u00bb. Estar\u00e1n a cargo de la charla los directores de esa publicaci\u00f3n; Marina Bussio y H\u00e9ctor N\u00fa\u00f1ez Castro.<\/p>\n<p><img loading=\"lazy\" decoding=\"async\" class=\"alignleft size-full wp-image-4581\" src=\"http:\/\/caballitotequiero.com.ar\/portal\/wp-content\/uploads\/2011\/11\/CHARLA-SHOPPING-PLAZA-IRLANDA.jpg\" alt=\"\" width=\"425\" height=\"840\" \/><\/p>\n","protected":false},"excerpt":{"rendered":"<p>El Pr\u00f3ximo s\u00e1bado 3 de diciembre, a las 18 hs, se presentar\u00e1 un Audiovisual sobre \u00abPlaza Irlanda y alrededores\u00bb. El mismo se proyectar\u00e1 con entrada libre y gratuita en Caballito Shopping Center, Rivadavia 5108, subsuelo. Podr\u00e1n verse im\u00e1genes antiguas y actuales de ese espacio verde, ubicado sobre el l\u00edmite oeste del barrio de Caballito. Tambi\u00e9n [&hellip;]<\/p>\n","protected":false},"author":1,"featured_media":4582,"comment_status":"open","ping_status":"open","sticky":false,"template":"","format":"standard","meta":{"footnotes":""},"categories":[5],"tags":[],"class_list":["post-4580","post","type-post","status-publish","format-standard","has-post-thumbnail","hentry","category-noticias"],"_links":{"self":[{"href":"http:\/\/caballitotequiero.com.ar\/portal\/wp-json\/wp\/v2\/posts\/4580","targetHints":{"allow":["GET"]}}],"collection":[{"href":"http:\/\/caballitotequiero.com.ar\/portal\/wp-json\/wp\/v2\/posts"}],"about":[{"href":"http:\/\/caballitotequiero.com.ar\/portal\/wp-json\/wp\/v2\/types\/post"}],"author":[{"embeddable":true,"href":"http:\/\/caballitotequiero.com.ar\/portal\/wp-json\/wp\/v2\/users\/1"}],"replies":[{"embeddable":true,"href":"http:\/\/caballitotequiero.com.ar\/portal\/wp-json\/wp\/v2\/comments?post=4580"}],"version-history":[{"count":1,"href":"http:\/\/caballitotequiero.com.ar\/portal\/wp-json\/wp\/v2\/posts\/4580\/revisions"}],"predecessor-version":[{"id":4583,"href":"http:\/\/caballitotequiero.com.ar\/portal\/wp-json\/wp\/v2\/posts\/4580\/revisions\/4583"}],"wp:featuredmedia":[{"embeddable":true,"href":"http:\/\/caballitotequiero.com.ar\/portal\/wp-json\/wp\/v2\/media\/4582"}],"wp:attachment":[{"href":"http:\/\/caballitotequiero.com.ar\/portal\/wp-json\/wp\/v2\/media?parent=4580"}],"wp:term":[{"taxonomy":"category","embeddable":true,"href":"http:\/\/caballitotequiero.com.ar\/portal\/wp-json\/wp\/v2\/categories?post=4580"},{"taxonomy":"post_tag","embeddable":true,"href":"http:\/\/caballitotequiero.com.ar\/portal\/wp-json\/wp\/v2\/tags?post=4580"}],"curies":[{"name":"wp","href":"https:\/\/api.w.org\/{rel}","templated":true}]}}